{"id":12286,"date":"2022-08-22T10:23:05","date_gmt":"2022-08-22T08:23:05","guid":{"rendered":"https:\/\/arxxitektura.rs\/?p=12286"},"modified":"2026-02-26T09:20:26","modified_gmt":"2026-02-26T08:20:26","slug":"kula-nebojsa-na-kalemegdanu-spaja-vekove","status":"publish","type":"post","link":"https:\/\/arxxitektura.rs\/en\/kula-nebojsa-na-kalemegdanu-spaja-vekove\/","title":{"rendered":"Belgrade Kalemegdan- Neboj\u0161a Tower joins the centuries"},"content":{"rendered":"<div data-elementor-type=\"wp-post\" data-elementor-id=\"12286\" class=\"elementor elementor-12286\">\n\t\t\t\t\t\t<section class=\"elementor-section elementor-top-section elementor-element elementor-element-eff2ecf elementor-section-full_width elementor-section-height-default elementor-section-height-default qodef-elementor-content-no\" data-id=\"eff2ecf\" data-element_type=\"section\" data-e-type=\"section\">\n\t\t\t\t\t\t<div class=\"elementor-container elementor-column-gap-default\">\n\t\t\t\t\t<div class=\"elementor-column elementor-col-100 elementor-top-column elementor-element elementor-element-3bb1d8d\" data-id=\"3bb1d8d\" data-element_type=\"column\" data-e-type=\"column\">\n\t\t\t<div class=\"elementor-widget-wrap elementor-element-populated\">\n\t\t\t\t\t\t<div class=\"elementor-element elementor-element-275e954 elementor-widget elementor-widget-elipsa_core_dropcaps\" data-id=\"275e954\" data-element_type=\"widget\" data-e-type=\"widget\" data-widget_type=\"elipsa_core_dropcaps.default\">\n\t\t\t\t<div class=\"elementor-widget-container\">\n\t\t\t\t\t<div class=\"qodef-shortcode qodef-m qodef-dropcaps qodef-type--simple\">\n\t<span class=\"qodef-m-letter\" >T<\/span>\n\t\t\t<p class=\"qodef-m-text\" >he Neboj\u0161a Tower is part of the Belgrade Fortress. It was built in the Middle Ages in 1460 with the purpose of a cannon tower. It was the strongest defense during the conquest of Belgrade by the Turkish Ottoman army. After the Turkish army set fire, it managed to conquer Belgrade in 1521.\nThe Kalemegdan Fortress is the trademark of the city of Belgrade, Serbia. The military fort is located on the foundations of Roman remains. <\/p>\n\t<\/div>\t\t\t\t<\/div>\n\t\t\t\t<\/div>\n\t\t\t\t\t<\/div>\n\t\t<\/div>\n\t\t\t\t\t<\/div>\n\t\t<\/section>\n\t\t\t\t<section class=\"elementor-section elementor-top-section elementor-element elementor-element-0d97840 elementor-section-full_width elementor-section-height-default elementor-section-height-default qodef-elementor-content-no\" data-id=\"0d97840\" data-element_type=\"section\" data-e-type=\"section\">\n\t\t\t\t\t\t<div class=\"elementor-container elementor-column-gap-default\">\n\t\t\t\t\t<div class=\"elementor-column elementor-col-100 elementor-top-column elementor-element elementor-element-0e1e806\" data-id=\"0e1e806\" data-element_type=\"column\" data-e-type=\"column\">\n\t\t\t<div class=\"elementor-widget-wrap elementor-element-populated\">\n\t\t\t\t\t\t<div class=\"elementor-element elementor-element-8e0bfd1 elementor-widget elementor-widget-text-editor\" data-id=\"8e0bfd1\" data-element_type=\"widget\" data-e-type=\"widget\" data-widget_type=\"text-editor.default\">\n\t\t\t\t<div class=\"elementor-widget-container\">\n\t\t\t\t\t\t\t\t\t<p><strong>Kalemegdan became a park in 1867 by decree of Prince Mihajlo Obrenovi\u0107. This demilitarization took place after the Turks handed over the keys to the city of Belgrade-Ferman.<\/strong>\u00a0<\/p>\t\t\t\t\t\t\t\t<\/div>\n\t\t\t\t<\/div>\n\t\t\t\t\t<\/div>\n\t\t<\/div>\n\t\t\t\t\t<\/div>\n\t\t<\/section>\n\t\t\t\t<section class=\"elementor-section elementor-top-section elementor-element elementor-element-45462a6 elementor-section-full_width elementor-section-height-default elementor-section-height-default qodef-elementor-content-no\" data-id=\"45462a6\" data-element_type=\"section\" data-e-type=\"section\">\n\t\t\t\t\t\t<div class=\"elementor-container elementor-column-gap-default\">\n\t\t\t\t\t<div class=\"elementor-column elementor-col-100 elementor-top-column elementor-element elementor-element-a48bbe6\" data-id=\"a48bbe6\" data-element_type=\"column\" data-e-type=\"column\">\n\t\t\t<div class=\"elementor-widget-wrap elementor-element-populated\">\n\t\t\t\t\t\t<div class=\"elementor-element elementor-element-13b9bb5 elementor-widget elementor-widget-text-editor\" data-id=\"13b9bb5\" data-element_type=\"widget\" data-e-type=\"widget\" data-widget_type=\"text-editor.default\">\n\t\t\t\t<div class=\"elementor-widget-container\">\n\t\t\t\t\t\t\t\t\t<p>For Belgrade visitors with a short visiting time, The Tower Neboj\u0161a Museum is a quick introduction to the history of Serbia and Belgrade.<\/p><p>This is also the only original medieval remnant of the fortress. It is located in the lower Kalemegdan area.<\/p><p>Jak\u0161i\u0107 Tower, which looks almost the same as Neboj\u0161a's, was demolished during the Austrian rule, and later a copy of it was completely erected. Today there is a cafe and an exhibition space in a medieval setting.<\/p><p>Neboj\u0161a Tower was a dungeon in the 18th and 19th centuries.<\/p>\t\t\t\t\t\t\t\t<\/div>\n\t\t\t\t<\/div>\n\t\t\t\t\t<\/div>\n\t\t<\/div>\n\t\t\t\t\t<\/div>\n\t\t<\/section>\n\t\t\t\t<section class=\"elementor-section elementor-top-section elementor-element elementor-element-712d025 elementor-section-full_width elementor-section-height-default elementor-section-height-default qodef-elementor-content-no\" data-id=\"712d025\" data-element_type=\"section\" data-e-type=\"section\">\n\t\t\t\t\t\t<div class=\"elementor-container elementor-column-gap-default\">\n\t\t\t\t\t<div class=\"elementor-column elementor-col-50 elementor-top-column elementor-element elementor-element-355c034e\" data-id=\"355c034e\" data-element_type=\"column\" data-e-type=\"column\">\n\t\t\t<div class=\"elementor-widget-wrap elementor-element-populated\">\n\t\t\t\t\t\t<div class=\"elementor-element elementor-element-7ab8c73a elementor-widget elementor-widget-image\" data-id=\"7ab8c73a\" data-element_type=\"widget\" data-e-type=\"widget\" data-widget_type=\"image.default\">\n\t\t\t\t<div class=\"elementor-widget-container\">\n\t\t\t\t\t\t\t\t\t\t\t\t<figure class=\"wp-caption\">\n\t\t\t\t\t\t\t\t\t\t<img fetchpriority=\"high\" decoding=\"async\" width=\"1024\" height=\"768\" src=\"https:\/\/arxxitektura.rs\/wp-content\/uploads\/2022\/08\/izgled-Nebojsa-kula-1.jpg\" class=\"attachment-full size-full wp-image-12930\" alt=\"Izgled savremenog anexa Neboj\u0161a kula sa natpisom\" srcset=\"https:\/\/arxxitektura.rs\/wp-content\/uploads\/2022\/08\/izgled-Nebojsa-kula-1.jpg 1024w, https:\/\/arxxitektura.rs\/wp-content\/uploads\/2022\/08\/izgled-Nebojsa-kula-1-300x225.jpg 300w, https:\/\/arxxitektura.rs\/wp-content\/uploads\/2022\/08\/izgled-Nebojsa-kula-1-768x576.jpg 768w\" sizes=\"(max-width: 1024px) 100vw, 1024px\" \/>\t\t\t\t\t\t\t\t\t\t\t<figcaption class=\"widget-image-caption wp-caption-text\">View of the modern Neboj\u0161a's Tower annex with an inscription<\/figcaption>\n\t\t\t\t\t\t\t\t\t\t<\/figure>\n\t\t\t\t\t\t\t\t\t<\/div>\n\t\t\t\t<\/div>\n\t\t\t\t\t<\/div>\n\t\t<\/div>\n\t\t\t\t<div class=\"elementor-column elementor-col-50 elementor-top-column elementor-element elementor-element-2e1f427f\" data-id=\"2e1f427f\" data-element_type=\"column\" data-e-type=\"column\">\n\t\t\t<div class=\"elementor-widget-wrap elementor-element-populated\">\n\t\t\t\t\t\t<div class=\"elementor-element elementor-element-5f5e175a elementor-widget elementor-widget-image\" data-id=\"5f5e175a\" data-element_type=\"widget\" data-e-type=\"widget\" data-widget_type=\"image.default\">\n\t\t\t\t<div class=\"elementor-widget-container\">\n\t\t\t\t\t\t\t\t\t\t\t\t<figure class=\"wp-caption\">\n\t\t\t\t\t\t\t\t\t\t<img decoding=\"async\" width=\"1024\" height=\"768\" src=\"https:\/\/arxxitektura.rs\/wp-content\/uploads\/2022\/08\/dugi-snimak-anexa-i-prizemlja_Moment-1024x768-1.jpg\" class=\"attachment-full size-full wp-image-12911\" alt=\"foaje ulaz u kula Nebojsa\" srcset=\"https:\/\/arxxitektura.rs\/wp-content\/uploads\/2022\/08\/dugi-snimak-anexa-i-prizemlja_Moment-1024x768-1.jpg 1024w, https:\/\/arxxitektura.rs\/wp-content\/uploads\/2022\/08\/dugi-snimak-anexa-i-prizemlja_Moment-1024x768-1-300x225.jpg 300w, https:\/\/arxxitektura.rs\/wp-content\/uploads\/2022\/08\/dugi-snimak-anexa-i-prizemlja_Moment-1024x768-1-768x576.jpg 768w\" sizes=\"(max-width: 1024px) 100vw, 1024px\" \/>\t\t\t\t\t\t\t\t\t\t\t<figcaption class=\"widget-image-caption wp-caption-text\">Neboj\u0161a's Tower annex<\/figcaption>\n\t\t\t\t\t\t\t\t\t\t<\/figure>\n\t\t\t\t\t\t\t\t\t<\/div>\n\t\t\t\t<\/div>\n\t\t\t\t\t<\/div>\n\t\t<\/div>\n\t\t\t\t\t<\/div>\n\t\t<\/section>\n\t\t\t\t<section class=\"elementor-section elementor-top-section elementor-element elementor-element-f0daa3a elementor-section-boxed elementor-section-height-default elementor-section-height-default qodef-elementor-content-no\" data-id=\"f0daa3a\" data-element_type=\"section\" data-e-type=\"section\">\n\t\t\t\t\t\t<div class=\"elementor-container elementor-column-gap-default\">\n\t\t\t\t\t<div class=\"elementor-column elementor-col-100 elementor-top-column elementor-element elementor-element-6b014ca\" data-id=\"6b014ca\" data-element_type=\"column\" data-e-type=\"column\">\n\t\t\t<div class=\"elementor-widget-wrap elementor-element-populated\">\n\t\t\t\t\t\t<div class=\"elementor-element elementor-element-9e89ed8 elementor-widget elementor-widget-heading\" data-id=\"9e89ed8\" data-element_type=\"widget\" data-e-type=\"widget\" data-widget_type=\"heading.default\">\n\t\t\t\t<div class=\"elementor-widget-container\">\n\t\t\t\t\t<h3 class=\"elementor-heading-title elementor-size-default\">Neboj\u0161a Tower Serbian-Greek joint project<\/h3>\t\t\t\t<\/div>\n\t\t\t\t<\/div>\n\t\t\t\t\t<\/div>\n\t\t<\/div>\n\t\t\t\t\t<\/div>\n\t\t<\/section>\n\t\t\t\t<section class=\"elementor-section elementor-top-section elementor-element elementor-element-7819274 elementor-section-full_width elementor-section-height-default elementor-section-height-default qodef-elementor-content-no\" data-id=\"7819274\" data-element_type=\"section\" data-e-type=\"section\">\n\t\t\t\t\t\t<div class=\"elementor-container elementor-column-gap-default\">\n\t\t\t\t\t<div class=\"elementor-column elementor-col-100 elementor-top-column elementor-element elementor-element-878365a\" data-id=\"878365a\" data-element_type=\"column\" data-e-type=\"column\">\n\t\t\t<div class=\"elementor-widget-wrap elementor-element-populated\">\n\t\t\t\t\t\t<div class=\"elementor-element elementor-element-9b370c9 elementor-widget elementor-widget-text-editor\" data-id=\"9b370c9\" data-element_type=\"widget\" data-e-type=\"widget\" data-widget_type=\"text-editor.default\">\n\t\t\t\t<div class=\"elementor-widget-container\">\n\t\t\t\t\t\t\t\t\t<p>The second floor of the tower's exhibition space is dedicated to the most famous prisoner beside Jevrem Obrenovi\u0107 (the brother of Knez- King Milo\u0161 Obrenovi\u0107). The famous Greek revolutionary Rigas Feraios or Riga Velestin was executed here. The works that made this writer, chronicler, politician, and revolutionary famous on the territory of Greece and the Balkans and dangerous for the Ottoman Empire were presented. The charters or maps of the Balkan Peninsula and Greece represented the desired state of Greece outside the framework of the Ottoman Empire. The Greek Enlightenment movement in which he was active led to the Balkan uprising against the Ottoman Empire.<\/p><p>In 2007. in memory of Rigas Feraios, the revitalization and reconstruction process began in cooperation with the Greek Parliament.<\/p>\t\t\t\t\t\t\t\t<\/div>\n\t\t\t\t<\/div>\n\t\t\t\t\t<\/div>\n\t\t<\/div>\n\t\t\t\t\t<\/div>\n\t\t<\/section>\n\t\t\t\t<section class=\"elementor-section elementor-top-section elementor-element elementor-element-85705f8 elementor-section-boxed elementor-section-height-default elementor-section-height-default qodef-elementor-content-no\" data-id=\"85705f8\" data-element_type=\"section\" data-e-type=\"section\">\n\t\t\t\t\t\t<div class=\"elementor-container elementor-column-gap-default\">\n\t\t\t\t\t<div class=\"elementor-column elementor-col-100 elementor-top-column elementor-element elementor-element-6766d80\" data-id=\"6766d80\" data-element_type=\"column\" data-e-type=\"column\">\n\t\t\t<div class=\"elementor-widget-wrap elementor-element-populated\">\n\t\t\t\t\t\t<div class=\"elementor-element elementor-element-319dd5f elementor-widget elementor-widget-heading\" data-id=\"319dd5f\" data-element_type=\"widget\" data-e-type=\"widget\" data-widget_type=\"heading.default\">\n\t\t\t\t<div class=\"elementor-widget-container\">\n\t\t\t\t\t<h3 class=\"elementor-heading-title elementor-size-default\">Authors of contemporary reconstruction in contrast <\/h3>\t\t\t\t<\/div>\n\t\t\t\t<\/div>\n\t\t\t\t\t<\/div>\n\t\t<\/div>\n\t\t\t\t\t<\/div>\n\t\t<\/section>\n\t\t\t\t<section class=\"elementor-section elementor-top-section elementor-element elementor-element-dbb987f elementor-section-boxed elementor-section-height-default elementor-section-height-default qodef-elementor-content-no\" data-id=\"dbb987f\" data-element_type=\"section\" data-e-type=\"section\">\n\t\t\t\t\t\t<div class=\"elementor-container elementor-column-gap-default\">\n\t\t\t\t\t<div class=\"elementor-column elementor-col-100 elementor-top-column elementor-element elementor-element-980d804\" data-id=\"980d804\" data-element_type=\"column\" data-e-type=\"column\">\n\t\t\t<div class=\"elementor-widget-wrap elementor-element-populated\">\n\t\t\t\t\t\t<div class=\"elementor-element elementor-element-e1aff34 elementor-widget elementor-widget-text-editor\" data-id=\"e1aff34\" data-element_type=\"widget\" data-e-type=\"widget\" data-widget_type=\"text-editor.default\">\n\t\t\t\t<div class=\"elementor-widget-container\">\n\t\t\t\t\t\t\t\t\t<p>Meet the authors of reconstruction and revitalization - Arch. Jovan Mitrovi\u0107 and Arch. Dejan Miljkovi\u0107.<\/p><p>Mitrovi\u0107 - studio LFG with a large number of awards, is the author of the monograph Architectural Heritage of the 20th Century in Serbia. The latest project is the Aria building in the Belgrade Waterfront complex.<\/p><p>He often collaborates on projects together with Arch. Dejan Miljkovi\u0107, who received a Lifetime Achievement Award in 2019. Miljkovi\u0107 is famous for the reconstruction project of Belgrade's Yugoslav Drama Theater. He was a member of the design team.<\/p><p>Interestingly, the sculpture placed in the foyer of the Yugoslav Drama Theater is the work of the sculptor Mrdjan Baji\u0107. His latest work (from 2020.) is close to the Neboj\u0161a Tower.<\/p>\t\t\t\t\t\t\t\t<\/div>\n\t\t\t\t<\/div>\n\t\t\t\t\t<\/div>\n\t\t<\/div>\n\t\t\t\t\t<\/div>\n\t\t<\/section>\n\t\t\t\t<section class=\"elementor-section elementor-top-section elementor-element elementor-element-5d1c98e elementor-section-boxed elementor-section-height-default elementor-section-height-default qodef-elementor-content-no\" data-id=\"5d1c98e\" data-element_type=\"section\" data-e-type=\"section\">\n\t\t\t\t\t\t<div class=\"elementor-container elementor-column-gap-default\">\n\t\t\t\t\t<div class=\"elementor-column elementor-col-100 elementor-top-column elementor-element elementor-element-18234c2\" data-id=\"18234c2\" data-element_type=\"column\" data-e-type=\"column\">\n\t\t\t<div class=\"elementor-widget-wrap elementor-element-populated\">\n\t\t\t\t\t\t<div class=\"elementor-element elementor-element-f4c2ea2 elementor-widget elementor-widget-heading\" data-id=\"f4c2ea2\" data-element_type=\"widget\" data-e-type=\"widget\" data-widget_type=\"heading.default\">\n\t\t\t\t<div class=\"elementor-widget-container\">\n\t\t\t\t\t<h3 class=\"elementor-heading-title elementor-size-default\">Materials in contrast<\/h3>\t\t\t\t<\/div>\n\t\t\t\t<\/div>\n\t\t\t\t\t<\/div>\n\t\t<\/div>\n\t\t\t\t\t<\/div>\n\t\t<\/section>\n\t\t\t\t<section class=\"elementor-section elementor-top-section elementor-element elementor-element-1828a94 elementor-section-boxed elementor-section-height-default elementor-section-height-default qodef-elementor-content-no\" data-id=\"1828a94\" data-element_type=\"section\" data-e-type=\"section\">\n\t\t\t\t\t\t<div class=\"elementor-container elementor-column-gap-default\">\n\t\t\t\t\t<div class=\"elementor-column elementor-col-100 elementor-top-column elementor-element elementor-element-16dc6c8\" data-id=\"16dc6c8\" data-element_type=\"column\" data-e-type=\"column\">\n\t\t\t<div class=\"elementor-widget-wrap elementor-element-populated\">\n\t\t\t\t\t\t<div class=\"elementor-element elementor-element-960e374 elementor-widget elementor-widget-text-editor\" data-id=\"960e374\" data-element_type=\"widget\" data-e-type=\"widget\" data-widget_type=\"text-editor.default\">\n\t\t\t\t<div class=\"elementor-widget-container\">\n\t\t\t\t\t\t\t\t\t<p>The materials used for the modern annex are a contrast to the original traditional materials - brick and stone. Concrete and large glass panels bring the contemporary spirit.<\/p><p>Large concrete canvases create a sense of modern fortress and power.<\/p><p>In addition, they have an important function of soil stabilization and defense against underground water.<\/p><p>The emphasis in the new building is on the so-called fifth facade, i.e. the glass roof (lantern). It opens the view to the tower for visitors who are inside the building. In this way, the views from the open and closed areas around the tower are almost equal.<\/p><p>This annex represents the formal foyer, the entrance to the historical building. In addition, on the other side, it provides access to the open gallery space. Thus, the Neboj\u0161a Tower was transformed into a gallery and event space as needed.<\/p>\t\t\t\t\t\t\t\t<\/div>\n\t\t\t\t<\/div>\n\t\t\t\t\t<\/div>\n\t\t<\/div>\n\t\t\t\t\t<\/div>\n\t\t<\/section>\n\t\t\t\t<section class=\"elementor-section elementor-top-section elementor-element elementor-element-4dc06d7 elementor-section-boxed elementor-section-height-default elementor-section-height-default qodef-elementor-content-no\" data-id=\"4dc06d7\" data-element_type=\"section\" data-e-type=\"section\">\n\t\t\t\t\t\t<div class=\"elementor-container elementor-column-gap-default\">\n\t\t\t\t\t<div class=\"elementor-column elementor-col-100 elementor-top-column elementor-element elementor-element-dfd95d6\" data-id=\"dfd95d6\" data-element_type=\"column\" data-e-type=\"column\">\n\t\t\t<div class=\"elementor-widget-wrap elementor-element-populated\">\n\t\t\t\t\t\t<div class=\"elementor-element elementor-element-6af53c3 elementor-widget elementor-widget-heading\" data-id=\"6af53c3\" data-element_type=\"widget\" data-e-type=\"widget\" data-widget_type=\"heading.default\">\n\t\t\t\t<div class=\"elementor-widget-container\">\n\t\t\t\t\t<h3 class=\"elementor-heading-title elementor-size-default\">Neboj\u0161a Tower - scenographic approach to revitalization<\/h3>\t\t\t\t<\/div>\n\t\t\t\t<\/div>\n\t\t\t\t\t<\/div>\n\t\t<\/div>\n\t\t\t\t\t<\/div>\n\t\t<\/section>\n\t\t\t\t<section class=\"elementor-section elementor-top-section elementor-element elementor-element-9caba0c elementor-section-boxed elementor-section-height-default elementor-section-height-default qodef-elementor-content-no\" data-id=\"9caba0c\" data-element_type=\"section\" data-e-type=\"section\">\n\t\t\t\t\t\t<div class=\"elementor-container elementor-column-gap-default\">\n\t\t\t\t\t<div class=\"elementor-column elementor-col-100 elementor-top-column elementor-element elementor-element-41852df\" data-id=\"41852df\" data-element_type=\"column\" data-e-type=\"column\">\n\t\t\t<div class=\"elementor-widget-wrap elementor-element-populated\">\n\t\t\t\t\t\t<div class=\"elementor-element elementor-element-bd557ea elementor-widget elementor-widget-video\" data-id=\"bd557ea\" data-element_type=\"widget\" data-e-type=\"widget\" data-settings=\"{&quot;youtube_url&quot;:&quot;https:\\\/\\\/youtu.be\\\/bdx7Z1665dw&quot;,&quot;video_type&quot;:&quot;youtube&quot;,&quot;controls&quot;:&quot;yes&quot;}\" data-widget_type=\"video.default\">\n\t\t\t\t<div class=\"elementor-widget-container\">\n\t\t\t\t\t\t\t<div class=\"elementor-wrapper elementor-open-inline\">\n\t\t\t<div class=\"elementor-video\"><\/div>\t\t<\/div>\n\t\t\t\t\t\t<\/div>\n\t\t\t\t<\/div>\n\t\t\t\t\t<\/div>\n\t\t<\/div>\n\t\t\t\t\t<\/div>\n\t\t<\/section>\n\t\t\t\t<section class=\"elementor-section elementor-top-section elementor-element elementor-element-9415160 elementor-section-full_width elementor-section-height-default elementor-section-height-default qodef-elementor-content-no\" data-id=\"9415160\" data-element_type=\"section\" data-e-type=\"section\">\n\t\t\t\t\t\t<div class=\"elementor-container elementor-column-gap-default\">\n\t\t\t\t\t<div class=\"elementor-column elementor-col-100 elementor-top-column elementor-element elementor-element-89ea565\" data-id=\"89ea565\" data-element_type=\"column\" data-e-type=\"column\">\n\t\t\t<div class=\"elementor-widget-wrap elementor-element-populated\">\n\t\t\t\t\t\t<div class=\"elementor-element elementor-element-1b2a2b8 elementor-widget elementor-widget-text-editor\" data-id=\"1b2a2b8\" data-element_type=\"widget\" data-e-type=\"widget\" data-widget_type=\"text-editor.default\">\n\t\t\t\t<div class=\"elementor-widget-container\">\n\t\t\t\t\t\t\t\t\t<p>The co-author of this project, who is responsible for setting up the exhibition, is Branko Pavi\u0107, a graphic artist and a professor at the Faculty of Architecture, University of Belgrade. In addition, he teaches the Design of non-theatrical spectacles.<\/p><p>The media art installation on the ground floor, a former dungeon, consists of optical lenses. This creates a special atmosphere saturated with information displayed in the latest technology. It directs you to slow down and focus on the details. The game of semi-transparency and distortions creates a mystical atmosphere with the help of red lighting. The monitors show us the actual casualties that happened in this space. The latest technologies transpose them into the present and thus make them eternally relevant.<\/p><p>Decomposing the space with an optical illusion- in the form of media art brings this exhibition of the museum to the very top of the contemporary art scene.<\/p><p>On the 3rd floor, the installation relies on a traditional optical illusion - a kaleidoscope. This is an artisanal solution, but no less interesting than the ground floor. It is most interesting to the youngest audience because it resembles traditional toys.<\/p><p>The contrast is achieved between the original stone walls shiny mirrors and stainless steel frames. They multiply the daylight with two smaller windows. The depiction of the wartime landscape is in the form of vintage graphics.<\/p>\t\t\t\t\t\t\t\t<\/div>\n\t\t\t\t<\/div>\n\t\t\t\t\t<\/div>\n\t\t<\/div>\n\t\t\t\t\t<\/div>\n\t\t<\/section>\n\t\t\t\t<section class=\"elementor-section elementor-top-section elementor-element elementor-element-fac7375 elementor-section-boxed elementor-section-height-default elementor-section-height-default qodef-elementor-content-no\" data-id=\"fac7375\" data-element_type=\"section\" data-e-type=\"section\">\n\t\t\t\t\t\t<div class=\"elementor-container elementor-column-gap-default\">\n\t\t\t\t\t<div class=\"elementor-column elementor-col-100 elementor-top-column elementor-element elementor-element-9b199c6\" data-id=\"9b199c6\" data-element_type=\"column\" data-e-type=\"column\">\n\t\t\t<div class=\"elementor-widget-wrap elementor-element-populated\">\n\t\t\t\t\t\t<div class=\"elementor-element elementor-element-af547d1 elementor-widget elementor-widget-heading\" data-id=\"af547d1\" data-element_type=\"widget\" data-e-type=\"widget\" data-widget_type=\"heading.default\">\n\t\t\t\t<div class=\"elementor-widget-container\">\n\t\t\t\t\t<h3 class=\"elementor-heading-title elementor-size-default\">The Neboj\u0161a Tower represents a prophecy on the fourth floor <\/h3>\t\t\t\t<\/div>\n\t\t\t\t<\/div>\n\t\t\t\t\t<\/div>\n\t\t<\/div>\n\t\t\t\t\t<\/div>\n\t\t<\/section>\n\t\t\t\t<section class=\"elementor-section elementor-top-section elementor-element elementor-element-0fb11f9 elementor-section-full_width elementor-section-height-default elementor-section-height-default qodef-elementor-content-no\" data-id=\"0fb11f9\" data-element_type=\"section\" data-e-type=\"section\">\n\t\t\t\t\t\t<div class=\"elementor-container elementor-column-gap-default\">\n\t\t\t\t\t<div class=\"elementor-column elementor-col-100 elementor-top-column elementor-element elementor-element-8e60daa\" data-id=\"8e60daa\" data-element_type=\"column\" data-e-type=\"column\">\n\t\t\t<div class=\"elementor-widget-wrap elementor-element-populated\">\n\t\t\t\t\t\t<div class=\"elementor-element elementor-element-193fe77 elementor-widget elementor-widget-text-editor\" data-id=\"193fe77\" data-element_type=\"widget\" data-e-type=\"widget\" data-widget_type=\"text-editor.default\">\n\t\t\t\t<div class=\"elementor-widget-container\">\n\t\t\t\t\t\t\t\t\t<p>Nebojsa Tower on the fourth floor offers an ambient zone. Here we are shown different stages in the development of Kalemegdan up to the present day through old postcards.<\/p><p>Insert from the first Serbian film from 1911. \"The Life and Works of the Immortal Chieftain Karadjordje\" or simply Karadjordje. The film was found in the Austrian Cinematheque in 2003. and restored. This particularly underscores the importance of selecting media art as appropriate for knowledge transfer and narrative.<\/p><p>The insert shows a scene from the folk song Beginning of the Rebellion against Dahi (the rulers). It describes a prophecy that the Turkish rulers saw while looking into a glass pan filled with water from the Danube. In that prophecy, they learned that none of them would survive the rebellion. Casserole - a symbol of gazing into the future is located in the center of the space.<\/p>\t\t\t\t\t\t\t\t<\/div>\n\t\t\t\t<\/div>\n\t\t\t\t\t<\/div>\n\t\t<\/div>\n\t\t\t\t\t<\/div>\n\t\t<\/section>\n\t\t\t\t<section class=\"elementor-section elementor-top-section elementor-element elementor-element-bc468cd elementor-section-boxed elementor-section-height-default elementor-section-height-default qodef-elementor-content-no\" data-id=\"bc468cd\" data-element_type=\"section\" data-e-type=\"section\">\n\t\t\t\t\t\t<div class=\"elementor-container elementor-column-gap-default\">\n\t\t\t\t\t<div class=\"elementor-column elementor-col-100 elementor-top-column elementor-element elementor-element-3614944\" data-id=\"3614944\" data-element_type=\"column\" data-e-type=\"column\">\n\t\t\t<div class=\"elementor-widget-wrap elementor-element-populated\">\n\t\t\t\t\t\t<div class=\"elementor-element elementor-element-25c2815 elementor-widget elementor-widget-heading\" data-id=\"25c2815\" data-element_type=\"widget\" data-e-type=\"widget\" data-widget_type=\"heading.default\">\n\t\t\t\t<div class=\"elementor-widget-container\">\n\t\t\t\t\t<h3 class=\"elementor-heading-title elementor-size-default\">Contemporary Art vs Heritage<\/h3>\t\t\t\t<\/div>\n\t\t\t\t<\/div>\n\t\t\t\t\t<\/div>\n\t\t<\/div>\n\t\t\t\t\t<\/div>\n\t\t<\/section>\n\t\t\t\t<section class=\"elementor-section elementor-top-section elementor-element elementor-element-1326563 elementor-section-boxed elementor-section-height-default elementor-section-height-default qodef-elementor-content-no\" data-id=\"1326563\" data-element_type=\"section\" data-e-type=\"section\">\n\t\t\t\t\t\t<div class=\"elementor-container elementor-column-gap-default\">\n\t\t\t\t\t<div class=\"elementor-column elementor-col-100 elementor-top-column elementor-element elementor-element-6e015be\" data-id=\"6e015be\" data-element_type=\"column\" data-e-type=\"column\">\n\t\t\t<div class=\"elementor-widget-wrap elementor-element-populated\">\n\t\t\t\t\t\t<div class=\"elementor-element elementor-element-9677bf1 elementor-widget elementor-widget-text-editor\" data-id=\"9677bf1\" data-element_type=\"widget\" data-e-type=\"widget\" data-widget_type=\"text-editor.default\">\n\t\t\t\t<div class=\"elementor-widget-container\">\n\t\t\t\t\t\t\t\t\t<p>The task of contemporary art is to use and put into use the latest materials and technologies in addition to new ideas. In this way, the testimony of our time is created.<\/p><p>Parallel to this media art installation by Branko Pavi\u0107, is the work of the famous French artist Vincent Leroy. His kinetic sculptures are composed of similar optical lenses. They were exhibited in Venice, Paris, and various parts of the world. He called his installation a \"Slow motion lens\" because it slows down the view. A modern detail that changes the image of things we are used to.<\/p>\t\t\t\t\t\t\t\t<\/div>\n\t\t\t\t<\/div>\n\t\t\t\t\t<\/div>\n\t\t<\/div>\n\t\t\t\t\t<\/div>\n\t\t<\/section>\n\t\t\t\t<section class=\"elementor-section elementor-top-section elementor-element elementor-element-e45eb47 elementor-section-boxed elementor-section-height-default elementor-section-height-default qodef-elementor-content-no\" data-id=\"e45eb47\" data-element_type=\"section\" data-e-type=\"section\">\n\t\t\t\t\t\t<div class=\"elementor-container elementor-column-gap-default\">\n\t\t\t\t\t<div class=\"elementor-column elementor-col-100 elementor-top-column elementor-element elementor-element-4f7c05a\" data-id=\"4f7c05a\" data-element_type=\"column\" data-e-type=\"column\">\n\t\t\t<div class=\"elementor-widget-wrap elementor-element-populated\">\n\t\t\t\t\t\t<div class=\"elementor-element elementor-element-681170f elementor-widget elementor-widget-heading\" data-id=\"681170f\" data-element_type=\"widget\" data-e-type=\"widget\" data-widget_type=\"heading.default\">\n\t\t\t\t<div class=\"elementor-widget-container\">\n\t\t\t\t\t<h3 class=\"elementor-heading-title elementor-size-default\">Modern sculpture as a contrast in the area of Kalemegdan<\/h3>\t\t\t\t<\/div>\n\t\t\t\t<\/div>\n\t\t\t\t\t<\/div>\n\t\t<\/div>\n\t\t\t\t\t<\/div>\n\t\t<\/section>\n\t\t\t\t<section class=\"elementor-section elementor-top-section elementor-element elementor-element-4f63020 elementor-section-boxed elementor-section-height-default elementor-section-height-default qodef-elementor-content-no\" data-id=\"4f63020\" data-element_type=\"section\" data-e-type=\"section\">\n\t\t\t\t\t\t<div class=\"elementor-container elementor-column-gap-default\">\n\t\t\t\t\t<div class=\"elementor-column elementor-col-100 elementor-top-column elementor-element elementor-element-578cc16\" data-id=\"578cc16\" data-element_type=\"column\" data-e-type=\"column\">\n\t\t\t<div class=\"elementor-widget-wrap elementor-element-populated\">\n\t\t\t\t\t\t<div class=\"elementor-element elementor-element-3d08446 elementor-widget elementor-widget-text-editor\" data-id=\"3d08446\" data-element_type=\"widget\" data-e-type=\"widget\" data-widget_type=\"text-editor.default\">\n\t\t\t\t<div class=\"elementor-widget-container\">\n\t\t\t\t\t\t\t\t\t<p>Kalemegdan is a park where ancient and medieval artifacts, as well as works of modern sculptors and artists, have found their place. It is a true example of a geological approach, that is, of spontaneously leaving traces of time.<\/p><p><strong><a href=\"https:\/\/arxxitektura.rs\/en\/ivan-mestrovic-vajar-arhitekta-vidovdanskog-hrama\/\" target=\"_blank\" rel=\"noopener\">Monument to the Victory by the sculptor Ivan Me\u0161trovi\u0107<\/a><\/strong> raised in 1928. It is the symbol of the city of Belgrade, the Monument of Gratitude to France in 1930. it is placed in the central position of the pedestrian zone of the park. One of his lesser-known sculptures of the Sphinx, intended for the unbuilt Vidovdan Temple, can also be seen.<\/p><p>The monument Place of Surrender of the Ferman (the keys of Belgrade) was created according to a drawing by Adam Stefanovi\u0107, the author of the painting Kosovo Battle, probably the most famous in Serbian culture. The sculptor who executed his drawing in stone is Mihailo Paunovi\u0107.<\/p><p>The monument to the Despot Stefan Lazarevi\u0107 the sculptor Neboj\u0161a Mitri\u0107 erected around 1980. This sculptor is best known for the design of the cross for the domes of the Church of St. Sava in Belgrade. It is also known that due to inappropriate and amateurish criticism of the political group in power, he committed suicide in 1989 on the occasion of this design.<\/p><p>The latest sculpture in this Belgrade Timeline is a sculpture by two famous sculptors. Richard Dickon and Mrdjan Baji\u0107 built a curvilinear footbridge as a contrast to the distinctly straight and sharp-angled ramparts of the Belgrade Fortress. It was opened in 2020.<\/p>\t\t\t\t\t\t\t\t<\/div>\n\t\t\t\t<\/div>\n\t\t\t\t\t<\/div>\n\t\t<\/div>\n\t\t\t\t\t<\/div>\n\t\t<\/section>\n\t\t\t\t<\/div>","protected":false},"excerpt":{"rendered":"<p>Muzej Kula Neboj\u0161a predstavlja kratak uvod u istoriju Srbije i Beograda. Poznate \u010dinjenice interpretirane su u savremenim tehnologijama.<\/p>","protected":false},"author":1,"featured_media":12905,"comment_status":"closed","ping_status":"open","sticky":true,"template":"","format":"gallery","meta":{"_jetpack_newsletter_access":"","_jetpack_dont_email_post_to_subs":false,"_jetpack_newsletter_tier_id":0,"_jetpack_memberships_contains_paywalled_content":false,"_jetpack_memberships_contains_paid_content":false,"footnotes":""},"categories":[26],"tags":[101],"class_list":["post-12286","post","type-post","status-publish","format-gallery","has-post-thumbnail","hentry","category-srbija-balkan","tag-beograd","post_format-post-format-gallery"],"yoast_head":"<!-- This site is optimized with the Yoast SEO plugin v28.4 - https:\/\/yoast.com\/product\/yoast-seo-wordpress\/ -->\n<title>Kula Neboj\u0161a na Kalemegdanu spaja vekove &#8902; ARXXITEKTURA<\/title>\n<meta name=\"description\" content=\"Muzej Kula Neboj\u0161a predstavlja kratak uvod u istoriju Srbije i Beograda. Poznate \u010dinjenice interpretirane su u savremenim tehnologijama.\" \/>\n<meta name=\"robots\" content=\"index, follow, max-snippet:-1, max-image-preview:large, max-video-preview:-1\" \/>\n<link rel=\"canonical\" href=\"https:\/\/arxxitektura.rs\/en\/kula-nebojsa-na-kalemegdanu-spaja-vekove\/\" \/>\n<meta property=\"og:locale\" content=\"en_US\" \/>\n<meta property=\"og:type\" content=\"article\" \/>\n<meta property=\"og:title\" content=\"Kula Neboj\u0161a na Kalemegdanu spaja vekove &#8902; ARXXITEKTURA\" \/>\n<meta property=\"og:description\" content=\"Muzej Kula Neboj\u0161a predstavlja kratak uvod u istoriju Srbije i Beograda. Poznate \u010dinjenice interpretirane su u savremenim tehnologijama.\" \/>\n<meta property=\"og:url\" content=\"https:\/\/arxxitektura.rs\/en\/kula-nebojsa-na-kalemegdanu-spaja-vekove\/\" \/>\n<meta property=\"og:site_name\" content=\"ARXXITEKTURA\" \/>\n<meta property=\"article:published_time\" content=\"2022-08-22T08:23:05+00:00\" \/>\n<meta property=\"article:modified_time\" content=\"2026-02-26T08:20:26+00:00\" \/>\n<meta property=\"og:image\" content=\"https:\/\/arxxitektura.rs\/wp-content\/uploads\/2022\/08\/kula-Nebojsa-u-cvecu.jpg\" \/>\n\t<meta property=\"og:image:width\" content=\"1300\" \/>\n\t<meta property=\"og:image:height\" content=\"853\" \/>\n\t<meta property=\"og:image:type\" content=\"image\/jpeg\" \/>\n<meta name=\"author\" content=\"arxxi_admin\" \/>\n<meta name=\"twitter:card\" content=\"summary_large_image\" \/>\n<meta name=\"twitter:label1\" content=\"Written by\" \/>\n\t<meta name=\"twitter:data1\" content=\"arxxi_admin\" \/>\n\t<meta name=\"twitter:label2\" content=\"Est. reading time\" \/>\n\t<meta name=\"twitter:data2\" content=\"4 minutes\" \/>\n<script type=\"application\/ld+json\" class=\"yoast-schema-graph\">{\"@context\":\"https:\\\/\\\/schema.org\",\"@graph\":[{\"@type\":\"Article\",\"@id\":\"https:\\\/\\\/arxxitektura.rs\\\/kula-nebojsa-na-kalemegdanu-spaja-vekove\\\/#article\",\"isPartOf\":{\"@id\":\"https:\\\/\\\/arxxitektura.rs\\\/kula-nebojsa-na-kalemegdanu-spaja-vekove\\\/\"},\"author\":{\"name\":\"arxxi_admin\",\"@id\":\"https:\\\/\\\/arxxitektura.rs\\\/#\\\/schema\\\/person\\\/4d705f725a59e45c7211c1b818ba95c1\"},\"headline\":\"Kula Neboj\u0161a na Kalemegdanu spaja vekove\",\"datePublished\":\"2022-08-22T08:23:05+00:00\",\"dateModified\":\"2026-02-26T08:20:26+00:00\",\"mainEntityOfPage\":{\"@id\":\"https:\\\/\\\/arxxitektura.rs\\\/kula-nebojsa-na-kalemegdanu-spaja-vekove\\\/\"},\"wordCount\":1210,\"publisher\":{\"@id\":\"https:\\\/\\\/arxxitektura.rs\\\/#\\\/schema\\\/person\\\/4d705f725a59e45c7211c1b818ba95c1\"},\"image\":{\"@id\":\"https:\\\/\\\/arxxitektura.rs\\\/kula-nebojsa-na-kalemegdanu-spaja-vekove\\\/#primaryimage\"},\"thumbnailUrl\":\"https:\\\/\\\/arxxitektura.rs\\\/wp-content\\\/uploads\\\/2022\\\/08\\\/kula-Nebojsa-u-cvecu.jpg\",\"keywords\":[\"Beograd\"],\"articleSection\":[\"Srbija Balkan\"],\"inLanguage\":\"en-US\"},{\"@type\":\"WebPage\",\"@id\":\"https:\\\/\\\/arxxitektura.rs\\\/kula-nebojsa-na-kalemegdanu-spaja-vekove\\\/\",\"url\":\"https:\\\/\\\/arxxitektura.rs\\\/kula-nebojsa-na-kalemegdanu-spaja-vekove\\\/\",\"name\":\"Kula Neboj\u0161a na Kalemegdanu spaja vekove &#8902; ARXXITEKTURA\",\"isPartOf\":{\"@id\":\"https:\\\/\\\/arxxitektura.rs\\\/#website\"},\"primaryImageOfPage\":{\"@id\":\"https:\\\/\\\/arxxitektura.rs\\\/kula-nebojsa-na-kalemegdanu-spaja-vekove\\\/#primaryimage\"},\"image\":{\"@id\":\"https:\\\/\\\/arxxitektura.rs\\\/kula-nebojsa-na-kalemegdanu-spaja-vekove\\\/#primaryimage\"},\"thumbnailUrl\":\"https:\\\/\\\/arxxitektura.rs\\\/wp-content\\\/uploads\\\/2022\\\/08\\\/kula-Nebojsa-u-cvecu.jpg\",\"datePublished\":\"2022-08-22T08:23:05+00:00\",\"dateModified\":\"2026-02-26T08:20:26+00:00\",\"description\":\"Muzej Kula Neboj\u0161a predstavlja kratak uvod u istoriju Srbije i Beograda. Poznate \u010dinjenice interpretirane su u savremenim tehnologijama.\",\"breadcrumb\":{\"@id\":\"https:\\\/\\\/arxxitektura.rs\\\/kula-nebojsa-na-kalemegdanu-spaja-vekove\\\/#breadcrumb\"},\"inLanguage\":\"en-US\",\"potentialAction\":[{\"@type\":\"ReadAction\",\"target\":[\"https:\\\/\\\/arxxitektura.rs\\\/kula-nebojsa-na-kalemegdanu-spaja-vekove\\\/\"]}]},{\"@type\":\"ImageObject\",\"inLanguage\":\"en-US\",\"@id\":\"https:\\\/\\\/arxxitektura.rs\\\/kula-nebojsa-na-kalemegdanu-spaja-vekove\\\/#primaryimage\",\"url\":\"https:\\\/\\\/arxxitektura.rs\\\/wp-content\\\/uploads\\\/2022\\\/08\\\/kula-Nebojsa-u-cvecu.jpg\",\"contentUrl\":\"https:\\\/\\\/arxxitektura.rs\\\/wp-content\\\/uploads\\\/2022\\\/08\\\/kula-Nebojsa-u-cvecu.jpg\",\"width\":1300,\"height\":853,\"caption\":\"Kula Neboj\u0161a sa obale Dunava\"},{\"@type\":\"BreadcrumbList\",\"@id\":\"https:\\\/\\\/arxxitektura.rs\\\/kula-nebojsa-na-kalemegdanu-spaja-vekove\\\/#breadcrumb\",\"itemListElement\":[{\"@type\":\"ListItem\",\"position\":1,\"name\":\"Home\",\"item\":\"https:\\\/\\\/arxxitektura.rs\\\/\"},{\"@type\":\"ListItem\",\"position\":2,\"name\":\"Kula Neboj\u0161a na Kalemegdanu spaja vekove\"}]},{\"@type\":\"WebSite\",\"@id\":\"https:\\\/\\\/arxxitektura.rs\\\/#website\",\"url\":\"https:\\\/\\\/arxxitektura.rs\\\/\",\"name\":\"ARXXITEKTURA\",\"description\":\"Blog  Umetnost Kontrasta\",\"publisher\":{\"@id\":\"https:\\\/\\\/arxxitektura.rs\\\/#\\\/schema\\\/person\\\/4d705f725a59e45c7211c1b818ba95c1\"},\"potentialAction\":[{\"@type\":\"SearchAction\",\"target\":{\"@type\":\"EntryPoint\",\"urlTemplate\":\"https:\\\/\\\/arxxitektura.rs\\\/?s={search_term_string}\"},\"query-input\":{\"@type\":\"PropertyValueSpecification\",\"valueRequired\":true,\"valueName\":\"search_term_string\"}}],\"inLanguage\":\"en-US\"},{\"@type\":[\"Person\",\"Organization\"],\"@id\":\"https:\\\/\\\/arxxitektura.rs\\\/#\\\/schema\\\/person\\\/4d705f725a59e45c7211c1b818ba95c1\",\"name\":\"arxxi_admin\",\"image\":{\"@type\":\"ImageObject\",\"inLanguage\":\"en-US\",\"@id\":\"https:\\\/\\\/arxxitektura.rs\\\/wp-content\\\/uploads\\\/2021\\\/06\\\/portret-za-avatar.jpg\",\"url\":\"https:\\\/\\\/arxxitektura.rs\\\/wp-content\\\/uploads\\\/2021\\\/06\\\/portret-za-avatar.jpg\",\"contentUrl\":\"https:\\\/\\\/arxxitektura.rs\\\/wp-content\\\/uploads\\\/2021\\\/06\\\/portret-za-avatar.jpg\",\"width\":281,\"height\":500,\"caption\":\"arxxi_admin\"},\"logo\":{\"@id\":\"https:\\\/\\\/arxxitektura.rs\\\/wp-content\\\/uploads\\\/2021\\\/06\\\/portret-za-avatar.jpg\"},\"description\":\"Arhitekta po obrazovanju . Istra\u017eujem teoretske osnove izgradnje savremenih objekata u istorijskom gradskom jezgru . Za\u0161tita istorijskog nasle\u0111a kroz revitalizaciju - novi \u017eivot za stare objekte .\",\"sameAs\":[\"https:\\\/\\\/arxxitektura.rs\",\"https:\\\/\\\/www.instagram.com\\\/arxxitekt\\\/\",\"https:\\\/\\\/www.pinterest.com\\\/artofcontrasting\\\/\",\"https:\\\/\\\/www.youtube.com\\\/channel\\\/UCAQHSoecXQ2ppMNFcrAO-4w\"]}]}<\/script>\n<!-- \/ Yoast SEO plugin. -->","yoast_head_json":{"title":"Kula Neboj\u0161a na Kalemegdanu spaja vekove &#8902; ARXXITEKTURA","description":"Muzej Kula Neboj\u0161a predstavlja kratak uvod u istoriju Srbije i Beograda. Poznate \u010dinjenice interpretirane su u savremenim tehnologijama.","robots":{"index":"index","follow":"follow","max-snippet":"max-snippet:-1","max-image-preview":"max-image-preview:large","max-video-preview":"max-video-preview:-1"},"canonical":"https:\/\/arxxitektura.rs\/en\/kula-nebojsa-na-kalemegdanu-spaja-vekove\/","og_locale":"en_US","og_type":"article","og_title":"Kula Neboj\u0161a na Kalemegdanu spaja vekove &#8902; ARXXITEKTURA","og_description":"Muzej Kula Neboj\u0161a predstavlja kratak uvod u istoriju Srbije i Beograda. Poznate \u010dinjenice interpretirane su u savremenim tehnologijama.","og_url":"https:\/\/arxxitektura.rs\/en\/kula-nebojsa-na-kalemegdanu-spaja-vekove\/","og_site_name":"ARXXITEKTURA","article_published_time":"2022-08-22T08:23:05+00:00","article_modified_time":"2026-02-26T08:20:26+00:00","og_image":[{"width":1300,"height":853,"url":"https:\/\/arxxitektura.rs\/wp-content\/uploads\/2022\/08\/kula-Nebojsa-u-cvecu.jpg","type":"image\/jpeg"}],"author":"arxxi_admin","twitter_card":"summary_large_image","twitter_misc":{"Written by":"arxxi_admin","Est. reading time":"4 minutes"},"schema":{"@context":"https:\/\/schema.org","@graph":[{"@type":"Article","@id":"https:\/\/arxxitektura.rs\/kula-nebojsa-na-kalemegdanu-spaja-vekove\/#article","isPartOf":{"@id":"https:\/\/arxxitektura.rs\/kula-nebojsa-na-kalemegdanu-spaja-vekove\/"},"author":{"name":"arxxi_admin","@id":"https:\/\/arxxitektura.rs\/#\/schema\/person\/4d705f725a59e45c7211c1b818ba95c1"},"headline":"Kula Neboj\u0161a na Kalemegdanu spaja vekove","datePublished":"2022-08-22T08:23:05+00:00","dateModified":"2026-02-26T08:20:26+00:00","mainEntityOfPage":{"@id":"https:\/\/arxxitektura.rs\/kula-nebojsa-na-kalemegdanu-spaja-vekove\/"},"wordCount":1210,"publisher":{"@id":"https:\/\/arxxitektura.rs\/#\/schema\/person\/4d705f725a59e45c7211c1b818ba95c1"},"image":{"@id":"https:\/\/arxxitektura.rs\/kula-nebojsa-na-kalemegdanu-spaja-vekove\/#primaryimage"},"thumbnailUrl":"https:\/\/arxxitektura.rs\/wp-content\/uploads\/2022\/08\/kula-Nebojsa-u-cvecu.jpg","keywords":["Beograd"],"articleSection":["Srbija Balkan"],"inLanguage":"en-US"},{"@type":"WebPage","@id":"https:\/\/arxxitektura.rs\/kula-nebojsa-na-kalemegdanu-spaja-vekove\/","url":"https:\/\/arxxitektura.rs\/kula-nebojsa-na-kalemegdanu-spaja-vekove\/","name":"Kula Neboj\u0161a na Kalemegdanu spaja vekove &#8902; ARXXITEKTURA","isPartOf":{"@id":"https:\/\/arxxitektura.rs\/#website"},"primaryImageOfPage":{"@id":"https:\/\/arxxitektura.rs\/kula-nebojsa-na-kalemegdanu-spaja-vekove\/#primaryimage"},"image":{"@id":"https:\/\/arxxitektura.rs\/kula-nebojsa-na-kalemegdanu-spaja-vekove\/#primaryimage"},"thumbnailUrl":"https:\/\/arxxitektura.rs\/wp-content\/uploads\/2022\/08\/kula-Nebojsa-u-cvecu.jpg","datePublished":"2022-08-22T08:23:05+00:00","dateModified":"2026-02-26T08:20:26+00:00","description":"Muzej Kula Neboj\u0161a predstavlja kratak uvod u istoriju Srbije i Beograda. Poznate \u010dinjenice interpretirane su u savremenim tehnologijama.","breadcrumb":{"@id":"https:\/\/arxxitektura.rs\/kula-nebojsa-na-kalemegdanu-spaja-vekove\/#breadcrumb"},"inLanguage":"en-US","potentialAction":[{"@type":"ReadAction","target":["https:\/\/arxxitektura.rs\/kula-nebojsa-na-kalemegdanu-spaja-vekove\/"]}]},{"@type":"ImageObject","inLanguage":"en-US","@id":"https:\/\/arxxitektura.rs\/kula-nebojsa-na-kalemegdanu-spaja-vekove\/#primaryimage","url":"https:\/\/arxxitektura.rs\/wp-content\/uploads\/2022\/08\/kula-Nebojsa-u-cvecu.jpg","contentUrl":"https:\/\/arxxitektura.rs\/wp-content\/uploads\/2022\/08\/kula-Nebojsa-u-cvecu.jpg","width":1300,"height":853,"caption":"Kula Neboj\u0161a sa obale Dunava"},{"@type":"BreadcrumbList","@id":"https:\/\/arxxitektura.rs\/kula-nebojsa-na-kalemegdanu-spaja-vekove\/#breadcrumb","itemListElement":[{"@type":"ListItem","position":1,"name":"Home","item":"https:\/\/arxxitektura.rs\/"},{"@type":"ListItem","position":2,"name":"Kula Neboj\u0161a na Kalemegdanu spaja vekove"}]},{"@type":"WebSite","@id":"https:\/\/arxxitektura.rs\/#website","url":"https:\/\/arxxitektura.rs\/","name":"ARXXITEKTURA","description":"Blog  Umetnost Kontrasta","publisher":{"@id":"https:\/\/arxxitektura.rs\/#\/schema\/person\/4d705f725a59e45c7211c1b818ba95c1"},"potentialAction":[{"@type":"SearchAction","target":{"@type":"EntryPoint","urlTemplate":"https:\/\/arxxitektura.rs\/?s={search_term_string}"},"query-input":{"@type":"PropertyValueSpecification","valueRequired":true,"valueName":"search_term_string"}}],"inLanguage":"en-US"},{"@type":["Person","Organization"],"@id":"https:\/\/arxxitektura.rs\/#\/schema\/person\/4d705f725a59e45c7211c1b818ba95c1","name":"arxxi_admin","image":{"@type":"ImageObject","inLanguage":"en-US","@id":"https:\/\/arxxitektura.rs\/wp-content\/uploads\/2021\/06\/portret-za-avatar.jpg","url":"https:\/\/arxxitektura.rs\/wp-content\/uploads\/2021\/06\/portret-za-avatar.jpg","contentUrl":"https:\/\/arxxitektura.rs\/wp-content\/uploads\/2021\/06\/portret-za-avatar.jpg","width":281,"height":500,"caption":"arxxi_admin"},"logo":{"@id":"https:\/\/arxxitektura.rs\/wp-content\/uploads\/2021\/06\/portret-za-avatar.jpg"},"description":"Architect by education. I am researching the theoretical foundations of the construction of modern buildings in the historic city core. Protection of historical heritage through revitalization - new life for old buildings.","sameAs":["https:\/\/arxxitektura.rs","https:\/\/www.instagram.com\/arxxitekt\/","https:\/\/www.pinterest.com\/artofcontrasting\/","https:\/\/www.youtube.com\/channel\/UCAQHSoecXQ2ppMNFcrAO-4w"]}]}},"jetpack_sharing_enabled":true,"jetpack_featured_media_url":"https:\/\/arxxitektura.rs\/wp-content\/uploads\/2022\/08\/kula-Nebojsa-u-cvecu.jpg","_links":{"self":[{"href":"https:\/\/arxxitektura.rs\/en\/wp-json\/wp\/v2\/posts\/12286","targetHints":{"allow":["GET"]}}],"collection":[{"href":"https:\/\/arxxitektura.rs\/en\/wp-json\/wp\/v2\/posts"}],"about":[{"href":"https:\/\/arxxitektura.rs\/en\/wp-json\/wp\/v2\/types\/post"}],"author":[{"embeddable":true,"href":"https:\/\/arxxitektura.rs\/en\/wp-json\/wp\/v2\/users\/1"}],"replies":[{"embeddable":true,"href":"https:\/\/arxxitektura.rs\/en\/wp-json\/wp\/v2\/comments?post=12286"}],"version-history":[{"count":208,"href":"https:\/\/arxxitektura.rs\/en\/wp-json\/wp\/v2\/posts\/12286\/revisions"}],"predecessor-version":[{"id":17016,"href":"https:\/\/arxxitektura.rs\/en\/wp-json\/wp\/v2\/posts\/12286\/revisions\/17016"}],"wp:featuredmedia":[{"embeddable":true,"href":"https:\/\/arxxitektura.rs\/en\/wp-json\/wp\/v2\/media\/12905"}],"wp:attachment":[{"href":"https:\/\/arxxitektura.rs\/en\/wp-json\/wp\/v2\/media?parent=12286"}],"wp:term":[{"taxonomy":"category","embeddable":true,"href":"https:\/\/arxxitektura.rs\/en\/wp-json\/wp\/v2\/categories?post=12286"},{"taxonomy":"post_tag","embeddable":true,"href":"https:\/\/arxxitektura.rs\/en\/wp-json\/wp\/v2\/tags?post=12286"}],"curies":[{"name":"wp","href":"https:\/\/api.w.org\/{rel}","templated":true}]}}