{"id":13090,"date":"2022-09-17T16:18:21","date_gmt":"2022-09-17T14:18:21","guid":{"rendered":"https:\/\/arxxitektura.rs\/?p=13090"},"modified":"2026-02-26T09:34:41","modified_gmt":"2026-02-26T08:34:41","slug":"mikelandjelo-buonaroti-i-dioklecijanove-terme","status":"publish","type":"post","link":"https:\/\/arxxitektura.rs\/en\/mikelandjelo-buonaroti-i-dioklecijanove-terme\/","title":{"rendered":"Michelangelo Buonarroti and the Baths of Diocletian"},"content":{"rendered":"<div data-elementor-type=\"wp-post\" data-elementor-id=\"13090\" class=\"elementor elementor-13090\">\n\t\t\t\t\t\t<section class=\"elementor-section elementor-top-section elementor-element elementor-element-eff2ecf elementor-section-full_width elementor-section-height-default elementor-section-height-default qodef-elementor-content-no\" data-id=\"eff2ecf\" data-element_type=\"section\" data-e-type=\"section\">\n\t\t\t\t\t\t<div class=\"elementor-container elementor-column-gap-default\">\n\t\t\t\t\t<div class=\"elementor-column elementor-col-100 elementor-top-column elementor-element elementor-element-3bb1d8d\" data-id=\"3bb1d8d\" data-element_type=\"column\" data-e-type=\"column\">\n\t\t\t<div class=\"elementor-widget-wrap elementor-element-populated\">\n\t\t\t\t\t\t<div class=\"elementor-element elementor-element-275e954 elementor-widget elementor-widget-elipsa_core_dropcaps\" data-id=\"275e954\" data-element_type=\"widget\" data-e-type=\"widget\" data-widget_type=\"elipsa_core_dropcaps.default\">\n\t\t\t\t<div class=\"elementor-widget-container\">\n\t\t\t\t\t<div class=\"qodef-shortcode qodef-m qodef-dropcaps qodef-type--simple\">\n\t<span class=\"qodef-m-letter\" >G<\/span>\n\t\t\t<p class=\"qodef-m-text\" >Diocletian's Baths are a great testimony of ancient times, the way of life of the Romans at that time, and the emperor's concern for the standard of his citizens. The construction of thermal baths was the right way to gain the favor and trust of the citizens. The Baths of Diocletian were the largest in Rome in terms of the number of visitors around 3,000. The baths themselves were in use for over 200 years until 537. That year the conquering Goths cut off the Aqua Marcia aqueduct that supplied it with water.<\/p>\n\t<\/div>\t\t\t\t<\/div>\n\t\t\t\t<\/div>\n\t\t\t\t<div class=\"elementor-element elementor-element-df62606 elementor-widget elementor-widget-elipsa_core_dropcaps\" data-id=\"df62606\" data-element_type=\"widget\" data-e-type=\"widget\" data-widget_type=\"elipsa_core_dropcaps.default\">\n\t\t\t\t<div class=\"elementor-widget-container\">\n\t\t\t\t\t<div class=\"qodef-shortcode qodef-m qodef-dropcaps qodef-type--simple\">\n\t<span class=\"qodef-m-letter\" ><\/span>\n\t\t\t<p class=\"qodef-m-text\" >The last restoration of Diocletian's Baths in Rome was ceremoniously completed in 2014 in honor of the 2000th anniversary of the death of Emperor Augustus. Before that, they underwent several interventions to revitalize the remains. \n<\/p>\n\t<\/div>\t\t\t\t<\/div>\n\t\t\t\t<\/div>\n\t\t\t\t\t<\/div>\n\t\t<\/div>\n\t\t\t\t\t<\/div>\n\t\t<\/section>\n\t\t\t\t<section class=\"elementor-section elementor-top-section elementor-element elementor-element-978fde1 elementor-section-boxed elementor-section-height-default elementor-section-height-default qodef-elementor-content-no\" data-id=\"978fde1\" data-element_type=\"section\" data-e-type=\"section\">\n\t\t\t\t\t\t<div class=\"elementor-container elementor-column-gap-default\">\n\t\t\t\t\t<div class=\"elementor-column elementor-col-100 elementor-top-column elementor-element elementor-element-080e9a9\" data-id=\"080e9a9\" data-element_type=\"column\" data-e-type=\"column\">\n\t\t\t<div class=\"elementor-widget-wrap elementor-element-populated\">\n\t\t\t\t\t\t<div class=\"elementor-element elementor-element-2c5a2c2 elementor-widget elementor-widget-heading\" data-id=\"2c5a2c2\" data-element_type=\"widget\" data-e-type=\"widget\" data-widget_type=\"heading.default\">\n\t\t\t\t<div class=\"elementor-widget-container\">\n\t\t\t\t\t<h5 class=\"elementor-heading-title elementor-size-default\">Dioklecijanove terme- kakvu je ulogu u revitalizaciji imao Mikelandjelo Buonaroti?<\/h5>\t\t\t\t<\/div>\n\t\t\t\t<\/div>\n\t\t\t\t\t<\/div>\n\t\t<\/div>\n\t\t\t\t\t<\/div>\n\t\t<\/section>\n\t\t\t\t<section class=\"elementor-section elementor-top-section elementor-element elementor-element-1b0f89b elementor-section-boxed elementor-section-height-default elementor-section-height-default qodef-elementor-content-no\" data-id=\"1b0f89b\" data-element_type=\"section\" data-e-type=\"section\">\n\t\t\t\t\t\t<div class=\"elementor-container elementor-column-gap-default\">\n\t\t\t\t\t<div class=\"elementor-column elementor-col-100 elementor-top-column elementor-element elementor-element-bc86adc\" data-id=\"bc86adc\" data-element_type=\"column\" data-e-type=\"column\">\n\t\t\t<div class=\"elementor-widget-wrap elementor-element-populated\">\n\t\t\t\t\t\t<div class=\"elementor-element elementor-element-baf5fa3 elementor-widget elementor-widget-elipsa_core_section_title\" data-id=\"baf5fa3\" data-element_type=\"widget\" data-e-type=\"widget\" data-widget_type=\"elipsa_core_section_title.default\">\n\t\t\t\t<div class=\"elementor-widget-container\">\n\t\t\t\t\t<div class=\"qodef-shortcode qodef-m qodef-section-title qodef-alignment--left\">\n\t\t<h4 class=\"qodef-m-title\" >\n\t\t\t\t\tWater is the source of life and development\t\t\t<\/h4>\n\t\t<\/div>\t\t\t\t<\/div>\n\t\t\t\t<\/div>\n\t\t\t\t\t<\/div>\n\t\t<\/div>\n\t\t\t\t\t<\/div>\n\t\t<\/section>\n\t\t\t\t<section class=\"elementor-section elementor-top-section elementor-element elementor-element-d0f3722 elementor-section-boxed elementor-section-height-default elementor-section-height-default qodef-elementor-content-no\" data-id=\"d0f3722\" data-element_type=\"section\" data-e-type=\"section\">\n\t\t\t\t\t\t<div class=\"elementor-container elementor-column-gap-default\">\n\t\t\t\t\t<div class=\"elementor-column elementor-col-100 elementor-top-column elementor-element elementor-element-b051651\" data-id=\"b051651\" data-element_type=\"column\" data-e-type=\"column\">\n\t\t\t<div class=\"elementor-widget-wrap elementor-element-populated\">\n\t\t\t\t\t\t<div class=\"elementor-element elementor-element-e83bbf6 elementor-widget elementor-widget-text-editor\" data-id=\"e83bbf6\" data-element_type=\"widget\" data-e-type=\"widget\" data-widget_type=\"text-editor.default\">\n\t\t\t\t<div class=\"elementor-widget-container\">\n\t\t\t\t\t\t\t\t\t<p>The ancient Romans' obsession with water was truly admirable. After the ancient Greeks, who were the first to implement sewage and water in their settlements, the Romans accepted and improved this prerequisite for creating functional cities.<\/p>\t\t\t\t\t\t\t\t<\/div>\n\t\t\t\t<\/div>\n\t\t\t\t<div class=\"elementor-element elementor-element-c90c632 elementor-widget elementor-widget-text-editor\" data-id=\"c90c632\" data-element_type=\"widget\" data-e-type=\"widget\" data-widget_type=\"text-editor.default\">\n\t\t\t\t<div class=\"elementor-widget-container\">\n\t\t\t\t\t\t\t\t\t<p>The Baths of Diocletian were similar in size to Caracalla but could accommodate many more visitors. Their construction was started at the request of Maximian in honor of Diocletian who never even visited the city of Rome. It lasted 8 years between 298 and 306. not. Diocletian is significant in the history of the Roman Empire because of the introduction of the tetrarchy. It is a system of dividing power into four rulers.<\/p>\t\t\t\t\t\t\t\t<\/div>\n\t\t\t\t<\/div>\n\t\t\t\t\t<\/div>\n\t\t<\/div>\n\t\t\t\t\t<\/div>\n\t\t<\/section>\n\t\t\t\t<section class=\"elementor-section elementor-top-section elementor-element elementor-element-269405b elementor-section-boxed elementor-section-height-default elementor-section-height-default qodef-elementor-content-no\" data-id=\"269405b\" data-element_type=\"section\" data-e-type=\"section\">\n\t\t\t\t\t\t<div class=\"elementor-container elementor-column-gap-default\">\n\t\t\t\t\t<div class=\"elementor-column elementor-col-100 elementor-top-column elementor-element elementor-element-4980a3d\" data-id=\"4980a3d\" data-element_type=\"column\" data-e-type=\"column\">\n\t\t\t<div class=\"elementor-widget-wrap elementor-element-populated\">\n\t\t\t\t\t\t<div class=\"elementor-element elementor-element-512a9a7 elementor-widget elementor-widget-elipsa_core_section_title\" data-id=\"512a9a7\" data-element_type=\"widget\" data-e-type=\"widget\" data-widget_type=\"elipsa_core_section_title.default\">\n\t\t\t\t<div class=\"elementor-widget-container\">\n\t\t\t\t\t<div class=\"qodef-shortcode qodef-m qodef-section-title qodef-alignment--left\">\n\t\t<h4 class=\"qodef-m-title\" >\n\t\t\t\t\tDemonstration of construction skills\t\t\t<\/h4>\n\t\t<\/div>\t\t\t\t<\/div>\n\t\t\t\t<\/div>\n\t\t\t\t\t<\/div>\n\t\t<\/div>\n\t\t\t\t\t<\/div>\n\t\t<\/section>\n\t\t\t\t<section class=\"elementor-section elementor-top-section elementor-element elementor-element-1ddcb61 elementor-section-boxed elementor-section-height-default elementor-section-height-default qodef-elementor-content-no\" data-id=\"1ddcb61\" data-element_type=\"section\" data-e-type=\"section\">\n\t\t\t\t\t\t<div class=\"elementor-container elementor-column-gap-default\">\n\t\t\t\t\t<div class=\"elementor-column elementor-col-100 elementor-top-column elementor-element elementor-element-96d6a5d\" data-id=\"96d6a5d\" data-element_type=\"column\" data-e-type=\"column\">\n\t\t\t<div class=\"elementor-widget-wrap elementor-element-populated\">\n\t\t\t\t\t\t<div class=\"elementor-element elementor-element-f7ec789 elementor-widget elementor-widget-text-editor\" data-id=\"f7ec789\" data-element_type=\"widget\" data-e-type=\"widget\" data-widget_type=\"text-editor.default\">\n\t\t\t\t<div class=\"elementor-widget-container\">\n\t\t\t\t\t\t\t\t\t<p>This imposing complex is a demonstration of incredible craftsmanship. High, spacious volumes are vaulted with cruciform vaults resting on arches. Even today, after seventeen centuries, they command respect.<\/p>\t\t\t\t\t\t\t\t<\/div>\n\t\t\t\t<\/div>\n\t\t\t\t<div class=\"elementor-element elementor-element-43f4f53 elementor-widget elementor-widget-text-editor\" data-id=\"43f4f53\" data-element_type=\"widget\" data-e-type=\"widget\" data-widget_type=\"text-editor.default\">\n\t\t\t\t<div class=\"elementor-widget-container\">\n\t\t\t\t\t\t\t\t\t<p>The Baths of Diocletian are divided into several zones with covered pools, typical of Roman baths. The Calidarium, of which only a fragment of the semicircular wall remains, the Tepidarium, and the Frigidarium were placed one in front of the other along the central axis of the complex. They differ in water temperature, which can be guessed from their names. The large Natatio pool was used for recreation. It is the focus of the last reconstruction from 2014.<\/p>\t\t\t\t\t\t\t\t<\/div>\n\t\t\t\t<\/div>\n\t\t\t\t\t<\/div>\n\t\t<\/div>\n\t\t\t\t\t<\/div>\n\t\t<\/section>\n\t\t\t\t<section class=\"elementor-section elementor-top-section elementor-element elementor-element-9bf994e elementor-section-boxed elementor-section-height-default elementor-section-height-default qodef-elementor-content-no\" data-id=\"9bf994e\" data-element_type=\"section\" data-e-type=\"section\">\n\t\t\t\t\t\t<div class=\"elementor-container elementor-column-gap-default\">\n\t\t\t\t\t<div class=\"elementor-column elementor-col-100 elementor-top-column elementor-element elementor-element-e58fbab\" data-id=\"e58fbab\" data-element_type=\"column\" data-e-type=\"column\">\n\t\t\t<div class=\"elementor-widget-wrap elementor-element-populated\">\n\t\t\t\t\t\t<div class=\"elementor-element elementor-element-a8a349a elementor-widget elementor-widget-heading\" data-id=\"a8a349a\" data-element_type=\"widget\" data-e-type=\"widget\" data-widget_type=\"heading.default\">\n\t\t\t\t<div class=\"elementor-widget-container\">\n\t\t\t\t\t<h4 class=\"elementor-heading-title elementor-size-default\">The Pope demands the reconstruction of the Baths of Diocletian<\/h4>\t\t\t\t<\/div>\n\t\t\t\t<\/div>\n\t\t\t\t\t<\/div>\n\t\t<\/div>\n\t\t\t\t\t<\/div>\n\t\t<\/section>\n\t\t\t\t<section class=\"elementor-section elementor-top-section elementor-element elementor-element-450365d elementor-section-full_width elementor-section-height-default elementor-section-height-default qodef-elementor-content-no\" data-id=\"450365d\" data-element_type=\"section\" data-e-type=\"section\">\n\t\t\t\t\t\t<div class=\"elementor-container elementor-column-gap-default\">\n\t\t\t\t\t<div class=\"elementor-column elementor-col-50 elementor-top-column elementor-element elementor-element-6c1d6d1\" data-id=\"6c1d6d1\" data-element_type=\"column\" data-e-type=\"column\">\n\t\t\t<div class=\"elementor-widget-wrap elementor-element-populated\">\n\t\t\t\t\t\t<div class=\"elementor-element elementor-element-8944b54 elementor-widget elementor-widget-image\" data-id=\"8944b54\" data-element_type=\"widget\" data-e-type=\"widget\" data-widget_type=\"image.default\">\n\t\t\t\t<div class=\"elementor-widget-container\">\n\t\t\t\t\t\t\t\t\t\t\t\t<figure class=\"wp-caption\">\n\t\t\t\t\t\t\t\t\t\t<img fetchpriority=\"high\" decoding=\"async\" width=\"1877\" height=\"1086\" src=\"https:\/\/arxxitektura.rs\/wp-content\/uploads\/2022\/09\/Dioklecijanove-terme-izgled-kompleksa.jpg\" class=\"attachment-full size-full wp-image-13188\" alt=\"crno bela gravura prikazuje originalni izgled kompleksa Dioklecijanove terme\" srcset=\"https:\/\/arxxitektura.rs\/wp-content\/uploads\/2022\/09\/Dioklecijanove-terme-izgled-kompleksa.jpg 1877w, https:\/\/arxxitektura.rs\/wp-content\/uploads\/2022\/09\/Dioklecijanove-terme-izgled-kompleksa-300x174.jpg 300w, https:\/\/arxxitektura.rs\/wp-content\/uploads\/2022\/09\/Dioklecijanove-terme-izgled-kompleksa-1024x592.jpg 1024w, https:\/\/arxxitektura.rs\/wp-content\/uploads\/2022\/09\/Dioklecijanove-terme-izgled-kompleksa-768x444.jpg 768w, https:\/\/arxxitektura.rs\/wp-content\/uploads\/2022\/09\/Dioklecijanove-terme-izgled-kompleksa-1536x889.jpg 1536w\" sizes=\"(max-width: 1877px) 100vw, 1877px\" \/>\t\t\t\t\t\t\t\t\t\t\t<figcaption class=\"widget-image-caption wp-caption-text\">Grafika originalnog projekta Dioklecijanovih termi, Rim<\/figcaption>\n\t\t\t\t\t\t\t\t\t\t<\/figure>\n\t\t\t\t\t\t\t\t\t<\/div>\n\t\t\t\t<\/div>\n\t\t\t\t<div class=\"elementor-element elementor-element-b011821 elementor-widget elementor-widget-text-editor\" data-id=\"b011821\" data-element_type=\"widget\" data-e-type=\"widget\" data-widget_type=\"text-editor.default\">\n\t\t\t\t<div class=\"elementor-widget-container\">\n\t\t\t\t\t\t\t\t\t<p>&#8220;<a href=\"https:\/\/www.metmuseum.org\/art\/collection\/search\/403383\" target=\"_blank\" rel=\"noopener noreferrer\">The Baths of Diocletian, from &#8216;Speculum Romanae Magnificentiae&#8217;<\/a>&#8221; by Giovanni Ambrogio Brambilla is marked with\u00a0<a href=\"https:\/\/creativecommons.org\/publicdomain\/zero\/1.0\/?ref=openverse\" target=\"_blank\" rel=\"noopener noreferrer\">CC0 1.0<\/a>.<\/p>\t\t\t\t\t\t\t\t<\/div>\n\t\t\t\t<\/div>\n\t\t\t\t\t<\/div>\n\t\t<\/div>\n\t\t\t\t<div class=\"elementor-column elementor-col-50 elementor-top-column elementor-element elementor-element-adf5cc9\" data-id=\"adf5cc9\" data-element_type=\"column\" data-e-type=\"column\">\n\t\t\t<div class=\"elementor-widget-wrap elementor-element-populated\">\n\t\t\t\t\t\t<div class=\"elementor-element elementor-element-d333b5e elementor-widget elementor-widget-image\" data-id=\"d333b5e\" data-element_type=\"widget\" data-e-type=\"widget\" data-widget_type=\"image.default\">\n\t\t\t\t<div class=\"elementor-widget-container\">\n\t\t\t\t\t\t\t\t\t\t\t\t<figure class=\"wp-caption\">\n\t\t\t\t\t\t\t\t\t\t<img decoding=\"async\" width=\"800\" height=\"600\" src=\"https:\/\/arxxitektura.rs\/wp-content\/uploads\/2022\/09\/terme-izdaleka.jpg\" class=\"attachment-full size-full wp-image-13067\" alt=\"zidovi ostaci Dioklecijanovih termi\" srcset=\"https:\/\/arxxitektura.rs\/wp-content\/uploads\/2022\/09\/terme-izdaleka.jpg 800w, https:\/\/arxxitektura.rs\/wp-content\/uploads\/2022\/09\/terme-izdaleka-300x225.jpg 300w, https:\/\/arxxitektura.rs\/wp-content\/uploads\/2022\/09\/terme-izdaleka-768x576.jpg 768w\" sizes=\"(max-width: 800px) 100vw, 800px\" \/>\t\t\t\t\t\t\t\t\t\t\t<figcaption class=\"widget-image-caption wp-caption-text\">Baths of Diocletian <\/figcaption>\n\t\t\t\t\t\t\t\t\t\t<\/figure>\n\t\t\t\t\t\t\t\t\t<\/div>\n\t\t\t\t<\/div>\n\t\t\t\t<div class=\"elementor-element elementor-element-662f4f4 elementor-widget elementor-widget-text-editor\" data-id=\"662f4f4\" data-element_type=\"widget\" data-e-type=\"widget\" data-widget_type=\"text-editor.default\">\n\t\t\t\t<div class=\"elementor-widget-container\">\n\t\t\t\t\t\t\t\t\t<p>&#8220;<a href=\"https:\/\/www.flickr.com\/photos\/93226994@N00\/102644199\" target=\"_blank\" rel=\"noopener noreferrer\">s. maria degli angeli<\/a>&#8221; by\u00a0<a href=\"https:\/\/www.flickr.com\/photos\/93226994@N00\" target=\"_blank\" rel=\"noopener noreferrer\">antmoose<\/a>\u00a0is licensed under\u00a0<a href=\"https:\/\/creativecommons.org\/licenses\/by\/2.0\/?ref=openverse\" target=\"_blank\" rel=\"noopener noreferrer\">CC BY 2.0<\/a>.<\/p>\t\t\t\t\t\t\t\t<\/div>\n\t\t\t\t<\/div>\n\t\t\t\t\t<\/div>\n\t\t<\/div>\n\t\t\t\t\t<\/div>\n\t\t<\/section>\n\t\t\t\t<section class=\"elementor-section elementor-top-section elementor-element elementor-element-45462a6 elementor-section-full_width elementor-section-height-default elementor-section-height-default qodef-elementor-content-no\" data-id=\"45462a6\" data-element_type=\"section\" data-e-type=\"section\">\n\t\t\t\t\t\t<div class=\"elementor-container elementor-column-gap-default\">\n\t\t\t\t\t<div class=\"elementor-column elementor-col-100 elementor-top-column elementor-element elementor-element-a48bbe6\" data-id=\"a48bbe6\" data-element_type=\"column\" data-e-type=\"column\">\n\t\t\t<div class=\"elementor-widget-wrap elementor-element-populated\">\n\t\t\t\t\t\t<div class=\"elementor-element elementor-element-60dd403 elementor-widget elementor-widget-text-editor\" data-id=\"60dd403\" data-element_type=\"widget\" data-e-type=\"widget\" data-widget_type=\"text-editor.default\">\n\t\t\t\t<div class=\"elementor-widget-container\">\n\t\t\t\t\t\t\t\t\t<p>The decorations have been lost in the ruins, leaving us to see the massive walls as supporting elements. However, the shape of the window is original and still interesting. According to the engravings, which represent an attempt to visualize the original appearance, this complex was lavishly decorated.<\/p>\t\t\t\t\t\t\t\t<\/div>\n\t\t\t\t<\/div>\n\t\t\t\t<div class=\"elementor-element elementor-element-832b7ce elementor-widget elementor-widget-text-editor\" data-id=\"832b7ce\" data-element_type=\"widget\" data-e-type=\"widget\" data-widget_type=\"text-editor.default\">\n\t\t\t\t<div class=\"elementor-widget-container\">\n\t\t\t\t\t\t\t\t\t<p>Pope Pius IV invited Michelangelo at the age of 80, to revitalize this complex with all his skill and experience in today's terminology. He demanded that the existing remains of the Baths of Diocletian be used for the Basilica. Michelangelo made a great concept.<\/p>\t\t\t\t\t\t\t\t<\/div>\n\t\t\t\t<\/div>\n\t\t\t\t\t<\/div>\n\t\t<\/div>\n\t\t\t\t\t<\/div>\n\t\t<\/section>\n\t\t\t\t<section class=\"elementor-section elementor-top-section elementor-element elementor-element-b644eab elementor-section-boxed elementor-section-height-default elementor-section-height-default qodef-elementor-content-no\" data-id=\"b644eab\" data-element_type=\"section\" data-e-type=\"section\">\n\t\t\t\t\t\t<div class=\"elementor-container elementor-column-gap-default\">\n\t\t\t\t\t<div class=\"elementor-column elementor-col-100 elementor-top-column elementor-element elementor-element-3a3ba90\" data-id=\"3a3ba90\" data-element_type=\"column\" data-e-type=\"column\">\n\t\t\t<div class=\"elementor-widget-wrap elementor-element-populated\">\n\t\t\t\t\t\t<div class=\"elementor-element elementor-element-7a360ea elementor-widget elementor-widget-heading\" data-id=\"7a360ea\" data-element_type=\"widget\" data-e-type=\"widget\" data-widget_type=\"heading.default\">\n\t\t\t\t<div class=\"elementor-widget-container\">\n\t\t\t\t\t<h4 class=\"elementor-heading-title elementor-size-default\">What is hidden behind the ruins of Diocletian's Baths?<\/h4>\t\t\t\t<\/div>\n\t\t\t\t<\/div>\n\t\t\t\t\t<\/div>\n\t\t<\/div>\n\t\t\t\t\t<\/div>\n\t\t<\/section>\n\t\t\t\t<section class=\"elementor-section elementor-top-section elementor-element elementor-element-c2c385a elementor-section-boxed elementor-section-height-default elementor-section-height-default qodef-elementor-content-no\" data-id=\"c2c385a\" data-element_type=\"section\" data-e-type=\"section\">\n\t\t\t\t\t\t<div class=\"elementor-container elementor-column-gap-default\">\n\t\t\t\t\t<div class=\"elementor-column elementor-col-100 elementor-top-column elementor-element elementor-element-d70873f\" data-id=\"d70873f\" data-element_type=\"column\" data-e-type=\"column\">\n\t\t\t<div class=\"elementor-widget-wrap elementor-element-populated\">\n\t\t\t\t\t\t<div class=\"elementor-element elementor-element-5c31b11 elementor-widget elementor-widget-image\" data-id=\"5c31b11\" data-element_type=\"widget\" data-e-type=\"widget\" data-widget_type=\"image.default\">\n\t\t\t\t<div class=\"elementor-widget-container\">\n\t\t\t\t\t\t\t\t\t\t\t\t<figure class=\"wp-caption\">\n\t\t\t\t\t\t\t\t\t\t<img decoding=\"async\" width=\"1024\" height=\"683\" src=\"https:\/\/arxxitektura.rs\/wp-content\/uploads\/2022\/09\/Ulaz-u-Baziliku-Santa-Maria-degli-angeli-e-dei-martiri-Rim.jpg\" class=\"attachment-large size-large wp-image-13201\" alt=\"Ru\u0161evine polukru\u017enog zida od opeke kalidarijuma u kojima je sme\u0161ten ulaz u Baziliku\" srcset=\"https:\/\/arxxitektura.rs\/wp-content\/uploads\/2022\/09\/Ulaz-u-Baziliku-Santa-Maria-degli-angeli-e-dei-martiri-Rim.jpg 1024w, https:\/\/arxxitektura.rs\/wp-content\/uploads\/2022\/09\/Ulaz-u-Baziliku-Santa-Maria-degli-angeli-e-dei-martiri-Rim-300x200.jpg 300w, https:\/\/arxxitektura.rs\/wp-content\/uploads\/2022\/09\/Ulaz-u-Baziliku-Santa-Maria-degli-angeli-e-dei-martiri-Rim-768x512.jpg 768w\" sizes=\"(max-width: 1024px) 100vw, 1024px\" \/>\t\t\t\t\t\t\t\t\t\t\t<figcaption class=\"widget-image-caption wp-caption-text\">Entrance to the Basilica of Santa Maria degli Angeli e dei Martiri<\/figcaption>\n\t\t\t\t\t\t\t\t\t\t<\/figure>\n\t\t\t\t\t\t\t\t\t<\/div>\n\t\t\t\t<\/div>\n\t\t\t\t<div class=\"elementor-element elementor-element-462c3f7 elementor-widget elementor-widget-text-editor\" data-id=\"462c3f7\" data-element_type=\"widget\" data-e-type=\"widget\" data-widget_type=\"text-editor.default\">\n\t\t\t\t<div class=\"elementor-widget-container\">\n\t\t\t\t\t\t\t\t\t<p>&#8220;<a href=\"https:\/\/commons.wikimedia.org\/w\/index.php?curid=38567745\" target=\"_blank\" rel=\"noopener noreferrer\">File:Rom, die Kirche Santa Maria degli Angeli e dei Martiri.JPG<\/a>&#8221; by\u00a0<a href=\"https:\/\/commons.wikimedia.org\/w\/index.php?title=User:Dguendel&amp;action=edit&amp;redlink=1\" target=\"_blank\" rel=\"noopener noreferrer\">Dguendel<\/a>\u00a0is licensed under\u00a0<a href=\"https:\/\/creativecommons.org\/licenses\/by\/3.0\/?ref=openverse\" target=\"_blank\" rel=\"noopener noreferrer\">CC BY 3.0<\/a>.<\/p>\t\t\t\t\t\t\t\t<\/div>\n\t\t\t\t<\/div>\n\t\t\t\t\t<\/div>\n\t\t<\/div>\n\t\t\t\t\t<\/div>\n\t\t<\/section>\n\t\t\t\t<section class=\"elementor-section elementor-top-section elementor-element elementor-element-5e8a8f4 elementor-section-full_width elementor-section-height-default elementor-section-height-default qodef-elementor-content-no\" data-id=\"5e8a8f4\" data-element_type=\"section\" data-e-type=\"section\">\n\t\t\t\t\t\t<div class=\"elementor-container elementor-column-gap-default\">\n\t\t\t\t\t<div class=\"elementor-column elementor-col-50 elementor-top-column elementor-element elementor-element-4a15c11f\" data-id=\"4a15c11f\" data-element_type=\"column\" data-e-type=\"column\">\n\t\t\t<div class=\"elementor-widget-wrap elementor-element-populated\">\n\t\t\t\t\t\t<div class=\"elementor-element elementor-element-6c71811c elementor-widget elementor-widget-image\" data-id=\"6c71811c\" data-element_type=\"widget\" data-e-type=\"widget\" data-widget_type=\"image.default\">\n\t\t\t\t<div class=\"elementor-widget-container\">\n\t\t\t\t\t\t\t\t\t\t\t\t<figure class=\"wp-caption\">\n\t\t\t\t\t\t\t\t\t\t\t<a href=\"https:\/\/upload.wikimedia.org\/wikipedia\/commons\/a\/a1\/Interior_of_Santa_Maria_Degli_Angeli.jpg\" target=\"_blank\">\n\t\t\t\t\t\t\t<img loading=\"lazy\" decoding=\"async\" width=\"1024\" height=\"683\" src=\"https:\/\/arxxitektura.rs\/wp-content\/uploads\/2022\/09\/Enterijer-Basilica-Santa-Maria-degli-angeli-e-dei-martiri.jpg\" class=\"attachment-full size-full wp-image-13233\" alt=\"enterijer bazilike sa stubovima od roze mermera\" srcset=\"https:\/\/arxxitektura.rs\/wp-content\/uploads\/2022\/09\/Enterijer-Basilica-Santa-Maria-degli-angeli-e-dei-martiri.jpg 1024w, https:\/\/arxxitektura.rs\/wp-content\/uploads\/2022\/09\/Enterijer-Basilica-Santa-Maria-degli-angeli-e-dei-martiri-300x200.jpg 300w, https:\/\/arxxitektura.rs\/wp-content\/uploads\/2022\/09\/Enterijer-Basilica-Santa-Maria-degli-angeli-e-dei-martiri-768x512.jpg 768w\" sizes=\"(max-width: 1024px) 100vw, 1024px\" \/>\t\t\t\t\t\t\t\t<\/a>\n\t\t\t\t\t\t\t\t\t\t\t<figcaption class=\"widget-image-caption wp-caption-text\"> Enterijer Santa Maria degli angeli e dei martiri  Azurevanilla ash, CC BY-SA 4.0 , via Wikimedia Commons<\/figcaption>\n\t\t\t\t\t\t\t\t\t\t<\/figure>\n\t\t\t\t\t\t\t\t\t<\/div>\n\t\t\t\t<\/div>\n\t\t\t\t\t<\/div>\n\t\t<\/div>\n\t\t\t\t<div class=\"elementor-column elementor-col-50 elementor-top-column elementor-element elementor-element-408469ce\" data-id=\"408469ce\" data-element_type=\"column\" data-e-type=\"column\">\n\t\t\t<div class=\"elementor-widget-wrap elementor-element-populated\">\n\t\t\t\t\t\t<div class=\"elementor-element elementor-element-5b588225 elementor-widget elementor-widget-image\" data-id=\"5b588225\" data-element_type=\"widget\" data-e-type=\"widget\" data-widget_type=\"image.default\">\n\t\t\t\t<div class=\"elementor-widget-container\">\n\t\t\t\t\t\t\t\t\t\t\t\t<figure class=\"wp-caption\">\n\t\t\t\t\t\t\t\t\t\t\t<a href=\"https:\/\/upload.wikimedia.org\/wikipedia\/commons\/1\/12\/3228_-_Roma_-_Santa_Maria_degli_Angeli_-_Colonne_romane_-_Foto_Giovanni_Dall%27Orto_17-June-2007.jpg\" target=\"_blank\">\n\t\t\t\t\t\t\t<img loading=\"lazy\" decoding=\"async\" width=\"512\" height=\"819\" src=\"https:\/\/arxxitektura.rs\/wp-content\/uploads\/2022\/09\/Basilica-Santa-Maria-degli-angeli-e-dei-martiri-visina.jpg\" class=\"attachment-full size-full wp-image-13223\" alt=\"visina prostora Bazilike ugradjene u rusevine Dioklecijanovih termi\" srcset=\"https:\/\/arxxitektura.rs\/wp-content\/uploads\/2022\/09\/Basilica-Santa-Maria-degli-angeli-e-dei-martiri-visina.jpg 512w, https:\/\/arxxitektura.rs\/wp-content\/uploads\/2022\/09\/Basilica-Santa-Maria-degli-angeli-e-dei-martiri-visina-188x300.jpg 188w\" sizes=\"(max-width: 512px) 100vw, 512px\" \/>\t\t\t\t\t\t\t\t<\/a>\n\t\t\t\t\t\t\t\t\t\t\t<figcaption class=\"widget-image-caption wp-caption-text\">Basilica Santa Maria degli angeli e dei martiri  G.dallorto, CC BY-SA 2.5 IT , via Wikimedia Commons<\/figcaption>\n\t\t\t\t\t\t\t\t\t\t<\/figure>\n\t\t\t\t\t\t\t\t\t<\/div>\n\t\t\t\t<\/div>\n\t\t\t\t\t<\/div>\n\t\t<\/div>\n\t\t\t\t\t<\/div>\n\t\t<\/section>\n\t\t\t\t<section class=\"elementor-section elementor-top-section elementor-element elementor-element-3ba6862 elementor-section-full_width elementor-section-height-default elementor-section-height-default qodef-elementor-content-no\" data-id=\"3ba6862\" data-element_type=\"section\" data-e-type=\"section\">\n\t\t\t\t\t\t<div class=\"elementor-container elementor-column-gap-default\">\n\t\t\t\t\t<div class=\"elementor-column elementor-col-100 elementor-top-column elementor-element elementor-element-8f77b02\" data-id=\"8f77b02\" data-element_type=\"column\" data-e-type=\"column\">\n\t\t\t<div class=\"elementor-widget-wrap elementor-element-populated\">\n\t\t\t\t\t\t<div class=\"elementor-element elementor-element-21fc712 elementor-widget elementor-widget-text-editor\" data-id=\"21fc712\" data-element_type=\"widget\" data-e-type=\"widget\" data-widget_type=\"text-editor.default\">\n\t\t\t\t<div class=\"elementor-widget-container\">\n\t\t\t\t\t\t\t\t\t<p>The Basilica of Santa Maria degli Angeli e dei Martiri is a great surprise for visitors. That was caused by Michelangelo's choice for the entrance to the church to be through the original remnant ruins of the Caldarium wall. He chose a pure historical artifact- without decorations, without the imposing facade typical of churches.<\/p>\t\t\t\t\t\t\t\t<\/div>\n\t\t\t\t<\/div>\n\t\t\t\t<div class=\"elementor-element elementor-element-d40a2be elementor-widget elementor-widget-text-editor\" data-id=\"d40a2be\" data-element_type=\"widget\" data-e-type=\"widget\" data-widget_type=\"text-editor.default\">\n\t\t\t\t<div class=\"elementor-widget-container\">\n\t\t\t\t\t\t\t\t\t<p>He created a new church inside the existing shell- the rest of the former Tepidarium and Frigidarium of Diocletian's baths. He used the existing vaults, arches, and supporting elements and brought them back to life with impeccable taste.<\/p>\t\t\t\t\t\t\t\t<\/div>\n\t\t\t\t<\/div>\n\t\t\t\t<div class=\"elementor-element elementor-element-8c66244 elementor-widget elementor-widget-text-editor\" data-id=\"8c66244\" data-element_type=\"widget\" data-e-type=\"widget\" data-widget_type=\"text-editor.default\">\n\t\t\t\t<div class=\"elementor-widget-container\">\n\t\t\t\t\t\t\t\t\t<p>This ingenious decision must have been based on vast life experience that reduced the need for unnecessary proof. The old builders were honored and their skills were highlighted. Immense respect for cultural and architectural heritage was also shown.<\/p>\t\t\t\t\t\t\t\t<\/div>\n\t\t\t\t<\/div>\n\t\t\t\t\t<\/div>\n\t\t<\/div>\n\t\t\t\t\t<\/div>\n\t\t<\/section>\n\t\t\t\t<section class=\"elementor-section elementor-top-section elementor-element elementor-element-6c4371c elementor-section-boxed elementor-section-height-default elementor-section-height-default qodef-elementor-content-no\" data-id=\"6c4371c\" data-element_type=\"section\" data-e-type=\"section\">\n\t\t\t\t\t\t<div class=\"elementor-container elementor-column-gap-default\">\n\t\t\t\t\t<div class=\"elementor-column elementor-col-100 elementor-top-column elementor-element elementor-element-8a70d7b\" data-id=\"8a70d7b\" data-element_type=\"column\" data-e-type=\"column\">\n\t\t\t<div class=\"elementor-widget-wrap elementor-element-populated\">\n\t\t\t\t\t\t<div class=\"elementor-element elementor-element-859cb8c elementor-widget elementor-widget-elipsa_core_section_title\" data-id=\"859cb8c\" data-element_type=\"widget\" data-e-type=\"widget\" data-widget_type=\"elipsa_core_section_title.default\">\n\t\t\t\t<div class=\"elementor-widget-container\">\n\t\t\t\t\t<div class=\"qodef-shortcode qodef-m qodef-section-title qodef-alignment--left\">\n\t\t<h4 class=\"qodef-m-title\" >\n\t\t\t\t\tBaths of Diocletian modeled on Florence\t\t\t<\/h4>\n\t\t<\/div>\t\t\t\t<\/div>\n\t\t\t\t<\/div>\n\t\t\t\t\t<\/div>\n\t\t<\/div>\n\t\t\t\t\t<\/div>\n\t\t<\/section>\n\t\t\t\t<section class=\"elementor-section elementor-top-section elementor-element elementor-element-0de3c2d elementor-section-boxed elementor-section-height-default elementor-section-height-default qodef-elementor-content-no\" data-id=\"0de3c2d\" data-element_type=\"section\" data-e-type=\"section\">\n\t\t\t\t\t\t<div class=\"elementor-container elementor-column-gap-default\">\n\t\t\t\t\t<div class=\"elementor-column elementor-col-100 elementor-top-column elementor-element elementor-element-5df42aa\" data-id=\"5df42aa\" data-element_type=\"column\" data-e-type=\"column\">\n\t\t\t<div class=\"elementor-widget-wrap elementor-element-populated\">\n\t\t\t\t\t\t<div class=\"elementor-element elementor-element-948ec17 elementor-widget elementor-widget-text-editor\" data-id=\"948ec17\" data-element_type=\"widget\" data-e-type=\"widget\" data-widget_type=\"text-editor.default\">\n\t\t\t\t<div class=\"elementor-widget-container\">\n\t\t\t\t\t\t\t\t\t<p>The Basilica of Santa Maria degli Angeli e dei Martiri in Diocletian's Baths is not the first building by Michelangelo with such a facade. His masterpiece <strong><a href=\"https:\/\/arxxitektura.rs\/en\/mikelandelo-buanoroti-remek-dela-bez-kompromisa\/\" target=\"_blank\" rel=\"noopener\">The Medici Chapel in Florence<\/a><\/strong>, is also located in the basilica without a formal entrance.<\/p>\t\t\t\t\t\t\t\t<\/div>\n\t\t\t\t<\/div>\n\t\t\t\t\t<\/div>\n\t\t<\/div>\n\t\t\t\t\t<\/div>\n\t\t<\/section>\n\t\t\t\t<section class=\"elementor-section elementor-top-section elementor-element elementor-element-b8400ad elementor-section-boxed elementor-section-height-default elementor-section-height-default qodef-elementor-content-no\" data-id=\"b8400ad\" data-element_type=\"section\" data-e-type=\"section\">\n\t\t\t\t\t\t<div class=\"elementor-container elementor-column-gap-default\">\n\t\t\t\t\t<div class=\"elementor-column elementor-col-100 elementor-top-column elementor-element elementor-element-793e2a0\" data-id=\"793e2a0\" data-element_type=\"column\" data-e-type=\"column\">\n\t\t\t<div class=\"elementor-widget-wrap elementor-element-populated\">\n\t\t\t\t\t\t<div class=\"elementor-element elementor-element-ae19a13 elementor-widget elementor-widget-elipsa_core_section_title\" data-id=\"ae19a13\" data-element_type=\"widget\" data-e-type=\"widget\" data-widget_type=\"elipsa_core_section_title.default\">\n\t\t\t\t<div class=\"elementor-widget-container\">\n\t\t\t\t\t<div class=\"qodef-shortcode qodef-m qodef-section-title qodef-alignment--left\">\n\t\t<h4 class=\"qodef-m-title\" >\n\t\t\t\t\tMichelangelo's great cloister of the Carthusian monastery\t\t\t<\/h4>\n\t\t<\/div>\t\t\t\t<\/div>\n\t\t\t\t<\/div>\n\t\t\t\t<div class=\"elementor-element elementor-element-17f9693 elementor-widget elementor-widget-image\" data-id=\"17f9693\" data-element_type=\"widget\" data-e-type=\"widget\" data-widget_type=\"image.default\">\n\t\t\t\t<div class=\"elementor-widget-container\">\n\t\t\t\t\t\t\t\t\t\t\t\t<figure class=\"wp-caption\">\n\t\t\t\t\t\t\t\t\t\t\t<a href=\"https:\/\/upload.wikimedia.org\/wikipedia\/commons\/b\/b9\/MNR_Terme_di_Diocleziano_-_chiostro_grande_dall_obl%C3%B2_P1200682.jpg\">\n\t\t\t\t\t\t\t<img loading=\"lazy\" decoding=\"async\" width=\"1024\" height=\"768\" src=\"https:\/\/arxxitektura.rs\/wp-content\/uploads\/2022\/09\/Dioklecijanove-terme-Mikelandjelov-klaustar.jpg\" class=\"attachment-large size-large wp-image-13246\" alt=\"pogled kroz elipsasti prozor na Mikelandjelov klaustar\" srcset=\"https:\/\/arxxitektura.rs\/wp-content\/uploads\/2022\/09\/Dioklecijanove-terme-Mikelandjelov-klaustar.jpg 1024w, https:\/\/arxxitektura.rs\/wp-content\/uploads\/2022\/09\/Dioklecijanove-terme-Mikelandjelov-klaustar-300x225.jpg 300w, https:\/\/arxxitektura.rs\/wp-content\/uploads\/2022\/09\/Dioklecijanove-terme-Mikelandjelov-klaustar-768x576.jpg 768w\" sizes=\"(max-width: 1024px) 100vw, 1024px\" \/>\t\t\t\t\t\t\t\t<\/a>\n\t\t\t\t\t\t\t\t\t\t\t<figcaption class=\"widget-image-caption wp-caption-text\">Mikelandjelov klaustar  Lalupa, CC BY-SA 4.0 , via Wikimedia Commons<\/figcaption>\n\t\t\t\t\t\t\t\t\t\t<\/figure>\n\t\t\t\t\t\t\t\t\t<\/div>\n\t\t\t\t<\/div>\n\t\t\t\t\t<\/div>\n\t\t<\/div>\n\t\t\t\t\t<\/div>\n\t\t<\/section>\n\t\t\t\t<section class=\"elementor-section elementor-top-section elementor-element elementor-element-95d7854 elementor-section-full_width elementor-section-height-default elementor-section-height-default qodef-elementor-content-no\" data-id=\"95d7854\" data-element_type=\"section\" data-e-type=\"section\">\n\t\t\t\t\t\t<div class=\"elementor-container elementor-column-gap-default\">\n\t\t\t\t\t<div class=\"elementor-column elementor-col-100 elementor-top-column elementor-element elementor-element-2bcd284\" data-id=\"2bcd284\" data-element_type=\"column\" data-e-type=\"column\">\n\t\t\t<div class=\"elementor-widget-wrap elementor-element-populated\">\n\t\t\t\t\t\t<div class=\"elementor-element elementor-element-281817b elementor-widget elementor-widget-text-editor\" data-id=\"281817b\" data-element_type=\"widget\" data-e-type=\"widget\" data-widget_type=\"text-editor.default\">\n\t\t\t\t<div class=\"elementor-widget-container\">\n\t\t\t\t\t\t\t\t\t<p>One could access the Carthaginian monastery, intended for two new cloisters from the Basilica.<\/p>\t\t\t\t\t\t\t\t<\/div>\n\t\t\t\t<\/div>\n\t\t\t\t<div class=\"elementor-element elementor-element-7bf88fb elementor-widget elementor-widget-text-editor\" data-id=\"7bf88fb\" data-element_type=\"widget\" data-e-type=\"widget\" data-widget_type=\"text-editor.default\">\n\t\t\t\t<div class=\"elementor-widget-container\">\n\t\t\t\t\t\t\t\t\t<p>Michelangelo designed the Chiostro Grande (great cloister) with arcades about 100 m long in one direction of the square courtyard. There, outdoors, sculptures and artifacts from the past are exhibited in a sort of gallery promenade.<\/p>\t\t\t\t\t\t\t\t<\/div>\n\t\t\t\t<\/div>\n\t\t\t\t<div class=\"elementor-element elementor-element-91b6611 elementor-widget elementor-widget-text-editor\" data-id=\"91b6611\" data-element_type=\"widget\" data-e-type=\"widget\" data-widget_type=\"text-editor.default\">\n\t\t\t\t<div class=\"elementor-widget-container\">\n\t\t\t\t\t\t\t\t\t<p>On the second floor of the Chiostro Grande del Michelangelo, is the Museum of Proto-History of the Latin People - Museo Protostorico<\/p>\t\t\t\t\t\t\t\t<\/div>\n\t\t\t\t<\/div>\n\t\t\t\t<div class=\"elementor-element elementor-element-5e2f19d elementor-widget elementor-widget-text-editor\" data-id=\"5e2f19d\" data-element_type=\"widget\" data-e-type=\"widget\" data-widget_type=\"text-editor.default\">\n\t\t\t\t<div class=\"elementor-widget-container\">\n\t\t\t\t\t\t\t\t\t<p>Diocletian's baths and the monastery became the National Museum of Rome after the Carthusian monks left this complex in 1889. The National Museum consists of several smaller museums dedicated to the Latin peoples within the framework of the Roman Empire.<\/p>\t\t\t\t\t\t\t\t<\/div>\n\t\t\t\t<\/div>\n\t\t\t\t\t<\/div>\n\t\t<\/div>\n\t\t\t\t\t<\/div>\n\t\t<\/section>\n\t\t\t\t<section class=\"elementor-section elementor-top-section elementor-element elementor-element-c82d7e0 elementor-section-boxed elementor-section-height-default elementor-section-height-default qodef-elementor-content-no\" data-id=\"c82d7e0\" data-element_type=\"section\" data-e-type=\"section\">\n\t\t\t\t\t\t<div class=\"elementor-container elementor-column-gap-default\">\n\t\t\t\t\t<div class=\"elementor-column elementor-col-100 elementor-top-column elementor-element elementor-element-51b7220\" data-id=\"51b7220\" data-element_type=\"column\" data-e-type=\"column\">\n\t\t\t<div class=\"elementor-widget-wrap elementor-element-populated\">\n\t\t\t\t\t\t<div class=\"elementor-element elementor-element-d1d1b37 elementor-widget elementor-widget-video\" data-id=\"d1d1b37\" data-element_type=\"widget\" data-e-type=\"widget\" data-settings=\"{&quot;youtube_url&quot;:&quot;https:\\\/\\\/youtu.be\\\/86ktZ0nX8Bw&quot;,&quot;video_type&quot;:&quot;youtube&quot;,&quot;controls&quot;:&quot;yes&quot;}\" data-widget_type=\"video.default\">\n\t\t\t\t<div class=\"elementor-widget-container\">\n\t\t\t\t\t\t\t<div class=\"elementor-wrapper elementor-open-inline\">\n\t\t\t<div class=\"elementor-video\"><\/div>\t\t<\/div>\n\t\t\t\t\t\t<\/div>\n\t\t\t\t<\/div>\n\t\t\t\t\t<\/div>\n\t\t<\/div>\n\t\t\t\t\t<\/div>\n\t\t<\/section>\n\t\t\t\t<section class=\"elementor-section elementor-top-section elementor-element elementor-element-0d78ec3 elementor-section-boxed elementor-section-height-default elementor-section-height-default qodef-elementor-content-no\" data-id=\"0d78ec3\" data-element_type=\"section\" data-e-type=\"section\">\n\t\t\t\t\t\t<div class=\"elementor-container elementor-column-gap-default\">\n\t\t\t\t\t<div class=\"elementor-column elementor-col-100 elementor-top-column elementor-element elementor-element-a30f6e7\" data-id=\"a30f6e7\" data-element_type=\"column\" data-e-type=\"column\">\n\t\t\t<div class=\"elementor-widget-wrap elementor-element-populated\">\n\t\t\t\t\t\t<div class=\"elementor-element elementor-element-3680253 elementor-widget elementor-widget-elipsa_core_section_title\" data-id=\"3680253\" data-element_type=\"widget\" data-e-type=\"widget\" data-widget_type=\"elipsa_core_section_title.default\">\n\t\t\t\t<div class=\"elementor-widget-container\">\n\t\t\t\t\t<div class=\"qodef-shortcode qodef-m qodef-section-title qodef-alignment--left\">\n\t\t<h4 class=\"qodef-m-title\" >\n\t\t\t\t\tWhat is near the Baths of Diocletian today?\t\t\t<\/h4>\n\t\t<\/div>\t\t\t\t<\/div>\n\t\t\t\t<\/div>\n\t\t\t\t\t<\/div>\n\t\t<\/div>\n\t\t\t\t\t<\/div>\n\t\t<\/section>\n\t\t\t\t<section class=\"elementor-section elementor-top-section elementor-element elementor-element-47e6256 elementor-section-full_width elementor-section-height-default elementor-section-height-default qodef-elementor-content-no\" data-id=\"47e6256\" data-element_type=\"section\" data-e-type=\"section\">\n\t\t\t\t\t\t<div class=\"elementor-container elementor-column-gap-default\">\n\t\t\t\t\t<div class=\"elementor-column elementor-col-100 elementor-top-column elementor-element elementor-element-3e37102\" data-id=\"3e37102\" data-element_type=\"column\" data-e-type=\"column\">\n\t\t\t<div class=\"elementor-widget-wrap elementor-element-populated\">\n\t\t\t\t\t\t<div class=\"elementor-element elementor-element-18c840c elementor-widget elementor-widget-text-editor\" data-id=\"18c840c\" data-element_type=\"widget\" data-e-type=\"widget\" data-widget_type=\"text-editor.default\">\n\t\t\t\t<div class=\"elementor-widget-container\">\n\t\t\t\t\t\t\t\t\t<p>Today, the ruins with the hidden Basilica of Michelangelo are surrounded by modern buildings. The semicircular square - exedra - has been preserved. It is formed by newly built buildings that follow the line of the walls of Diocletian's baths from the 4th century.<\/p>\t\t\t\t\t\t\t\t<\/div>\n\t\t\t\t<\/div>\n\t\t\t\t<div class=\"elementor-element elementor-element-e214b94 elementor-widget elementor-widget-text-editor\" data-id=\"e214b94\" data-element_type=\"widget\" data-e-type=\"widget\" data-widget_type=\"text-editor.default\">\n\t\t\t\t<div class=\"elementor-widget-container\">\n\t\t\t\t\t\t\t\t\t<p>The largest railway station in Rome and the second largest in Europe - Termini comes almost to the very walls of the Diocletian Baths. It was named after them. Its position was determined by Pope Pius IX at the end of the 19th century. The former building was demolished and replaced by a modern one of imposing dimensions after the Second World War. rate.<\/p>\t\t\t\t\t\t\t\t<\/div>\n\t\t\t\t<\/div>\n\t\t\t\t<div class=\"elementor-element elementor-element-0e880b9 elementor-widget elementor-widget-text-editor\" data-id=\"0e880b9\" data-element_type=\"widget\" data-e-type=\"widget\" data-widget_type=\"text-editor.default\">\n\t\t\t\t<div class=\"elementor-widget-container\">\n\t\t\t\t\t\t\t\t\t<p>The station was built using the latest developments in concrete structures. In this way, the continuity of the latest construction achievements is supported. At the same time, it is an excellent visual contrast to the heritage.<\/p>\t\t\t\t\t\t\t\t<\/div>\n\t\t\t\t<\/div>\n\t\t\t\t\t<\/div>\n\t\t<\/div>\n\t\t\t\t\t<\/div>\n\t\t<\/section>\n\t\t\t\t<section class=\"elementor-section elementor-top-section elementor-element elementor-element-049ad74 elementor-section-boxed elementor-section-height-default elementor-section-height-default qodef-elementor-content-no\" data-id=\"049ad74\" data-element_type=\"section\" data-e-type=\"section\">\n\t\t\t\t\t\t<div class=\"elementor-container elementor-column-gap-default\">\n\t\t\t\t\t<div class=\"elementor-column elementor-col-100 elementor-top-column elementor-element elementor-element-0eb8818\" data-id=\"0eb8818\" data-element_type=\"column\" data-e-type=\"column\">\n\t\t\t<div class=\"elementor-widget-wrap elementor-element-populated\">\n\t\t\t\t\t\t<div class=\"elementor-element elementor-element-0262741 elementor-widget elementor-widget-elipsa_core_section_title\" data-id=\"0262741\" data-element_type=\"widget\" data-e-type=\"widget\" data-widget_type=\"elipsa_core_section_title.default\">\n\t\t\t\t<div class=\"elementor-widget-container\">\n\t\t\t\t\t<div class=\"qodef-shortcode qodef-m qodef-section-title qodef-alignment--left\">\n\t\t<h4 class=\"qodef-m-title\" >\n\t\t\t\t\tMichelangelo respects the inherited architecture\t\t\t<\/h4>\n\t\t<\/div>\t\t\t\t<\/div>\n\t\t\t\t<\/div>\n\t\t\t\t\t<\/div>\n\t\t<\/div>\n\t\t\t\t\t<\/div>\n\t\t<\/section>\n\t\t\t\t<section class=\"elementor-section elementor-top-section elementor-element elementor-element-f5a1d2b elementor-section-full_width elementor-section-height-default elementor-section-height-default qodef-elementor-content-no\" data-id=\"f5a1d2b\" data-element_type=\"section\" data-e-type=\"section\">\n\t\t\t\t\t\t<div class=\"elementor-container elementor-column-gap-default\">\n\t\t\t\t\t<div class=\"elementor-column elementor-col-100 elementor-top-column elementor-element elementor-element-23557c2\" data-id=\"23557c2\" data-element_type=\"column\" data-e-type=\"column\">\n\t\t\t<div class=\"elementor-widget-wrap elementor-element-populated\">\n\t\t\t\t\t\t<div class=\"elementor-element elementor-element-b88063f elementor-widget elementor-widget-text-editor\" data-id=\"b88063f\" data-element_type=\"widget\" data-e-type=\"widget\" data-widget_type=\"text-editor.default\">\n\t\t\t\t<div class=\"elementor-widget-container\">\n\t\t\t\t\t\t\t\t\t<p>It can be said that the rule for placing new buildings in historical surroundings was established on the legacy of ancient Rome. To keep as many buildings as possible with an imposing structure and well-known investors. Glorious ruins remain as a testament to time. Artists and architects get their own space to present their work but also participate in the revitalization of heritage.<\/p>\t\t\t\t\t\t\t\t<\/div>\n\t\t\t\t<\/div>\n\t\t\t\t<div class=\"elementor-element elementor-element-693077f elementor-widget elementor-widget-text-editor\" data-id=\"693077f\" data-element_type=\"widget\" data-e-type=\"widget\" data-widget_type=\"text-editor.default\">\n\t\t\t\t<div class=\"elementor-widget-container\">\n\t\t\t\t\t\t\t\t\t<p>An architect is obliged to respect his predecessors. In the example of the entrance to the Basilica of Santa Maria degli Angeli e dei Martiri, Michelangelo showed his inclination to the ancient heritage. This unwritten rule was established even before Michelangelo's life, but he especially illuminates and highlights it with his fame.<\/p>\t\t\t\t\t\t\t\t<\/div>\n\t\t\t\t<\/div>\n\t\t\t\t\t<\/div>\n\t\t<\/div>\n\t\t\t\t\t<\/div>\n\t\t<\/section>\n\t\t\t\t<section class=\"elementor-section elementor-top-section elementor-element elementor-element-f2bcf94 elementor-section-boxed elementor-section-height-default elementor-section-height-default qodef-elementor-content-no\" data-id=\"f2bcf94\" data-element_type=\"section\" data-e-type=\"section\">\n\t\t\t\t\t\t<div class=\"elementor-container elementor-column-gap-default\">\n\t\t\t\t\t<div class=\"elementor-column elementor-col-100 elementor-top-column elementor-element elementor-element-301be15\" data-id=\"301be15\" data-element_type=\"column\" data-e-type=\"column\">\n\t\t\t<div class=\"elementor-widget-wrap elementor-element-populated\">\n\t\t\t\t\t\t<section class=\"elementor-section elementor-inner-section elementor-element elementor-element-981d2ef elementor-section-boxed elementor-section-height-default elementor-section-height-default qodef-elementor-content-no\" data-id=\"981d2ef\" data-element_type=\"section\" data-e-type=\"section\">\n\t\t\t\t\t\t<div class=\"elementor-container elementor-column-gap-default\">\n\t\t\t\t\t<div class=\"elementor-column elementor-col-50 elementor-inner-column elementor-element elementor-element-3fff132\" data-id=\"3fff132\" data-element_type=\"column\" data-e-type=\"column\">\n\t\t\t<div class=\"elementor-widget-wrap elementor-element-populated\">\n\t\t\t\t\t\t<div class=\"elementor-element elementor-element-8c64735 elementor-widget elementor-widget-image\" data-id=\"8c64735\" data-element_type=\"widget\" data-e-type=\"widget\" data-widget_type=\"image.default\">\n\t\t\t\t<div class=\"elementor-widget-container\">\n\t\t\t\t\t\t\t\t\t\t\t\t<figure class=\"wp-caption\">\n\t\t\t\t\t\t\t\t\t\t\t<a href=\"https:\/\/upload.wikimedia.org\/wikipedia\/commons\/e\/ef\/Baths_of_Diocletian_-_Paulin_1880.jpg\" target=\"_blank\">\n\t\t\t\t\t\t\t<img loading=\"lazy\" decoding=\"async\" width=\"1024\" height=\"710\" src=\"https:\/\/arxxitektura.rs\/wp-content\/uploads\/2022\/09\/Baths_of_Diocletian_-_Paulin_1880-1024x710.jpg\" class=\"attachment-large size-large wp-image-13016\" alt=\"Dioklecijanove terme, crte\u017e , mogu\u0107i izgled sa ukrasnim stubovima\" srcset=\"https:\/\/arxxitektura.rs\/wp-content\/uploads\/2022\/09\/Baths_of_Diocletian_-_Paulin_1880-1024x710.jpg 1024w, https:\/\/arxxitektura.rs\/wp-content\/uploads\/2022\/09\/Baths_of_Diocletian_-_Paulin_1880-300x208.jpg 300w, https:\/\/arxxitektura.rs\/wp-content\/uploads\/2022\/09\/Baths_of_Diocletian_-_Paulin_1880-768x532.jpg 768w, https:\/\/arxxitektura.rs\/wp-content\/uploads\/2022\/09\/Baths_of_Diocletian_-_Paulin_1880.jpg 1280w\" sizes=\"(max-width: 1024px) 100vw, 1024px\" \/>\t\t\t\t\t\t\t\t<\/a>\n\t\t\t\t\t\t\t\t\t\t\t<figcaption class=\"widget-image-caption wp-caption-text\">Zami\u0161ljeni enterijer Dioklecijanove terme, Edmond Jean-Baptiste Paulin (10 September 1848 - 27 November 1915), Public domain, via Wikimedia Commons<\/figcaption>\n\t\t\t\t\t\t\t\t\t\t<\/figure>\n\t\t\t\t\t\t\t\t\t<\/div>\n\t\t\t\t<\/div>\n\t\t\t\t\t<\/div>\n\t\t<\/div>\n\t\t\t\t<div class=\"elementor-column elementor-col-50 elementor-inner-column elementor-element elementor-element-86e758a\" data-id=\"86e758a\" data-element_type=\"column\" data-e-type=\"column\">\n\t\t\t<div class=\"elementor-widget-wrap\">\n\t\t\t\t\t\t\t<\/div>\n\t\t<\/div>\n\t\t\t\t\t<\/div>\n\t\t<\/section>\n\t\t\t\t\t<\/div>\n\t\t<\/div>\n\t\t\t\t\t<\/div>\n\t\t<\/section>\n\t\t\t\t<\/div>","protected":false},"excerpt":{"rendered":"<p>Dioklecijanove terme u svojim ru\u0161evinama kriju jo\u0161 jedan biser arhitekture za koji je zaslu\u017ean Mikelandjelo Buanoroti.<\/p>","protected":false},"author":1,"featured_media":13016,"comment_status":"closed","ping_status":"open","sticky":false,"template":"","format":"standard","meta":{"_jetpack_newsletter_access":"","_jetpack_dont_email_post_to_subs":false,"_jetpack_newsletter_tier_id":0,"_jetpack_memberships_contains_paywalled_content":false,"_jetpack_memberships_contains_paid_content":false,"footnotes":""},"categories":[18],"tags":[103],"class_list":["post-13090","post","type-post","status-publish","format-standard","has-post-thumbnail","hentry","category-kontrast-u-arhitekturi","tag-italija"],"yoast_head":"<!-- This site is optimized with the Yoast SEO plugin v28.4 - https:\/\/yoast.com\/product\/yoast-seo-wordpress\/ -->\n<title>Mikelandjelo Buonaroti i Dioklecijanove terme &#8902; ARXXITEKTURA<\/title>\n<meta name=\"description\" content=\"Dioklecijanove terme u svojim ru\u0161evinama kriju jo\u0161 jedan biser arhitekture za koji je zaslu\u017ean Mikelandjelo Buanoroti.\" \/>\n<meta name=\"robots\" content=\"index, follow, max-snippet:-1, max-image-preview:large, max-video-preview:-1\" \/>\n<link rel=\"canonical\" href=\"https:\/\/arxxitektura.rs\/en\/mikelandjelo-buonaroti-i-dioklecijanove-terme\/\" \/>\n<meta property=\"og:locale\" content=\"en_US\" \/>\n<meta property=\"og:type\" content=\"article\" \/>\n<meta property=\"og:title\" content=\"Mikelandjelo Buonaroti i Dioklecijanove terme &#8902; ARXXITEKTURA\" \/>\n<meta property=\"og:description\" content=\"Dioklecijanove terme u svojim ru\u0161evinama kriju jo\u0161 jedan biser arhitekture za koji je zaslu\u017ean Mikelandjelo Buanoroti.\" \/>\n<meta property=\"og:url\" content=\"https:\/\/arxxitektura.rs\/en\/mikelandjelo-buonaroti-i-dioklecijanove-terme\/\" \/>\n<meta property=\"og:site_name\" content=\"ARXXITEKTURA\" \/>\n<meta property=\"article:published_time\" content=\"2022-09-17T14:18:21+00:00\" \/>\n<meta property=\"article:modified_time\" content=\"2026-02-26T08:34:41+00:00\" \/>\n<meta property=\"og:image\" content=\"https:\/\/arxxitektura.rs\/wp-content\/uploads\/2022\/09\/Baths_of_Diocletian_-_Paulin_1880.jpg\" \/>\n\t<meta property=\"og:image:width\" content=\"1280\" \/>\n\t<meta property=\"og:image:height\" content=\"887\" \/>\n\t<meta property=\"og:image:type\" content=\"image\/jpeg\" \/>\n<meta name=\"author\" content=\"arxxi_admin\" \/>\n<meta name=\"twitter:card\" content=\"summary_large_image\" \/>\n<meta name=\"twitter:label1\" content=\"Written by\" \/>\n\t<meta name=\"twitter:data1\" content=\"arxxi_admin\" \/>\n\t<meta name=\"twitter:label2\" content=\"Est. reading time\" \/>\n\t<meta name=\"twitter:data2\" content=\"5 minutes\" \/>\n<script type=\"application\/ld+json\" class=\"yoast-schema-graph\">{\"@context\":\"https:\\\/\\\/schema.org\",\"@graph\":[{\"@type\":\"Article\",\"@id\":\"https:\\\/\\\/arxxitektura.rs\\\/mikelandjelo-buonaroti-i-dioklecijanove-terme\\\/#article\",\"isPartOf\":{\"@id\":\"https:\\\/\\\/arxxitektura.rs\\\/mikelandjelo-buonaroti-i-dioklecijanove-terme\\\/\"},\"author\":{\"name\":\"arxxi_admin\",\"@id\":\"https:\\\/\\\/arxxitektura.rs\\\/#\\\/schema\\\/person\\\/4d705f725a59e45c7211c1b818ba95c1\"},\"headline\":\"Mikelandjelo Buonaroti i Dioklecijanove terme\",\"datePublished\":\"2022-09-17T14:18:21+00:00\",\"dateModified\":\"2026-02-26T08:34:41+00:00\",\"mainEntityOfPage\":{\"@id\":\"https:\\\/\\\/arxxitektura.rs\\\/mikelandjelo-buonaroti-i-dioklecijanove-terme\\\/\"},\"wordCount\":1055,\"publisher\":{\"@id\":\"https:\\\/\\\/arxxitektura.rs\\\/#\\\/schema\\\/person\\\/4d705f725a59e45c7211c1b818ba95c1\"},\"image\":{\"@id\":\"https:\\\/\\\/arxxitektura.rs\\\/mikelandjelo-buonaroti-i-dioklecijanove-terme\\\/#primaryimage\"},\"thumbnailUrl\":\"https:\\\/\\\/arxxitektura.rs\\\/wp-content\\\/uploads\\\/2022\\\/09\\\/Baths_of_Diocletian_-_Paulin_1880.jpg\",\"keywords\":[\"Italija\"],\"articleSection\":[\"Kontrast u arhitekturi\"],\"inLanguage\":\"en-US\"},{\"@type\":\"WebPage\",\"@id\":\"https:\\\/\\\/arxxitektura.rs\\\/mikelandjelo-buonaroti-i-dioklecijanove-terme\\\/\",\"url\":\"https:\\\/\\\/arxxitektura.rs\\\/mikelandjelo-buonaroti-i-dioklecijanove-terme\\\/\",\"name\":\"Mikelandjelo Buonaroti i Dioklecijanove terme &#8902; ARXXITEKTURA\",\"isPartOf\":{\"@id\":\"https:\\\/\\\/arxxitektura.rs\\\/#website\"},\"primaryImageOfPage\":{\"@id\":\"https:\\\/\\\/arxxitektura.rs\\\/mikelandjelo-buonaroti-i-dioklecijanove-terme\\\/#primaryimage\"},\"image\":{\"@id\":\"https:\\\/\\\/arxxitektura.rs\\\/mikelandjelo-buonaroti-i-dioklecijanove-terme\\\/#primaryimage\"},\"thumbnailUrl\":\"https:\\\/\\\/arxxitektura.rs\\\/wp-content\\\/uploads\\\/2022\\\/09\\\/Baths_of_Diocletian_-_Paulin_1880.jpg\",\"datePublished\":\"2022-09-17T14:18:21+00:00\",\"dateModified\":\"2026-02-26T08:34:41+00:00\",\"description\":\"Dioklecijanove terme u svojim ru\u0161evinama kriju jo\u0161 jedan biser arhitekture za koji je zaslu\u017ean Mikelandjelo Buanoroti.\",\"breadcrumb\":{\"@id\":\"https:\\\/\\\/arxxitektura.rs\\\/mikelandjelo-buonaroti-i-dioklecijanove-terme\\\/#breadcrumb\"},\"inLanguage\":\"en-US\",\"potentialAction\":[{\"@type\":\"ReadAction\",\"target\":[\"https:\\\/\\\/arxxitektura.rs\\\/mikelandjelo-buonaroti-i-dioklecijanove-terme\\\/\"]}]},{\"@type\":\"ImageObject\",\"inLanguage\":\"en-US\",\"@id\":\"https:\\\/\\\/arxxitektura.rs\\\/mikelandjelo-buonaroti-i-dioklecijanove-terme\\\/#primaryimage\",\"url\":\"https:\\\/\\\/arxxitektura.rs\\\/wp-content\\\/uploads\\\/2022\\\/09\\\/Baths_of_Diocletian_-_Paulin_1880.jpg\",\"contentUrl\":\"https:\\\/\\\/arxxitektura.rs\\\/wp-content\\\/uploads\\\/2022\\\/09\\\/Baths_of_Diocletian_-_Paulin_1880.jpg\",\"width\":1280,\"height\":887,\"caption\":\"Zami\u0161ljeni enterijer Dioklecijanove terme, Edmond Jean-Baptiste Paulin (10 September 1848 - 27 November 1915), Public domain, via Wikimedia Commons\"},{\"@type\":\"BreadcrumbList\",\"@id\":\"https:\\\/\\\/arxxitektura.rs\\\/mikelandjelo-buonaroti-i-dioklecijanove-terme\\\/#breadcrumb\",\"itemListElement\":[{\"@type\":\"ListItem\",\"position\":1,\"name\":\"Home\",\"item\":\"https:\\\/\\\/arxxitektura.rs\\\/\"},{\"@type\":\"ListItem\",\"position\":2,\"name\":\"Mikelandjelo Buonaroti i Dioklecijanove terme\"}]},{\"@type\":\"WebSite\",\"@id\":\"https:\\\/\\\/arxxitektura.rs\\\/#website\",\"url\":\"https:\\\/\\\/arxxitektura.rs\\\/\",\"name\":\"ARXXITEKTURA\",\"description\":\"Blog  Umetnost Kontrasta\",\"publisher\":{\"@id\":\"https:\\\/\\\/arxxitektura.rs\\\/#\\\/schema\\\/person\\\/4d705f725a59e45c7211c1b818ba95c1\"},\"potentialAction\":[{\"@type\":\"SearchAction\",\"target\":{\"@type\":\"EntryPoint\",\"urlTemplate\":\"https:\\\/\\\/arxxitektura.rs\\\/?s={search_term_string}\"},\"query-input\":{\"@type\":\"PropertyValueSpecification\",\"valueRequired\":true,\"valueName\":\"search_term_string\"}}],\"inLanguage\":\"en-US\"},{\"@type\":[\"Person\",\"Organization\"],\"@id\":\"https:\\\/\\\/arxxitektura.rs\\\/#\\\/schema\\\/person\\\/4d705f725a59e45c7211c1b818ba95c1\",\"name\":\"arxxi_admin\",\"image\":{\"@type\":\"ImageObject\",\"inLanguage\":\"en-US\",\"@id\":\"https:\\\/\\\/arxxitektura.rs\\\/wp-content\\\/uploads\\\/2021\\\/06\\\/portret-za-avatar.jpg\",\"url\":\"https:\\\/\\\/arxxitektura.rs\\\/wp-content\\\/uploads\\\/2021\\\/06\\\/portret-za-avatar.jpg\",\"contentUrl\":\"https:\\\/\\\/arxxitektura.rs\\\/wp-content\\\/uploads\\\/2021\\\/06\\\/portret-za-avatar.jpg\",\"width\":281,\"height\":500,\"caption\":\"arxxi_admin\"},\"logo\":{\"@id\":\"https:\\\/\\\/arxxitektura.rs\\\/wp-content\\\/uploads\\\/2021\\\/06\\\/portret-za-avatar.jpg\"},\"description\":\"Arhitekta po obrazovanju . Istra\u017eujem teoretske osnove izgradnje savremenih objekata u istorijskom gradskom jezgru . Za\u0161tita istorijskog nasle\u0111a kroz revitalizaciju - novi \u017eivot za stare objekte .\",\"sameAs\":[\"https:\\\/\\\/arxxitektura.rs\",\"https:\\\/\\\/www.instagram.com\\\/arxxitekt\\\/\",\"https:\\\/\\\/www.pinterest.com\\\/artofcontrasting\\\/\",\"https:\\\/\\\/www.youtube.com\\\/channel\\\/UCAQHSoecXQ2ppMNFcrAO-4w\"]}]}<\/script>\n<!-- \/ Yoast SEO plugin. -->","yoast_head_json":{"title":"Mikelandjelo Buonaroti i Dioklecijanove terme &#8902; ARXXITEKTURA","description":"Dioklecijanove terme u svojim ru\u0161evinama kriju jo\u0161 jedan biser arhitekture za koji je zaslu\u017ean Mikelandjelo Buanoroti.","robots":{"index":"index","follow":"follow","max-snippet":"max-snippet:-1","max-image-preview":"max-image-preview:large","max-video-preview":"max-video-preview:-1"},"canonical":"https:\/\/arxxitektura.rs\/en\/mikelandjelo-buonaroti-i-dioklecijanove-terme\/","og_locale":"en_US","og_type":"article","og_title":"Mikelandjelo Buonaroti i Dioklecijanove terme &#8902; ARXXITEKTURA","og_description":"Dioklecijanove terme u svojim ru\u0161evinama kriju jo\u0161 jedan biser arhitekture za koji je zaslu\u017ean Mikelandjelo Buanoroti.","og_url":"https:\/\/arxxitektura.rs\/en\/mikelandjelo-buonaroti-i-dioklecijanove-terme\/","og_site_name":"ARXXITEKTURA","article_published_time":"2022-09-17T14:18:21+00:00","article_modified_time":"2026-02-26T08:34:41+00:00","og_image":[{"width":1280,"height":887,"url":"https:\/\/arxxitektura.rs\/wp-content\/uploads\/2022\/09\/Baths_of_Diocletian_-_Paulin_1880.jpg","type":"image\/jpeg"}],"author":"arxxi_admin","twitter_card":"summary_large_image","twitter_misc":{"Written by":"arxxi_admin","Est. reading time":"5 minutes"},"schema":{"@context":"https:\/\/schema.org","@graph":[{"@type":"Article","@id":"https:\/\/arxxitektura.rs\/mikelandjelo-buonaroti-i-dioklecijanove-terme\/#article","isPartOf":{"@id":"https:\/\/arxxitektura.rs\/mikelandjelo-buonaroti-i-dioklecijanove-terme\/"},"author":{"name":"arxxi_admin","@id":"https:\/\/arxxitektura.rs\/#\/schema\/person\/4d705f725a59e45c7211c1b818ba95c1"},"headline":"Mikelandjelo Buonaroti i Dioklecijanove terme","datePublished":"2022-09-17T14:18:21+00:00","dateModified":"2026-02-26T08:34:41+00:00","mainEntityOfPage":{"@id":"https:\/\/arxxitektura.rs\/mikelandjelo-buonaroti-i-dioklecijanove-terme\/"},"wordCount":1055,"publisher":{"@id":"https:\/\/arxxitektura.rs\/#\/schema\/person\/4d705f725a59e45c7211c1b818ba95c1"},"image":{"@id":"https:\/\/arxxitektura.rs\/mikelandjelo-buonaroti-i-dioklecijanove-terme\/#primaryimage"},"thumbnailUrl":"https:\/\/arxxitektura.rs\/wp-content\/uploads\/2022\/09\/Baths_of_Diocletian_-_Paulin_1880.jpg","keywords":["Italija"],"articleSection":["Kontrast u arhitekturi"],"inLanguage":"en-US"},{"@type":"WebPage","@id":"https:\/\/arxxitektura.rs\/mikelandjelo-buonaroti-i-dioklecijanove-terme\/","url":"https:\/\/arxxitektura.rs\/mikelandjelo-buonaroti-i-dioklecijanove-terme\/","name":"Mikelandjelo Buonaroti i Dioklecijanove terme &#8902; ARXXITEKTURA","isPartOf":{"@id":"https:\/\/arxxitektura.rs\/#website"},"primaryImageOfPage":{"@id":"https:\/\/arxxitektura.rs\/mikelandjelo-buonaroti-i-dioklecijanove-terme\/#primaryimage"},"image":{"@id":"https:\/\/arxxitektura.rs\/mikelandjelo-buonaroti-i-dioklecijanove-terme\/#primaryimage"},"thumbnailUrl":"https:\/\/arxxitektura.rs\/wp-content\/uploads\/2022\/09\/Baths_of_Diocletian_-_Paulin_1880.jpg","datePublished":"2022-09-17T14:18:21+00:00","dateModified":"2026-02-26T08:34:41+00:00","description":"Dioklecijanove terme u svojim ru\u0161evinama kriju jo\u0161 jedan biser arhitekture za koji je zaslu\u017ean Mikelandjelo Buanoroti.","breadcrumb":{"@id":"https:\/\/arxxitektura.rs\/mikelandjelo-buonaroti-i-dioklecijanove-terme\/#breadcrumb"},"inLanguage":"en-US","potentialAction":[{"@type":"ReadAction","target":["https:\/\/arxxitektura.rs\/mikelandjelo-buonaroti-i-dioklecijanove-terme\/"]}]},{"@type":"ImageObject","inLanguage":"en-US","@id":"https:\/\/arxxitektura.rs\/mikelandjelo-buonaroti-i-dioklecijanove-terme\/#primaryimage","url":"https:\/\/arxxitektura.rs\/wp-content\/uploads\/2022\/09\/Baths_of_Diocletian_-_Paulin_1880.jpg","contentUrl":"https:\/\/arxxitektura.rs\/wp-content\/uploads\/2022\/09\/Baths_of_Diocletian_-_Paulin_1880.jpg","width":1280,"height":887,"caption":"Zami\u0161ljeni enterijer Dioklecijanove terme, Edmond Jean-Baptiste Paulin (10 September 1848 - 27 November 1915), Public domain, via Wikimedia Commons"},{"@type":"BreadcrumbList","@id":"https:\/\/arxxitektura.rs\/mikelandjelo-buonaroti-i-dioklecijanove-terme\/#breadcrumb","itemListElement":[{"@type":"ListItem","position":1,"name":"Home","item":"https:\/\/arxxitektura.rs\/"},{"@type":"ListItem","position":2,"name":"Mikelandjelo Buonaroti i Dioklecijanove terme"}]},{"@type":"WebSite","@id":"https:\/\/arxxitektura.rs\/#website","url":"https:\/\/arxxitektura.rs\/","name":"ARXXITEKTURA","description":"Blog  Umetnost Kontrasta","publisher":{"@id":"https:\/\/arxxitektura.rs\/#\/schema\/person\/4d705f725a59e45c7211c1b818ba95c1"},"potentialAction":[{"@type":"SearchAction","target":{"@type":"EntryPoint","urlTemplate":"https:\/\/arxxitektura.rs\/?s={search_term_string}"},"query-input":{"@type":"PropertyValueSpecification","valueRequired":true,"valueName":"search_term_string"}}],"inLanguage":"en-US"},{"@type":["Person","Organization"],"@id":"https:\/\/arxxitektura.rs\/#\/schema\/person\/4d705f725a59e45c7211c1b818ba95c1","name":"arxxi_admin","image":{"@type":"ImageObject","inLanguage":"en-US","@id":"https:\/\/arxxitektura.rs\/wp-content\/uploads\/2021\/06\/portret-za-avatar.jpg","url":"https:\/\/arxxitektura.rs\/wp-content\/uploads\/2021\/06\/portret-za-avatar.jpg","contentUrl":"https:\/\/arxxitektura.rs\/wp-content\/uploads\/2021\/06\/portret-za-avatar.jpg","width":281,"height":500,"caption":"arxxi_admin"},"logo":{"@id":"https:\/\/arxxitektura.rs\/wp-content\/uploads\/2021\/06\/portret-za-avatar.jpg"},"description":"Architect by education. I am researching the theoretical foundations of the construction of modern buildings in the historic city core. Protection of historical heritage through revitalization - new life for old buildings.","sameAs":["https:\/\/arxxitektura.rs","https:\/\/www.instagram.com\/arxxitekt\/","https:\/\/www.pinterest.com\/artofcontrasting\/","https:\/\/www.youtube.com\/channel\/UCAQHSoecXQ2ppMNFcrAO-4w"]}]}},"jetpack_sharing_enabled":true,"jetpack_featured_media_url":"https:\/\/arxxitektura.rs\/wp-content\/uploads\/2022\/09\/Baths_of_Diocletian_-_Paulin_1880.jpg","_links":{"self":[{"href":"https:\/\/arxxitektura.rs\/en\/wp-json\/wp\/v2\/posts\/13090","targetHints":{"allow":["GET"]}}],"collection":[{"href":"https:\/\/arxxitektura.rs\/en\/wp-json\/wp\/v2\/posts"}],"about":[{"href":"https:\/\/arxxitektura.rs\/en\/wp-json\/wp\/v2\/types\/post"}],"author":[{"embeddable":true,"href":"https:\/\/arxxitektura.rs\/en\/wp-json\/wp\/v2\/users\/1"}],"replies":[{"embeddable":true,"href":"https:\/\/arxxitektura.rs\/en\/wp-json\/wp\/v2\/comments?post=13090"}],"version-history":[{"count":356,"href":"https:\/\/arxxitektura.rs\/en\/wp-json\/wp\/v2\/posts\/13090\/revisions"}],"predecessor-version":[{"id":17031,"href":"https:\/\/arxxitektura.rs\/en\/wp-json\/wp\/v2\/posts\/13090\/revisions\/17031"}],"wp:featuredmedia":[{"embeddable":true,"href":"https:\/\/arxxitektura.rs\/en\/wp-json\/wp\/v2\/media\/13016"}],"wp:attachment":[{"href":"https:\/\/arxxitektura.rs\/en\/wp-json\/wp\/v2\/media?parent=13090"}],"wp:term":[{"taxonomy":"category","embeddable":true,"href":"https:\/\/arxxitektura.rs\/en\/wp-json\/wp\/v2\/categories?post=13090"},{"taxonomy":"post_tag","embeddable":true,"href":"https:\/\/arxxitektura.rs\/en\/wp-json\/wp\/v2\/tags?post=13090"}],"curies":[{"name":"wp","href":"https:\/\/api.w.org\/{rel}","templated":true}]}}