{"id":16140,"date":"2025-05-10T09:21:19","date_gmt":"2025-05-10T07:21:19","guid":{"rendered":"https:\/\/arxxitektura.rs\/?p=16140"},"modified":"2025-08-11T10:22:24","modified_gmt":"2025-08-11T08:22:24","slug":"vesele-zene-niki-de-sen-fal","status":"publish","type":"post","link":"https:\/\/arxxitektura.rs\/en\/vesele-zene-niki-de-sen-fal\/","title":{"rendered":"The cheerful women of Niki de Saint Phalle"},"content":{"rendered":"<div data-elementor-type=\"wp-post\" data-elementor-id=\"16140\" class=\"elementor elementor-16140\">\n\t\t\t\t\t\t<section class=\"elementor-section elementor-top-section elementor-element elementor-element-3e717e3 elementor-section-boxed elementor-section-height-default elementor-section-height-default qodef-elementor-content-no\" data-id=\"3e717e3\" data-element_type=\"section\" data-e-type=\"section\">\n\t\t\t\t\t\t<div class=\"elementor-container elementor-column-gap-default\">\n\t\t\t\t\t<div class=\"elementor-column elementor-col-100 elementor-top-column elementor-element elementor-element-24c56f2\" data-id=\"24c56f2\" data-element_type=\"column\" data-e-type=\"column\">\n\t\t\t<div class=\"elementor-widget-wrap elementor-element-populated\">\n\t\t\t\t\t\t<div class=\"elementor-element elementor-element-c4acbc4 elementor-widget elementor-widget-elipsa_core_dropcaps\" data-id=\"c4acbc4\" data-element_type=\"widget\" data-e-type=\"widget\" data-widget_type=\"elipsa_core_dropcaps.default\">\n\t\t\t\t<div class=\"elementor-widget-container\">\n\t\t\t\t\t<div class=\"qodef-shortcode qodef-m qodef-dropcaps qodef-type--simple\">\n\t<span class=\"qodef-m-letter\" >A<\/span>\n\t\t\t<p class=\"qodef-m-text\" >\nThe most famous contemporary female figures of the second half of the 20th century belong to the sculptor of French origin, Niki de Saint Phalle.\n<\/p>\n\t<\/div>\t\t\t\t<\/div>\n\t\t\t\t<\/div>\n\t\t\t\t<div class=\"elementor-element elementor-element-c20dacf elementor-widget elementor-widget-heading\" data-id=\"c20dacf\" data-element_type=\"widget\" data-e-type=\"widget\" data-widget_type=\"heading.default\">\n\t\t\t\t<div class=\"elementor-widget-container\">\n\t\t\t\t\t<h2 class=\"elementor-heading-title elementor-size-default\">Nana<\/h2>\t\t\t\t<\/div>\n\t\t\t\t<\/div>\n\t\t\t\t\t<\/div>\n\t\t<\/div>\n\t\t\t\t\t<\/div>\n\t\t<\/section>\n\t\t\t\t<section class=\"elementor-section elementor-top-section elementor-element elementor-element-03a7f59 elementor-section-boxed elementor-section-height-default elementor-section-height-default qodef-elementor-content-no\" data-id=\"03a7f59\" data-element_type=\"section\" data-e-type=\"section\">\n\t\t\t\t\t\t<div class=\"elementor-container elementor-column-gap-default\">\n\t\t\t\t\t<div class=\"elementor-column elementor-col-100 elementor-top-column elementor-element elementor-element-1c933ff\" data-id=\"1c933ff\" data-element_type=\"column\" data-e-type=\"column\">\n\t\t\t<div class=\"elementor-widget-wrap elementor-element-populated\">\n\t\t\t\t\t\t<div class=\"elementor-element elementor-element-001ecf9 elementor-widget elementor-widget-text-editor\" data-id=\"001ecf9\" data-element_type=\"widget\" data-e-type=\"widget\" data-widget_type=\"text-editor.default\">\n\t\t\t\t<div class=\"elementor-widget-container\">\n\t\t\t\t\t\t\t\t\t<p>Niki created her first sculpture, translated from French slang\u2014\"women, chick. \"Nana made its first public appearance in 1965 at an exhibition at the Alexander Iolas Gallery in Paris. For the exhibition, a catalog of original drawings with her text, invitations, and posters was printed. Drawings accompanied by text and messages are a kind of manual preparation that becomes a recognizable sign of her exhibitions and an equal part of her artistic oeuvre.<\/p><p>Nana represents the archetype of the female figure, the goddess of fertility and dominance over men. She was inspired by the pregnancy of her friend Clarissa, the wife of sculptor Larry Rivers.<\/p><p>Nanas were huge, which was supposed to make men feel tiny and powerless - her symbolic response to the position of women in society.<\/p>\t\t\t\t\t\t\t\t<\/div>\n\t\t\t\t<\/div>\n\t\t\t\t\t<\/div>\n\t\t<\/div>\n\t\t\t\t\t<\/div>\n\t\t<\/section>\n\t\t\t\t<section class=\"elementor-section elementor-top-section elementor-element elementor-element-f05010b elementor-section-boxed elementor-section-height-default elementor-section-height-default qodef-elementor-content-no\" data-id=\"f05010b\" data-element_type=\"section\" data-e-type=\"section\">\n\t\t\t\t\t\t<div class=\"elementor-container elementor-column-gap-default\">\n\t\t\t\t\t<div class=\"elementor-column elementor-col-100 elementor-top-column elementor-element elementor-element-b4816e6\" data-id=\"b4816e6\" data-element_type=\"column\" data-e-type=\"column\">\n\t\t\t<div class=\"elementor-widget-wrap elementor-element-populated\">\n\t\t\t\t\t\t<div class=\"elementor-element elementor-element-024be4b elementor-widget elementor-widget-heading\" data-id=\"024be4b\" data-element_type=\"widget\" data-e-type=\"widget\" data-widget_type=\"heading.default\">\n\t\t\t\t<div class=\"elementor-widget-container\">\n\t\t\t\t\t<h4 class=\"elementor-heading-title elementor-size-default\">The difficult childhood of Niki de Saint Phalle<\/h4>\t\t\t\t<\/div>\n\t\t\t\t<\/div>\n\t\t\t\t\t<\/div>\n\t\t<\/div>\n\t\t\t\t\t<\/div>\n\t\t<\/section>\n\t\t\t\t<section class=\"elementor-section elementor-top-section elementor-element elementor-element-c563ec6 elementor-section-boxed elementor-section-height-default elementor-section-height-default qodef-elementor-content-no\" data-id=\"c563ec6\" data-element_type=\"section\" data-e-type=\"section\">\n\t\t\t\t\t\t<div class=\"elementor-container elementor-column-gap-default\">\n\t\t\t\t\t<div class=\"elementor-column elementor-col-100 elementor-top-column elementor-element elementor-element-b7a97a8\" data-id=\"b7a97a8\" data-element_type=\"column\" data-e-type=\"column\">\n\t\t\t<div class=\"elementor-widget-wrap elementor-element-populated\">\n\t\t\t\t\t\t<section class=\"elementor-section elementor-inner-section elementor-element elementor-element-689fef4 elementor-section-boxed elementor-section-height-default elementor-section-height-default qodef-elementor-content-no\" data-id=\"689fef4\" data-element_type=\"section\" data-e-type=\"section\">\n\t\t\t\t\t\t<div class=\"elementor-container elementor-column-gap-default\">\n\t\t\t\t\t<div class=\"elementor-column elementor-col-50 elementor-inner-column elementor-element elementor-element-5328688\" data-id=\"5328688\" data-element_type=\"column\" data-e-type=\"column\">\n\t\t\t<div class=\"elementor-widget-wrap elementor-element-populated\">\n\t\t\t\t\t\t<div class=\"elementor-element elementor-element-17a6649 elementor-widget elementor-widget-image\" data-id=\"17a6649\" data-element_type=\"widget\" data-e-type=\"widget\" data-widget_type=\"image.default\">\n\t\t\t\t<div class=\"elementor-widget-container\">\n\t\t\t\t\t\t\t\t\t\t\t\t<figure class=\"wp-caption\">\n\t\t\t\t\t\t\t\t\t\t<img fetchpriority=\"high\" decoding=\"async\" width=\"513\" height=\"768\" src=\"https:\/\/arxxitektura.rs\/wp-content\/uploads\/2024\/01\/513px-Niki_de_Saint_Phalle_Nana_danseuse_Rouge_dOrient-Bloum_1995_34711497734.jpg\" class=\"attachment-large size-large wp-image-16137\" alt=\"Niki de Saint Phalles, Nana, razigrana crvena skulptura korpulentne \u017eene\" srcset=\"https:\/\/arxxitektura.rs\/wp-content\/uploads\/2024\/01\/513px-Niki_de_Saint_Phalle_Nana_danseuse_Rouge_dOrient-Bloum_1995_34711497734.jpg 513w, https:\/\/arxxitektura.rs\/wp-content\/uploads\/2024\/01\/513px-Niki_de_Saint_Phalle_Nana_danseuse_Rouge_dOrient-Bloum_1995_34711497734-200x300.jpg 200w, https:\/\/arxxitektura.rs\/wp-content\/uploads\/2024\/01\/513px-Niki_de_Saint_Phalle_Nana_danseuse_Rouge_dOrient-Bloum_1995_34711497734-8x12.jpg 8w\" sizes=\"(max-width: 513px) 100vw, 513px\" \/>\t\t\t\t\t\t\t\t\t\t\t<figcaption class=\"widget-image-caption wp-caption-text\">Niki de Saint Phalle , Nana<\/figcaption>\n\t\t\t\t\t\t\t\t\t\t<\/figure>\n\t\t\t\t\t\t\t\t\t<\/div>\n\t\t\t\t<\/div>\n\t\t\t\t<div class=\"elementor-element elementor-element-7a7cb08 elementor-widget elementor-widget-text-editor\" data-id=\"7a7cb08\" data-element_type=\"widget\" data-e-type=\"widget\" data-widget_type=\"text-editor.default\">\n\t\t\t\t<div class=\"elementor-widget-container\">\n\t\t\t\t\t\t\t\t\t<p>&#8220;<a href=\"https:\/\/commons.wikimedia.org\/w\/index.php?curid=78748901\" target=\"_blank\" rel=\"noopener noreferrer\">Niki de Saint Phalle, Nana danseuse (Rouge d'Orient-Bloum), 1995 (34711497734)<\/a>&#8221; by\u00a0<a href=\"https:\/\/www.flickr.com\/people\/57286185@N04\" target=\"_blank\" rel=\"noopener noreferrer\">art_inthecity from Montr\u00e9al, CA<\/a>\u00a0is licensed under\u00a0<a href=\"https:\/\/creativecommons.org\/licenses\/by\/2.0\/?ref=openverse\" target=\"_blank\" rel=\"noopener noreferrer\">CC BY 2.0<\/a>.<\/p>\t\t\t\t\t\t\t\t<\/div>\n\t\t\t\t<\/div>\n\t\t\t\t\t<\/div>\n\t\t<\/div>\n\t\t\t\t<div class=\"elementor-column elementor-col-50 elementor-inner-column elementor-element elementor-element-dc27926\" data-id=\"dc27926\" data-element_type=\"column\" data-e-type=\"column\">\n\t\t\t<div class=\"elementor-widget-wrap elementor-element-populated\">\n\t\t\t\t\t\t<div class=\"elementor-element elementor-element-5a89750 elementor-widget elementor-widget-text-editor\" data-id=\"5a89750\" data-element_type=\"widget\" data-e-type=\"widget\" data-widget_type=\"text-editor.default\">\n\t\t\t\t<div class=\"elementor-widget-container\">\n\t\t\t\t\t\t\t\t\t<p>It was a way of overcoming difficult experiences from her childhood, when her father sexually abused her, according to her confession. She revealed this traumatic event in her autobiographical book \"Snake Summer\" 50 years ago. At the age of 12, she came across two swirling serpents. She escaped them by good luck. After that event, the one with her father happened. Two snakes will become a constant motif in her sculptures and drawings. They are a reminder that danger is always lurking. She decided to deal with the memories of a difficult childhood by making positive, colorful, cheerful figures of strong women\u00a0and mythological creatures from the imagination and heritage of indigenous peoples.<\/p>\t\t\t\t\t\t\t\t<\/div>\n\t\t\t\t<\/div>\n\t\t\t\t<div class=\"elementor-element elementor-element-b8bf7f5 elementor-widget elementor-widget-text-editor\" data-id=\"b8bf7f5\" data-element_type=\"widget\" data-e-type=\"widget\" data-widget_type=\"text-editor.default\">\n\t\t\t\t<div class=\"elementor-widget-container\">\n\t\t\t\t\t\t\t\t\t<p>The largest sculpture of Nana was exhibited in front of the Modern Museum (Moderna Museet) in Stockholm in 1966. It was called \"She - the cathedral\". It was a reclining figure of a woman about 21m long, seen from the outside. Inside, it represented the gallery, which could be entered through the entrance between the legs. In the area below the breast, there was a bar that served milk. She worked on the exhibition in a team with her future husband, Jean Tinguely, and Per Olof Ultvedt.<\/p><p>Her park sculptures were of such dimensions that one could live or play inside them.<\/p><p>In those years, she began to produce inflatable Nanas in the form of balloons sold in the USA.<\/p><p>In addition to female figures, cheerful phantasmic beings are depicted in a similar artistic style. This work was developed following her trips to India and Egypt, which had a significant cultural impact.<\/p>\t\t\t\t\t\t\t\t<\/div>\n\t\t\t\t<\/div>\n\t\t\t\t\t<\/div>\n\t\t<\/div>\n\t\t\t\t\t<\/div>\n\t\t<\/section>\n\t\t\t\t\t<\/div>\n\t\t<\/div>\n\t\t\t\t\t<\/div>\n\t\t<\/section>\n\t\t\t\t<section class=\"elementor-section elementor-top-section elementor-element elementor-element-4ae0e06 elementor-section-boxed elementor-section-height-default elementor-section-height-default qodef-elementor-content-no\" data-id=\"4ae0e06\" data-element_type=\"section\" data-e-type=\"section\">\n\t\t\t\t\t\t<div class=\"elementor-container elementor-column-gap-default\">\n\t\t\t\t\t<div class=\"elementor-column elementor-col-100 elementor-top-column elementor-element elementor-element-233d510\" data-id=\"233d510\" data-element_type=\"column\" data-e-type=\"column\">\n\t\t\t<div class=\"elementor-widget-wrap elementor-element-populated\">\n\t\t\t\t\t\t<div class=\"elementor-element elementor-element-2e1c008 elementor-widget elementor-widget-heading\" data-id=\"2e1c008\" data-element_type=\"widget\" data-e-type=\"widget\" data-widget_type=\"heading.default\">\n\t\t\t\t<div class=\"elementor-widget-container\">\n\t\t\t\t\t<h4 class=\"elementor-heading-title elementor-size-default\">The start of the reckoning - \"The Tirs\" series<\/h4>\t\t\t\t<\/div>\n\t\t\t\t<\/div>\n\t\t\t\t\t<\/div>\n\t\t<\/div>\n\t\t\t\t\t<\/div>\n\t\t<\/section>\n\t\t\t\t<section class=\"elementor-section elementor-top-section elementor-element elementor-element-e29c2c1 elementor-section-boxed elementor-section-height-default elementor-section-height-default qodef-elementor-content-no\" data-id=\"e29c2c1\" data-element_type=\"section\" data-e-type=\"section\">\n\t\t\t\t\t\t<div class=\"elementor-container elementor-column-gap-default\">\n\t\t\t\t\t<div class=\"elementor-column elementor-col-100 elementor-top-column elementor-element elementor-element-38b4611\" data-id=\"38b4611\" data-element_type=\"column\" data-e-type=\"column\">\n\t\t\t<div class=\"elementor-widget-wrap elementor-element-populated\">\n\t\t\t\t\t\t<div class=\"elementor-element elementor-element-4e1068a elementor-widget elementor-widget-image\" data-id=\"4e1068a\" data-element_type=\"widget\" data-e-type=\"widget\" data-widget_type=\"image.default\">\n\t\t\t\t<div class=\"elementor-widget-container\">\n\t\t\t\t\t\t\t\t\t\t\t\t<figure class=\"wp-caption\">\n\t\t\t\t\t\t\t\t\t\t<img decoding=\"async\" width=\"799\" height=\"530\" src=\"https:\/\/arxxitektura.rs\/wp-content\/uploads\/2024\/01\/Tirs-Niki-De-Saint-Phalle.jpg\" class=\"attachment-large size-large wp-image-16134\" alt=\"Niki De Saint Phalle, Serija &quot;Pucnji&quot;, umetnica ni\u0161ani u kameru\" srcset=\"https:\/\/arxxitektura.rs\/wp-content\/uploads\/2024\/01\/Tirs-Niki-De-Saint-Phalle.jpg 799w, https:\/\/arxxitektura.rs\/wp-content\/uploads\/2024\/01\/Tirs-Niki-De-Saint-Phalle-300x199.jpg 300w, https:\/\/arxxitektura.rs\/wp-content\/uploads\/2024\/01\/Tirs-Niki-De-Saint-Phalle-768x509.jpg 768w, https:\/\/arxxitektura.rs\/wp-content\/uploads\/2024\/01\/Tirs-Niki-De-Saint-Phalle-18x12.jpg 18w\" sizes=\"(max-width: 799px) 100vw, 799px\" \/>\t\t\t\t\t\t\t\t\t\t\t<figcaption class=\"widget-image-caption wp-caption-text\">Pucnji, Niki d' Sen Fal<\/figcaption>\n\t\t\t\t\t\t\t\t\t\t<\/figure>\n\t\t\t\t\t\t\t\t\t<\/div>\n\t\t\t\t<\/div>\n\t\t\t\t<div class=\"elementor-element elementor-element-9256f2b elementor-widget elementor-widget-text-editor\" data-id=\"9256f2b\" data-element_type=\"widget\" data-e-type=\"widget\" data-widget_type=\"text-editor.default\">\n\t\t\t\t<div class=\"elementor-widget-container\">\n\t\t\t\t\t\t\t\t\t<p>&#8220;<a href=\"https:\/\/www.flickr.com\/photos\/24266175@N00\/15860547611\" target=\"_blank\" rel=\"noopener noreferrer\">D\u00e9tail de l'affiche de l'exposition Niki de Saint Phalle au Grand Palais<\/a>&#8221; by\u00a0<a href=\"https:\/\/www.flickr.com\/photos\/24266175@N00\" target=\"_blank\" rel=\"noopener noreferrer\">La case photo de Got<\/a>\u00a0is licensed under\u00a0<a href=\"https:\/\/creativecommons.org\/licenses\/by\/2.0\/?ref=openverse\" target=\"_blank\" rel=\"noopener noreferrer\">CC BY 2.0<\/a>.<\/p>\t\t\t\t\t\t\t\t<\/div>\n\t\t\t\t<\/div>\n\t\t\t\t\t<\/div>\n\t\t<\/div>\n\t\t\t\t\t<\/div>\n\t\t<\/section>\n\t\t\t\t<section class=\"elementor-section elementor-top-section elementor-element elementor-element-a98d1df elementor-section-boxed elementor-section-height-default elementor-section-height-default qodef-elementor-content-no\" data-id=\"a98d1df\" data-element_type=\"section\" data-e-type=\"section\">\n\t\t\t\t\t\t<div class=\"elementor-container elementor-column-gap-default\">\n\t\t\t\t\t<div class=\"elementor-column elementor-col-100 elementor-top-column elementor-element elementor-element-512b51b\" data-id=\"512b51b\" data-element_type=\"column\" data-e-type=\"column\">\n\t\t\t<div class=\"elementor-widget-wrap elementor-element-populated\">\n\t\t\t\t\t\t<section class=\"elementor-section elementor-inner-section elementor-element elementor-element-d38e865 elementor-section-boxed elementor-section-height-default elementor-section-height-default qodef-elementor-content-no\" data-id=\"d38e865\" data-element_type=\"section\" data-e-type=\"section\">\n\t\t\t\t\t\t<div class=\"elementor-container elementor-column-gap-default\">\n\t\t\t\t\t<div class=\"elementor-column elementor-col-50 elementor-inner-column elementor-element elementor-element-1430bf2\" data-id=\"1430bf2\" data-element_type=\"column\" data-e-type=\"column\">\n\t\t\t<div class=\"elementor-widget-wrap elementor-element-populated\">\n\t\t\t\t\t\t<div class=\"elementor-element elementor-element-fe6cceb elementor-widget__width-initial elementor-widget elementor-widget-image\" data-id=\"fe6cceb\" data-element_type=\"widget\" data-e-type=\"widget\" data-widget_type=\"image.default\">\n\t\t\t\t<div class=\"elementor-widget-container\">\n\t\t\t\t\t\t\t\t\t\t\t\t<figure class=\"wp-caption\">\n\t\t\t\t\t\t\t\t\t\t<img decoding=\"async\" width=\"600\" height=\"800\" src=\"https:\/\/arxxitektura.rs\/wp-content\/uploads\/2024\/01\/Niki-De-Saint-Phalle-grand-Palais-Paris.jpg\" class=\"attachment-medium_large size-medium_large wp-image-16135\" alt=\"Niki de Saint Phalle, Pucnji, gipsana trodimenzionalna slika katedrale isprskana crvenom bojom\" srcset=\"https:\/\/arxxitektura.rs\/wp-content\/uploads\/2024\/01\/Niki-De-Saint-Phalle-grand-Palais-Paris.jpg 600w, https:\/\/arxxitektura.rs\/wp-content\/uploads\/2024\/01\/Niki-De-Saint-Phalle-grand-Palais-Paris-225x300.jpg 225w, https:\/\/arxxitektura.rs\/wp-content\/uploads\/2024\/01\/Niki-De-Saint-Phalle-grand-Palais-Paris-9x12.jpg 9w\" sizes=\"(max-width: 600px) 100vw, 600px\" \/>\t\t\t\t\t\t\t\t\t\t\t<figcaption class=\"widget-image-caption wp-caption-text\"> Niki d'Sen Fal, Pucnji<\/figcaption>\n\t\t\t\t\t\t\t\t\t\t<\/figure>\n\t\t\t\t\t\t\t\t\t<\/div>\n\t\t\t\t<\/div>\n\t\t\t\t<div class=\"elementor-element elementor-element-886059b elementor-widget elementor-widget-text-editor\" data-id=\"886059b\" data-element_type=\"widget\" data-e-type=\"widget\" data-widget_type=\"text-editor.default\">\n\t\t\t\t<div class=\"elementor-widget-container\">\n\t\t\t\t\t\t\t\t\t<p>&#8220;<a href=\"https:\/\/www.flickr.com\/photos\/129231073@N06\/15832901950\" target=\"_blank\" rel=\"noopener noreferrer\">Niki de Saint Phalle &#8211; Grand Palais, Paris<\/a>&#8221; by\u00a0<a href=\"https:\/\/www.flickr.com\/photos\/129231073@N06\" target=\"_blank\" rel=\"noopener noreferrer\">corno.fulgur75<\/a>\u00a0is licensed under\u00a0<a href=\"https:\/\/creativecommons.org\/licenses\/by\/2.0\/?ref=openverse\" target=\"_blank\" rel=\"noopener noreferrer\">CC BY 2.0<\/a>.<\/p>\t\t\t\t\t\t\t\t<\/div>\n\t\t\t\t<\/div>\n\t\t\t\t\t<\/div>\n\t\t<\/div>\n\t\t\t\t<div class=\"elementor-column elementor-col-50 elementor-inner-column elementor-element elementor-element-b3523ae\" data-id=\"b3523ae\" data-element_type=\"column\" data-e-type=\"column\">\n\t\t\t<div class=\"elementor-widget-wrap elementor-element-populated\">\n\t\t\t\t\t\t<div class=\"elementor-element elementor-element-161b272 elementor-widget elementor-widget-text-editor\" data-id=\"161b272\" data-element_type=\"widget\" data-e-type=\"widget\" data-widget_type=\"text-editor.default\">\n\t\t\t\t<div class=\"elementor-widget-container\">\n\t\t\t\t\t\t\t\t\t<p>The Nana phase came after dealing with painful, tragic family experiences. The \"Shots\" cycle, in which other invited artists could also participate, consists of relief plaster paintings, with bags of paint placed on the back. Such installations were shot at during performances. She called the shots in Status Quo!<\/p><p>The results are completely out of the artist's control and are an expression of chance.<\/p><p>Several of the performances were broadcast live on television, demonstrating that Niki d'Saint Phall skillfully utilized the media. Given her background as a model who had previously graced the covers of French Vogue and Elle magazines, this strategic approach was well within her abilities. Additionally, it's worth noting that her initial aspiration was to study theater arts.<\/p><p>This series of paintings did not represent the love of weapons. On the contrary, through her role as an activist, she fought against its use and violence. In addition, she actively fought for the issues of climate change and helping people suffering from AIDS.<\/p>\t\t\t\t\t\t\t\t<\/div>\n\t\t\t\t<\/div>\n\t\t\t\t\t<\/div>\n\t\t<\/div>\n\t\t\t\t\t<\/div>\n\t\t<\/section>\n\t\t\t\t\t<\/div>\n\t\t<\/div>\n\t\t\t\t\t<\/div>\n\t\t<\/section>\n\t\t\t\t<section class=\"elementor-section elementor-top-section elementor-element elementor-element-d8937ef elementor-section-boxed elementor-section-height-default elementor-section-height-default qodef-elementor-content-no\" data-id=\"d8937ef\" data-element_type=\"section\" data-e-type=\"section\">\n\t\t\t\t\t\t<div class=\"elementor-container elementor-column-gap-default\">\n\t\t\t\t\t<div class=\"elementor-column elementor-col-100 elementor-top-column elementor-element elementor-element-fec3df4\" data-id=\"fec3df4\" data-element_type=\"column\" data-e-type=\"column\">\n\t\t\t<div class=\"elementor-widget-wrap elementor-element-populated\">\n\t\t\t\t\t\t<div class=\"elementor-element elementor-element-100e7c2 elementor-widget elementor-widget-qi_addons_for_elementor_blockquote\" data-id=\"100e7c2\" data-element_type=\"widget\" data-e-type=\"widget\" data-widget_type=\"qi_addons_for_elementor_blockquote.default\">\n\t\t\t\t<div class=\"elementor-widget-container\">\n\t\t\t\t\t<div class=\"qodef-shortcode qodef-m qodef-qi-blockquote qodef-layout--top qodef--icon-pack\">\n\t\t\t<div class=\"qodef-m-icon\">\n\t\t\t<i aria-hidden=\"true\" class=\"fas fa-quote-right\"><\/i>\t\t<\/div>\n\t\t\t\t<h4 class=\"qodef-m-text\">\n\t\t\t I thought it was necessary to provoke and attack religion and generals. And then I realized that there is nothing more shocking than joy.\n\n\u2014 Niki de Saint Phalle\n\t\t<\/h4>\n\t<\/div>\n\t\t\t\t<\/div>\n\t\t\t\t<\/div>\n\t\t\t\t\t<\/div>\n\t\t<\/div>\n\t\t\t\t\t<\/div>\n\t\t<\/section>\n\t\t\t\t<section class=\"elementor-section elementor-top-section elementor-element elementor-element-3f25aba elementor-section-boxed elementor-section-height-default elementor-section-height-default qodef-elementor-content-no\" data-id=\"3f25aba\" data-element_type=\"section\" data-e-type=\"section\">\n\t\t\t\t\t\t<div class=\"elementor-container elementor-column-gap-default\">\n\t\t\t\t\t<div class=\"elementor-column elementor-col-100 elementor-top-column elementor-element elementor-element-3672d5e\" data-id=\"3672d5e\" data-element_type=\"column\" data-e-type=\"column\">\n\t\t\t<div class=\"elementor-widget-wrap elementor-element-populated\">\n\t\t\t\t\t\t<div class=\"elementor-element elementor-element-9ed761f elementor-widget elementor-widget-heading\" data-id=\"9ed761f\" data-element_type=\"widget\" data-e-type=\"widget\" data-widget_type=\"heading.default\">\n\t\t\t\t<div class=\"elementor-widget-container\">\n\t\t\t\t\t<h2 class=\"elementor-heading-title elementor-size-default\">The '80s<\/h2>\t\t\t\t<\/div>\n\t\t\t\t<\/div>\n\t\t\t\t\t<\/div>\n\t\t<\/div>\n\t\t\t\t\t<\/div>\n\t\t<\/section>\n\t\t\t\t<section class=\"elementor-section elementor-top-section elementor-element elementor-element-6d17b77 elementor-section-boxed elementor-section-height-default elementor-section-height-default qodef-elementor-content-no\" data-id=\"6d17b77\" data-element_type=\"section\" data-e-type=\"section\">\n\t\t\t\t\t\t<div class=\"elementor-container elementor-column-gap-default\">\n\t\t\t\t\t<div class=\"elementor-column elementor-col-100 elementor-top-column elementor-element elementor-element-e67ae61\" data-id=\"e67ae61\" data-element_type=\"column\" data-e-type=\"column\">\n\t\t\t<div class=\"elementor-widget-wrap elementor-element-populated\">\n\t\t\t\t\t\t<section class=\"elementor-section elementor-inner-section elementor-element elementor-element-d0e0000 elementor-section-boxed elementor-section-height-default elementor-section-height-default qodef-elementor-content-no\" data-id=\"d0e0000\" data-element_type=\"section\" data-e-type=\"section\">\n\t\t\t\t\t\t<div class=\"elementor-container elementor-column-gap-default\">\n\t\t\t\t\t<div class=\"elementor-column elementor-col-50 elementor-inner-column elementor-element elementor-element-5f51517\" data-id=\"5f51517\" data-element_type=\"column\" data-e-type=\"column\">\n\t\t\t<div class=\"elementor-widget-wrap elementor-element-populated\">\n\t\t\t\t\t\t<div class=\"elementor-element elementor-element-6a0739e elementor-widget elementor-widget-image\" data-id=\"6a0739e\" data-element_type=\"widget\" data-e-type=\"widget\" data-widget_type=\"image.default\">\n\t\t\t\t<div class=\"elementor-widget-container\">\n\t\t\t\t\t\t\t\t\t\t\t\t<figure class=\"wp-caption\">\n\t\t\t\t\t\t\t\t\t\t<img loading=\"lazy\" decoding=\"async\" width=\"533\" height=\"799\" src=\"https:\/\/arxxitektura.rs\/wp-content\/uploads\/2024\/01\/niki-de-Saint-Phalle-Skinnies.jpg\" class=\"attachment-large size-large wp-image-16136\" alt=\"Niki de Saint Phalle, Skinnies,dve linijske skulpture Mr\u0161avi\" srcset=\"https:\/\/arxxitektura.rs\/wp-content\/uploads\/2024\/01\/niki-de-Saint-Phalle-Skinnies.jpg 533w, https:\/\/arxxitektura.rs\/wp-content\/uploads\/2024\/01\/niki-de-Saint-Phalle-Skinnies-200x300.jpg 200w, https:\/\/arxxitektura.rs\/wp-content\/uploads\/2024\/01\/niki-de-Saint-Phalle-Skinnies-8x12.jpg 8w\" sizes=\"(max-width: 533px) 100vw, 533px\" \/>\t\t\t\t\t\t\t\t\t\t\t<figcaption class=\"widget-image-caption wp-caption-text\">Niki de Saint Phalle , Skinnies, Tanki<\/figcaption>\n\t\t\t\t\t\t\t\t\t\t<\/figure>\n\t\t\t\t\t\t\t\t\t<\/div>\n\t\t\t\t<\/div>\n\t\t\t\t<div class=\"elementor-element elementor-element-edf6eae elementor-widget elementor-widget-text-editor\" data-id=\"edf6eae\" data-element_type=\"widget\" data-e-type=\"widget\" data-widget_type=\"text-editor.default\">\n\t\t\t\t<div class=\"elementor-widget-container\">\n\t\t\t\t\t\t\t\t\t<p>&#8220;<a href=\"https:\/\/www.flickr.com\/photos\/103472324@N07\/52746462523\" target=\"_blank\" rel=\"noopener noreferrer\">Niki de Saint Phalle &#8211; SCHIRN (27)<\/a>&#8221; by\u00a0<a href=\"https:\/\/www.flickr.com\/photos\/103472324@N07\" target=\"_blank\" rel=\"noopener noreferrer\">lacriseduquartdevie<\/a>\u00a0is licensed under\u00a0<a href=\"https:\/\/creativecommons.org\/licenses\/by\/2.0\/?ref=openverse\" target=\"_blank\" rel=\"noopener noreferrer\">CC BY 2.0<\/a>.<\/p>\t\t\t\t\t\t\t\t<\/div>\n\t\t\t\t<\/div>\n\t\t\t\t\t<\/div>\n\t\t<\/div>\n\t\t\t\t<div class=\"elementor-column elementor-col-50 elementor-inner-column elementor-element elementor-element-e45a4fa\" data-id=\"e45a4fa\" data-element_type=\"column\" data-e-type=\"column\">\n\t\t\t<div class=\"elementor-widget-wrap elementor-element-populated\">\n\t\t\t\t\t\t<div class=\"elementor-element elementor-element-088cca6 elementor-widget elementor-widget-text-editor\" data-id=\"088cca6\" data-element_type=\"widget\" data-e-type=\"widget\" data-widget_type=\"text-editor.default\">\n\t\t\t\t<div class=\"elementor-widget-container\">\n\t\t\t\t\t\t\t\t\t<p>In 1979, Niki started a new cycle, \"Skinnies\", a linear sculpture, similar to modern totems. With her magic, she turned a colorful drawing into a sculpture. The colors here are also basic, and blue predominates. The sculpture of two twisted, colorful snakes was used for the first edition of her perfume. She established it to finance her grand life project - the Tarot Garden (1978-1998).<\/p><p>Snakes are her totemic animals, embodying the cycle of life. Nicky grew up surrounded by fantastic and mythological stories. Coming from an aristocratic family from one of the oldest families in France, she spent her earliest childhood in her grandmother's castle. Stories of chivalric battles and origins are woven into her fantastic world. In addition to this, she found inspiration in Greek, Egyptian, Sumerian, and pre-Columbian mythology and children's stories. All these influences create creatures of the imagination.<\/p><p>The 22 sculptures she created were inspired by Tarot cards. Located in southern Tuscany, near the medieval village of Garaviccio, a park has been established that spans an area of 5.6 hectares. This park is a tribute to Antonio Gaud\u00ed's Park G\u00fcell in Barcelona, incorporating his artistic techniques, such as broken glass mosaics, ceramics, and especially mirrors. The mirrors reflect the colors of the sculptures, causing them to change throughout the day according to the weather.<\/p>\t\t\t\t\t\t\t\t<\/div>\n\t\t\t\t<\/div>\n\t\t\t\t\t<\/div>\n\t\t<\/div>\n\t\t\t\t\t<\/div>\n\t\t<\/section>\n\t\t\t\t\t<\/div>\n\t\t<\/div>\n\t\t\t\t\t<\/div>\n\t\t<\/section>\n\t\t\t\t<section class=\"elementor-section elementor-top-section elementor-element elementor-element-f1d5bfb elementor-section-boxed elementor-section-height-default elementor-section-height-default qodef-elementor-content-no\" data-id=\"f1d5bfb\" data-element_type=\"section\" data-e-type=\"section\">\n\t\t\t\t\t\t<div class=\"elementor-container elementor-column-gap-default\">\n\t\t\t\t\t<div class=\"elementor-column elementor-col-100 elementor-top-column elementor-element elementor-element-d813d4b\" data-id=\"d813d4b\" data-element_type=\"column\" data-e-type=\"column\">\n\t\t\t<div class=\"elementor-widget-wrap elementor-element-populated\">\n\t\t\t\t\t\t<div class=\"elementor-element elementor-element-0761781 elementor-widget elementor-widget-image\" data-id=\"0761781\" data-element_type=\"widget\" data-e-type=\"widget\" data-widget_type=\"image.default\">\n\t\t\t\t<div class=\"elementor-widget-container\">\n\t\t\t\t\t\t\t\t\t\t\t\t<figure class=\"wp-caption\">\n\t\t\t\t\t\t\t\t\t\t<img loading=\"lazy\" decoding=\"async\" width=\"799\" height=\"533\" src=\"https:\/\/arxxitektura.rs\/wp-content\/uploads\/2024\/01\/Niki-de-Saint-Phale-Jardin-de-Tarots.jpg\" class=\"attachment-large size-large wp-image-16139\" alt=\"Niki de Saint Phalles, apartman u Parku Tarot oblo\u017een komadima ogledala\" srcset=\"https:\/\/arxxitektura.rs\/wp-content\/uploads\/2024\/01\/Niki-de-Saint-Phale-Jardin-de-Tarots.jpg 799w, https:\/\/arxxitektura.rs\/wp-content\/uploads\/2024\/01\/Niki-de-Saint-Phale-Jardin-de-Tarots-300x200.jpg 300w, https:\/\/arxxitektura.rs\/wp-content\/uploads\/2024\/01\/Niki-de-Saint-Phale-Jardin-de-Tarots-768x512.jpg 768w, https:\/\/arxxitektura.rs\/wp-content\/uploads\/2024\/01\/Niki-de-Saint-Phale-Jardin-de-Tarots-18x12.jpg 18w\" sizes=\"(max-width: 799px) 100vw, 799px\" \/>\t\t\t\t\t\t\t\t\t\t\t<figcaption class=\"widget-image-caption wp-caption-text\">Tarot ba\u0161ta, apartman u kom je \u017eivela Niki de Saint Phalle u toku gradnje parka<\/figcaption>\n\t\t\t\t\t\t\t\t\t\t<\/figure>\n\t\t\t\t\t\t\t\t\t<\/div>\n\t\t\t\t<\/div>\n\t\t\t\t<div class=\"elementor-element elementor-element-6c0dfe9 elementor-widget elementor-widget-text-editor\" data-id=\"6c0dfe9\" data-element_type=\"widget\" data-e-type=\"widget\" data-widget_type=\"text-editor.default\">\n\t\t\t\t<div class=\"elementor-widget-container\">\n\t\t\t\t\t\t\t\t\t<p>&#8220;<a href=\"https:\/\/www.flickr.com\/photos\/72746018@N00\/26679440797\" target=\"_blank\" rel=\"noopener noreferrer\">L'appartement (Le Jardin des Tarots de Niki de Saint Phalle \u00e0 Capalbio, Italie)<\/a>&#8221; by\u00a0<a href=\"https:\/\/www.flickr.com\/photos\/72746018@N00\" target=\"_blank\" rel=\"noopener noreferrer\">dalbera<\/a>\u00a0is licensed under\u00a0<a href=\"https:\/\/creativecommons.org\/licenses\/by\/2.0\/?ref=openverse\" target=\"_blank\" rel=\"noopener noreferrer\">CC BY 2.0<\/a>.<\/p>\t\t\t\t\t\t\t\t<\/div>\n\t\t\t\t<\/div>\n\t\t\t\t\t<\/div>\n\t\t<\/div>\n\t\t\t\t\t<\/div>\n\t\t<\/section>\n\t\t\t\t<section class=\"elementor-section elementor-top-section elementor-element elementor-element-03f85d9 elementor-section-boxed elementor-section-height-default elementor-section-height-default qodef-elementor-content-no\" data-id=\"03f85d9\" data-element_type=\"section\" data-e-type=\"section\">\n\t\t\t\t\t\t<div class=\"elementor-container elementor-column-gap-default\">\n\t\t\t\t\t<div class=\"elementor-column elementor-col-100 elementor-top-column elementor-element elementor-element-a58db72\" data-id=\"a58db72\" data-element_type=\"column\" data-e-type=\"column\">\n\t\t\t<div class=\"elementor-widget-wrap elementor-element-populated\">\n\t\t\t\t\t\t<div class=\"elementor-element elementor-element-2a749cd elementor-widget elementor-widget-text-editor\" data-id=\"2a749cd\" data-element_type=\"widget\" data-e-type=\"widget\" data-widget_type=\"text-editor.default\">\n\t\t\t\t<div class=\"elementor-widget-container\">\n\t\t\t\t\t\t\t\t\t<p>She lived in a spacious sculpture named \"The Empress\" for several years during the construction of the park. The photo shows the dining room, which, with its design of broken mirrors, is reminiscent of the empress's chambers from children's fairy tales.<\/p><p>The entrance to this phantasmic park, in the form of a massive wall with a round opening, was designed by a famous Swiss architect <span style=\"text-decoration: underline;\"><strong>Mario Botta.<\/strong><\/span><\/p>\t\t\t\t\t\t\t\t<\/div>\n\t\t\t\t<\/div>\n\t\t\t\t\t<\/div>\n\t\t<\/div>\n\t\t\t\t\t<\/div>\n\t\t<\/section>\n\t\t\t\t<section class=\"elementor-section elementor-top-section elementor-element elementor-element-88ee263 elementor-section-boxed elementor-section-height-default elementor-section-height-default qodef-elementor-content-no\" data-id=\"88ee263\" data-element_type=\"section\" data-e-type=\"section\">\n\t\t\t\t\t\t<div class=\"elementor-container elementor-column-gap-default\">\n\t\t\t\t\t<div class=\"elementor-column elementor-col-100 elementor-top-column elementor-element elementor-element-e62899b\" data-id=\"e62899b\" data-element_type=\"column\" data-e-type=\"column\">\n\t\t\t<div class=\"elementor-widget-wrap elementor-element-populated\">\n\t\t\t\t\t\t<div class=\"elementor-element elementor-element-e193fa2 elementor-widget elementor-widget-heading\" data-id=\"e193fa2\" data-element_type=\"widget\" data-e-type=\"widget\" data-widget_type=\"heading.default\">\n\t\t\t\t<div class=\"elementor-widget-container\">\n\t\t\t\t\t<h3 class=\"elementor-heading-title elementor-size-default\">San Diego is the open gallery of Niki de Saint Phalle!<\/h3>\t\t\t\t<\/div>\n\t\t\t\t<\/div>\n\t\t\t\t\t<\/div>\n\t\t<\/div>\n\t\t\t\t\t<\/div>\n\t\t<\/section>\n\t\t\t\t<section class=\"elementor-section elementor-top-section elementor-element elementor-element-c9cf576 elementor-section-boxed elementor-section-height-default elementor-section-height-default qodef-elementor-content-no\" data-id=\"c9cf576\" data-element_type=\"section\" data-e-type=\"section\">\n\t\t\t\t\t\t<div class=\"elementor-container elementor-column-gap-default\">\n\t\t\t\t\t<div class=\"elementor-column elementor-col-100 elementor-top-column elementor-element elementor-element-ba26ee0\" data-id=\"ba26ee0\" data-element_type=\"column\" data-e-type=\"column\">\n\t\t\t<div class=\"elementor-widget-wrap elementor-element-populated\">\n\t\t\t\t\t\t<div class=\"elementor-element elementor-element-3d97daa elementor-widget elementor-widget-text-editor\" data-id=\"3d97daa\" data-element_type=\"widget\" data-e-type=\"widget\" data-widget_type=\"text-editor.default\">\n\t\t\t\t<div class=\"elementor-widget-container\">\n\t\t\t\t\t\t\t\t\t<p>The famous Swiss sculptor Jean Tinguely was Niki's lifelong companion, collaborator, and a huge supporter of her talent without an official art degree. Together, they created a famous <a href=\"https:\/\/arxxitektura.rs\/en\/trg-igor-stravinski-pariz\/\" target=\"_blank\" rel=\"noopener\"><span style=\"text-decoration: underline;\"><strong>Stravinsky fountain in Paris<\/strong><\/span>Place Igor Stravinsky Square in Paris, France<\/a> 1983. In the same artistic manner, they received an order in 1989 for the Chateau Chinon Fountain (Chateau Chinon Fountain) in the place of the same name, on Fran\u00e7ois Mitterrand Square.<\/p><p>After the death of her husband, Nikki moved from New York to San Diego, California. This city is her great outdoor exhibition gallery. Numerous individual sculptures, as well as the park complex, found their home here.<\/p>\t\t\t\t\t\t\t\t<\/div>\n\t\t\t\t<\/div>\n\t\t\t\t\t<\/div>\n\t\t<\/div>\n\t\t\t\t\t<\/div>\n\t\t<\/section>\n\t\t\t\t<section class=\"elementor-section elementor-top-section elementor-element elementor-element-9b4d774 elementor-section-boxed elementor-section-height-default elementor-section-height-default qodef-elementor-content-no\" data-id=\"9b4d774\" data-element_type=\"section\" data-e-type=\"section\">\n\t\t\t\t\t\t<div class=\"elementor-container elementor-column-gap-default\">\n\t\t\t\t\t<div class=\"elementor-column elementor-col-50 elementor-top-column elementor-element elementor-element-23f94e6\" data-id=\"23f94e6\" data-element_type=\"column\" data-e-type=\"column\">\n\t\t\t<div class=\"elementor-widget-wrap elementor-element-populated\">\n\t\t\t\t\t\t<div class=\"elementor-element elementor-element-fc573c1 elementor-widget elementor-widget-text-editor\" data-id=\"fc573c1\" data-element_type=\"widget\" data-e-type=\"widget\" data-widget_type=\"text-editor.default\">\n\t\t\t\t<div class=\"elementor-widget-container\">\n\t\t\t\t\t\t\t\t\t<p>Magi\u010dni krug Kraljice Kalifije je naziv poslednjeg parka njenih skulptura. Radjen je izmedju 2000 i 2003.g, a zavr\u0161en nakon njene smrti. Park je oma\u017e kulturnom pluralizmu grani\u010dnog grada izmedju SAD i Meksika. Skulpture obradjuju teme tradicije urodjeni\u010dkih naroda Amerike, pretkolumbovske ere, te Kulta Majke Zemlje. Totemi iz meksi\u010dke kulture redizajnirani su i prevedeni na jezik Niki d'Sen Fal. Svet opasnih \u017eivotinjskih vrsta preobra\u0107en je u opu\u0161tenu dru\u017einu koja uveseljava rasko\u0161nom upotrebom boja.<\/p>\t\t\t\t\t\t\t\t<\/div>\n\t\t\t\t<\/div>\n\t\t\t\t\t<\/div>\n\t\t<\/div>\n\t\t\t\t<div class=\"elementor-column elementor-col-50 elementor-top-column elementor-element elementor-element-3b3624a\" data-id=\"3b3624a\" data-element_type=\"column\" data-e-type=\"column\">\n\t\t\t<div class=\"elementor-widget-wrap elementor-element-populated\">\n\t\t\t\t\t\t<div class=\"elementor-element elementor-element-454b7ca elementor-widget elementor-widget-text-editor\" data-id=\"454b7ca\" data-element_type=\"widget\" data-e-type=\"widget\" data-widget_type=\"text-editor.default\">\n\t\t\t\t<div class=\"elementor-widget-container\">\n\t\t\t\t\t\t\t\t\t<p>After great traumas from her childhood, Niki spreads joy through her sculptures, cheers up, and invites children to play.<\/p>\t\t\t\t\t\t\t\t<\/div>\n\t\t\t\t<\/div>\n\t\t\t\t\t<\/div>\n\t\t<\/div>\n\t\t\t\t\t<\/div>\n\t\t<\/section>\n\t\t\t\t<section class=\"elementor-section elementor-top-section elementor-element elementor-element-b445c08 elementor-section-boxed elementor-section-height-default elementor-section-height-default qodef-elementor-content-no\" data-id=\"b445c08\" data-element_type=\"section\" data-e-type=\"section\">\n\t\t\t\t\t\t<div class=\"elementor-container elementor-column-gap-default\">\n\t\t\t\t\t<div class=\"elementor-column elementor-col-50 elementor-top-column elementor-element elementor-element-df206f0\" data-id=\"df206f0\" data-element_type=\"column\" data-e-type=\"column\">\n\t\t\t<div class=\"elementor-widget-wrap elementor-element-populated\">\n\t\t\t\t\t\t<div class=\"elementor-element elementor-element-0a5ff44 elementor-widget elementor-widget-image\" data-id=\"0a5ff44\" data-element_type=\"widget\" data-e-type=\"widget\" data-widget_type=\"image.default\">\n\t\t\t\t<div class=\"elementor-widget-container\">\n\t\t\t\t\t\t\t\t\t\t\t\t<figure class=\"wp-caption\">\n\t\t\t\t\t\t\t\t\t\t<img loading=\"lazy\" decoding=\"async\" width=\"600\" height=\"800\" src=\"https:\/\/arxxitektura.rs\/wp-content\/uploads\/2024\/01\/Niki-de-saint-phalle-lobanja.jpg\" class=\"attachment-large size-large wp-image-16314\" alt=\"Niki d&apos;Sen Fal, skulptura lobanje sa zlatnim zubima\" srcset=\"https:\/\/arxxitektura.rs\/wp-content\/uploads\/2024\/01\/Niki-de-saint-phalle-lobanja.jpg 600w, https:\/\/arxxitektura.rs\/wp-content\/uploads\/2024\/01\/Niki-de-saint-phalle-lobanja-225x300.jpg 225w, https:\/\/arxxitektura.rs\/wp-content\/uploads\/2024\/01\/Niki-de-saint-phalle-lobanja-9x12.jpg 9w\" sizes=\"(max-width: 600px) 100vw, 600px\" \/>\t\t\t\t\t\t\t\t\t\t\t<figcaption class=\"widget-image-caption wp-caption-text\">Niki d'Sen Fal, Lobanja sa zlatnim zubima<\/figcaption>\n\t\t\t\t\t\t\t\t\t\t<\/figure>\n\t\t\t\t\t\t\t\t\t<\/div>\n\t\t\t\t<\/div>\n\t\t\t\t<div class=\"elementor-element elementor-element-f95bd5f elementor-widget elementor-widget-text-editor\" data-id=\"f95bd5f\" data-element_type=\"widget\" data-e-type=\"widget\" data-widget_type=\"text-editor.default\">\n\t\t\t\t<div class=\"elementor-widget-container\">\n\t\t\t\t\t\t\t\t\t<p>&#8220;<a href=\"https:\/\/www.flickr.com\/photos\/129231073@N06\/16020180325\" target=\"_blank\" rel=\"noopener noreferrer\">Niki de Saint Phalle &#8211; Grand Palais, Paris<\/a>&#8221; by\u00a0<a href=\"https:\/\/www.flickr.com\/photos\/129231073@N06\" target=\"_blank\" rel=\"noopener noreferrer\">corno.fulgur75<\/a>\u00a0is licensed under\u00a0<a href=\"https:\/\/creativecommons.org\/licenses\/by\/2.0\/?ref=openverse\" target=\"_blank\" rel=\"noopener noreferrer\">CC BY 2.0<\/a>.<\/p>\t\t\t\t\t\t\t\t<\/div>\n\t\t\t\t<\/div>\n\t\t\t\t\t<\/div>\n\t\t<\/div>\n\t\t\t\t<div class=\"elementor-column elementor-col-50 elementor-top-column elementor-element elementor-element-4b3b7c6\" data-id=\"4b3b7c6\" data-element_type=\"column\" data-e-type=\"column\">\n\t\t\t<div class=\"elementor-widget-wrap elementor-element-populated\">\n\t\t\t\t\t\t<section class=\"elementor-section elementor-inner-section elementor-element elementor-element-9db046e elementor-section-boxed elementor-section-height-default elementor-section-height-default qodef-elementor-content-no\" data-id=\"9db046e\" data-element_type=\"section\" data-e-type=\"section\">\n\t\t\t\t\t\t<div class=\"elementor-container elementor-column-gap-default\">\n\t\t\t\t\t<div class=\"elementor-column elementor-col-100 elementor-inner-column elementor-element elementor-element-f4ed327\" data-id=\"f4ed327\" data-element_type=\"column\" data-e-type=\"column\">\n\t\t\t<div class=\"elementor-widget-wrap elementor-element-populated\">\n\t\t\t\t\t\t<div class=\"elementor-element elementor-element-4bbf423 elementor-widget elementor-widget-image\" data-id=\"4bbf423\" data-element_type=\"widget\" data-e-type=\"widget\" data-widget_type=\"image.default\">\n\t\t\t\t<div class=\"elementor-widget-container\">\n\t\t\t\t\t\t\t\t\t\t\t\t<figure class=\"wp-caption\">\n\t\t\t\t\t\t\t\t\t\t<img loading=\"lazy\" decoding=\"async\" width=\"1024\" height=\"674\" src=\"https:\/\/arxxitektura.rs\/wp-content\/uploads\/2024\/01\/Niki-de-Saint-Phalle-Tri-Gracije.jpg\" class=\"attachment-large size-large wp-image-16138\" alt=\"Niki de Saint Phalle, Tri gracije , skulpture tri razigrane korpulentne \u017eene u beloj, crnoj i \u017eutoj boji ko\u017ee\" srcset=\"https:\/\/arxxitektura.rs\/wp-content\/uploads\/2024\/01\/Niki-de-Saint-Phalle-Tri-Gracije.jpg 1024w, https:\/\/arxxitektura.rs\/wp-content\/uploads\/2024\/01\/Niki-de-Saint-Phalle-Tri-Gracije-300x197.jpg 300w, https:\/\/arxxitektura.rs\/wp-content\/uploads\/2024\/01\/Niki-de-Saint-Phalle-Tri-Gracije-768x506.jpg 768w, https:\/\/arxxitektura.rs\/wp-content\/uploads\/2024\/01\/Niki-de-Saint-Phalle-Tri-Gracije-18x12.jpg 18w\" sizes=\"(max-width: 1024px) 100vw, 1024px\" \/>\t\t\t\t\t\t\t\t\t\t\t<figcaption class=\"widget-image-caption wp-caption-text\">Niki de Saint Phalle , Tri Gracije, <\/figcaption>\n\t\t\t\t\t\t\t\t\t\t<\/figure>\n\t\t\t\t\t\t\t\t\t<\/div>\n\t\t\t\t<\/div>\n\t\t\t\t<div class=\"elementor-element elementor-element-5542af6 elementor-widget elementor-widget-text-editor\" data-id=\"5542af6\" data-element_type=\"widget\" data-e-type=\"widget\" data-widget_type=\"text-editor.default\">\n\t\t\t\t<div class=\"elementor-widget-container\">\n\t\t\t\t\t\t\t\t\t<p>&#8220;<a href=\"https:\/\/www.flickr.com\/photos\/65193799@N00\/4602662286\" target=\"_blank\" rel=\"noopener noreferrer\">&#8216;Les Trois Graces&#8217; by Niki de Saint Phalle<\/a>&#8221; by\u00a0<a href=\"https:\/\/www.flickr.com\/photos\/65193799@N00\" target=\"_blank\" rel=\"noopener noreferrer\">dbking<\/a>\u00a0is licensed under\u00a0<a href=\"https:\/\/creativecommons.org\/licenses\/by\/2.0\/?ref=openverse\" target=\"_blank\" rel=\"noopener noreferrer\">CC BY 2.0<\/a>.<\/p>\t\t\t\t\t\t\t\t<\/div>\n\t\t\t\t<\/div>\n\t\t\t\t\t<\/div>\n\t\t<\/div>\n\t\t\t\t\t<\/div>\n\t\t<\/section>\n\t\t\t\t\t<\/div>\n\t\t<\/div>\n\t\t\t\t\t<\/div>\n\t\t<\/section>\n\t\t\t\t<section class=\"elementor-section elementor-top-section elementor-element elementor-element-cd5462a elementor-section-boxed elementor-section-height-default elementor-section-height-default qodef-elementor-content-no\" data-id=\"cd5462a\" data-element_type=\"section\" data-e-type=\"section\">\n\t\t\t\t\t\t<div class=\"elementor-container elementor-column-gap-default\">\n\t\t\t\t\t<div class=\"elementor-column elementor-col-100 elementor-top-column elementor-element elementor-element-58a5082\" data-id=\"58a5082\" data-element_type=\"column\" data-e-type=\"column\">\n\t\t\t<div class=\"elementor-widget-wrap\">\n\t\t\t\t\t\t\t<\/div>\n\t\t<\/div>\n\t\t\t\t\t<\/div>\n\t\t<\/section>\n\t\t\t\t<\/div>","protected":false},"excerpt":{"rendered":"<p>\u0160arene skulpture Niki d'Sen Fal pozivaju na igru i veselje. Tu su da nas opuste i ponesu u sre\u0107no detinjstvo.<\/p>","protected":false},"author":1,"featured_media":16138,"comment_status":"closed","ping_status":"open","sticky":false,"template":"","format":"standard","meta":{"_jetpack_newsletter_access":"","_jetpack_dont_email_post_to_subs":false,"_jetpack_newsletter_tier_id":0,"_jetpack_memberships_contains_paywalled_content":false,"_jetpack_memberships_contains_paid_content":false,"footnotes":""},"categories":[16],"tags":[],"class_list":["post-16140","post","type-post","status-publish","format-standard","has-post-thumbnail","hentry","category-art"],"yoast_head":"<!-- This site is optimized with the Yoast SEO plugin v28.4 - https:\/\/yoast.com\/product\/yoast-seo-wordpress\/ -->\n<title>Vesele \u017eene Niki d&#039;Sen Fal &#8902; ARXXITEKTURA<\/title>\n<meta name=\"description\" content=\"\u0160arene skulpture Niki d&#039;Sen Fal pozivaju na igru i veselje. Tu su da nas opuste i ponesu u sre\u0107no detinjstvo.\" \/>\n<meta name=\"robots\" content=\"index, nofollow, max-snippet:-1, max-image-preview:large, max-video-preview:-1\" \/>\n<link rel=\"canonical\" href=\"https:\/\/arxxitektura.rs\/en\/vesele-zene-niki-de-sen-fal\/\" \/>\n<meta property=\"og:locale\" content=\"en_US\" \/>\n<meta property=\"og:type\" content=\"article\" \/>\n<meta property=\"og:title\" content=\"Vesele \u017eene Niki d&#039;Sen Fal &#8902; ARXXITEKTURA\" \/>\n<meta property=\"og:description\" content=\"\u0160arene skulpture Niki d&#039;Sen Fal pozivaju na igru i veselje. Tu su da nas opuste i ponesu u sre\u0107no detinjstvo.\" \/>\n<meta property=\"og:url\" content=\"https:\/\/arxxitektura.rs\/en\/vesele-zene-niki-de-sen-fal\/\" \/>\n<meta property=\"og:site_name\" content=\"ARXXITEKTURA\" \/>\n<meta property=\"article:published_time\" content=\"2025-05-10T07:21:19+00:00\" \/>\n<meta property=\"article:modified_time\" content=\"2025-08-11T08:22:24+00:00\" \/>\n<meta property=\"og:image\" content=\"https:\/\/arxxitektura.rs\/wp-content\/uploads\/2024\/01\/Niki-de-Saint-Phalle-Tri-Gracije.jpg\" \/>\n\t<meta property=\"og:image:width\" content=\"1024\" \/>\n\t<meta property=\"og:image:height\" content=\"674\" \/>\n\t<meta property=\"og:image:type\" content=\"image\/jpeg\" \/>\n<meta name=\"author\" content=\"arxxi_admin\" \/>\n<meta name=\"twitter:card\" content=\"summary_large_image\" \/>\n<meta name=\"twitter:label1\" content=\"Written by\" \/>\n\t<meta name=\"twitter:data1\" content=\"arxxi_admin\" \/>\n\t<meta name=\"twitter:label2\" content=\"Est. reading time\" \/>\n\t<meta name=\"twitter:data2\" content=\"2 minutes\" \/>\n<script type=\"application\/ld+json\" class=\"yoast-schema-graph\">{\"@context\":\"https:\\\/\\\/schema.org\",\"@graph\":[{\"@type\":\"Article\",\"@id\":\"https:\\\/\\\/arxxitektura.rs\\\/vesele-zene-niki-de-sen-fal\\\/#article\",\"isPartOf\":{\"@id\":\"https:\\\/\\\/arxxitektura.rs\\\/vesele-zene-niki-de-sen-fal\\\/\"},\"author\":{\"name\":\"arxxi_admin\",\"@id\":\"https:\\\/\\\/arxxitektura.rs\\\/#\\\/schema\\\/person\\\/4d705f725a59e45c7211c1b818ba95c1\"},\"headline\":\"Vesele \u017eene Niki d'Sen Fal\",\"datePublished\":\"2025-05-10T07:21:19+00:00\",\"dateModified\":\"2025-08-11T08:22:24+00:00\",\"mainEntityOfPage\":{\"@id\":\"https:\\\/\\\/arxxitektura.rs\\\/vesele-zene-niki-de-sen-fal\\\/\"},\"wordCount\":1269,\"publisher\":{\"@id\":\"https:\\\/\\\/arxxitektura.rs\\\/#\\\/schema\\\/person\\\/4d705f725a59e45c7211c1b818ba95c1\"},\"image\":{\"@id\":\"https:\\\/\\\/arxxitektura.rs\\\/vesele-zene-niki-de-sen-fal\\\/#primaryimage\"},\"thumbnailUrl\":\"https:\\\/\\\/arxxitektura.rs\\\/wp-content\\\/uploads\\\/2024\\\/01\\\/Niki-de-Saint-Phalle-Tri-Gracije.jpg\",\"articleSection\":[\"Art\"],\"inLanguage\":\"en-US\"},{\"@type\":\"WebPage\",\"@id\":\"https:\\\/\\\/arxxitektura.rs\\\/vesele-zene-niki-de-sen-fal\\\/\",\"url\":\"https:\\\/\\\/arxxitektura.rs\\\/vesele-zene-niki-de-sen-fal\\\/\",\"name\":\"Vesele \u017eene Niki d'Sen Fal &#8902; ARXXITEKTURA\",\"isPartOf\":{\"@id\":\"https:\\\/\\\/arxxitektura.rs\\\/#website\"},\"primaryImageOfPage\":{\"@id\":\"https:\\\/\\\/arxxitektura.rs\\\/vesele-zene-niki-de-sen-fal\\\/#primaryimage\"},\"image\":{\"@id\":\"https:\\\/\\\/arxxitektura.rs\\\/vesele-zene-niki-de-sen-fal\\\/#primaryimage\"},\"thumbnailUrl\":\"https:\\\/\\\/arxxitektura.rs\\\/wp-content\\\/uploads\\\/2024\\\/01\\\/Niki-de-Saint-Phalle-Tri-Gracije.jpg\",\"datePublished\":\"2025-05-10T07:21:19+00:00\",\"dateModified\":\"2025-08-11T08:22:24+00:00\",\"description\":\"\u0160arene skulpture Niki d'Sen Fal pozivaju na igru i veselje. Tu su da nas opuste i ponesu u sre\u0107no detinjstvo.\",\"breadcrumb\":{\"@id\":\"https:\\\/\\\/arxxitektura.rs\\\/vesele-zene-niki-de-sen-fal\\\/#breadcrumb\"},\"inLanguage\":\"en-US\",\"potentialAction\":[{\"@type\":\"ReadAction\",\"target\":[\"https:\\\/\\\/arxxitektura.rs\\\/vesele-zene-niki-de-sen-fal\\\/\"]}]},{\"@type\":\"ImageObject\",\"inLanguage\":\"en-US\",\"@id\":\"https:\\\/\\\/arxxitektura.rs\\\/vesele-zene-niki-de-sen-fal\\\/#primaryimage\",\"url\":\"https:\\\/\\\/arxxitektura.rs\\\/wp-content\\\/uploads\\\/2024\\\/01\\\/Niki-de-Saint-Phalle-Tri-Gracije.jpg\",\"contentUrl\":\"https:\\\/\\\/arxxitektura.rs\\\/wp-content\\\/uploads\\\/2024\\\/01\\\/Niki-de-Saint-Phalle-Tri-Gracije.jpg\",\"width\":1024,\"height\":674,\"caption\":\"Niki de Saint Phalle , Tri Gracije,\"},{\"@type\":\"BreadcrumbList\",\"@id\":\"https:\\\/\\\/arxxitektura.rs\\\/vesele-zene-niki-de-sen-fal\\\/#breadcrumb\",\"itemListElement\":[{\"@type\":\"ListItem\",\"position\":1,\"name\":\"Home\",\"item\":\"https:\\\/\\\/arxxitektura.rs\\\/\"},{\"@type\":\"ListItem\",\"position\":2,\"name\":\"Vesele \u017eene Niki d'Sen Fal\"}]},{\"@type\":\"WebSite\",\"@id\":\"https:\\\/\\\/arxxitektura.rs\\\/#website\",\"url\":\"https:\\\/\\\/arxxitektura.rs\\\/\",\"name\":\"ARXXITEKTURA\",\"description\":\"Blog  Umetnost Kontrasta\",\"publisher\":{\"@id\":\"https:\\\/\\\/arxxitektura.rs\\\/#\\\/schema\\\/person\\\/4d705f725a59e45c7211c1b818ba95c1\"},\"potentialAction\":[{\"@type\":\"SearchAction\",\"target\":{\"@type\":\"EntryPoint\",\"urlTemplate\":\"https:\\\/\\\/arxxitektura.rs\\\/?s={search_term_string}\"},\"query-input\":{\"@type\":\"PropertyValueSpecification\",\"valueRequired\":true,\"valueName\":\"search_term_string\"}}],\"inLanguage\":\"en-US\"},{\"@type\":[\"Person\",\"Organization\"],\"@id\":\"https:\\\/\\\/arxxitektura.rs\\\/#\\\/schema\\\/person\\\/4d705f725a59e45c7211c1b818ba95c1\",\"name\":\"arxxi_admin\",\"image\":{\"@type\":\"ImageObject\",\"inLanguage\":\"en-US\",\"@id\":\"https:\\\/\\\/arxxitektura.rs\\\/wp-content\\\/uploads\\\/2021\\\/06\\\/portret-za-avatar.jpg\",\"url\":\"https:\\\/\\\/arxxitektura.rs\\\/wp-content\\\/uploads\\\/2021\\\/06\\\/portret-za-avatar.jpg\",\"contentUrl\":\"https:\\\/\\\/arxxitektura.rs\\\/wp-content\\\/uploads\\\/2021\\\/06\\\/portret-za-avatar.jpg\",\"width\":281,\"height\":500,\"caption\":\"arxxi_admin\"},\"logo\":{\"@id\":\"https:\\\/\\\/arxxitektura.rs\\\/wp-content\\\/uploads\\\/2021\\\/06\\\/portret-za-avatar.jpg\"},\"description\":\"Arhitekta po obrazovanju . Istra\u017eujem teoretske osnove izgradnje savremenih objekata u istorijskom gradskom jezgru . Za\u0161tita istorijskog nasle\u0111a kroz revitalizaciju - novi \u017eivot za stare objekte .\",\"sameAs\":[\"https:\\\/\\\/arxxitektura.rs\",\"https:\\\/\\\/www.instagram.com\\\/arxxitekt\\\/\",\"https:\\\/\\\/www.pinterest.com\\\/artofcontrasting\\\/\",\"https:\\\/\\\/www.youtube.com\\\/channel\\\/UCAQHSoecXQ2ppMNFcrAO-4w\"]}]}<\/script>\n<!-- \/ Yoast SEO plugin. -->","yoast_head_json":{"title":"Vesele \u017eene Niki d'Sen Fal &#8902; ARXXITEKTURA","description":"\u0160arene skulpture Niki d'Sen Fal pozivaju na igru i veselje. Tu su da nas opuste i ponesu u sre\u0107no detinjstvo.","robots":{"index":"index","follow":"nofollow","max-snippet":"max-snippet:-1","max-image-preview":"max-image-preview:large","max-video-preview":"max-video-preview:-1"},"canonical":"https:\/\/arxxitektura.rs\/en\/vesele-zene-niki-de-sen-fal\/","og_locale":"en_US","og_type":"article","og_title":"Vesele \u017eene Niki d'Sen Fal &#8902; ARXXITEKTURA","og_description":"\u0160arene skulpture Niki d'Sen Fal pozivaju na igru i veselje. Tu su da nas opuste i ponesu u sre\u0107no detinjstvo.","og_url":"https:\/\/arxxitektura.rs\/en\/vesele-zene-niki-de-sen-fal\/","og_site_name":"ARXXITEKTURA","article_published_time":"2025-05-10T07:21:19+00:00","article_modified_time":"2025-08-11T08:22:24+00:00","og_image":[{"width":1024,"height":674,"url":"https:\/\/arxxitektura.rs\/wp-content\/uploads\/2024\/01\/Niki-de-Saint-Phalle-Tri-Gracije.jpg","type":"image\/jpeg"}],"author":"arxxi_admin","twitter_card":"summary_large_image","twitter_misc":{"Written by":"arxxi_admin","Est. reading time":"2 minutes"},"schema":{"@context":"https:\/\/schema.org","@graph":[{"@type":"Article","@id":"https:\/\/arxxitektura.rs\/vesele-zene-niki-de-sen-fal\/#article","isPartOf":{"@id":"https:\/\/arxxitektura.rs\/vesele-zene-niki-de-sen-fal\/"},"author":{"name":"arxxi_admin","@id":"https:\/\/arxxitektura.rs\/#\/schema\/person\/4d705f725a59e45c7211c1b818ba95c1"},"headline":"Vesele \u017eene Niki d'Sen Fal","datePublished":"2025-05-10T07:21:19+00:00","dateModified":"2025-08-11T08:22:24+00:00","mainEntityOfPage":{"@id":"https:\/\/arxxitektura.rs\/vesele-zene-niki-de-sen-fal\/"},"wordCount":1269,"publisher":{"@id":"https:\/\/arxxitektura.rs\/#\/schema\/person\/4d705f725a59e45c7211c1b818ba95c1"},"image":{"@id":"https:\/\/arxxitektura.rs\/vesele-zene-niki-de-sen-fal\/#primaryimage"},"thumbnailUrl":"https:\/\/arxxitektura.rs\/wp-content\/uploads\/2024\/01\/Niki-de-Saint-Phalle-Tri-Gracije.jpg","articleSection":["Art"],"inLanguage":"en-US"},{"@type":"WebPage","@id":"https:\/\/arxxitektura.rs\/vesele-zene-niki-de-sen-fal\/","url":"https:\/\/arxxitektura.rs\/vesele-zene-niki-de-sen-fal\/","name":"Vesele \u017eene Niki d'Sen Fal &#8902; ARXXITEKTURA","isPartOf":{"@id":"https:\/\/arxxitektura.rs\/#website"},"primaryImageOfPage":{"@id":"https:\/\/arxxitektura.rs\/vesele-zene-niki-de-sen-fal\/#primaryimage"},"image":{"@id":"https:\/\/arxxitektura.rs\/vesele-zene-niki-de-sen-fal\/#primaryimage"},"thumbnailUrl":"https:\/\/arxxitektura.rs\/wp-content\/uploads\/2024\/01\/Niki-de-Saint-Phalle-Tri-Gracije.jpg","datePublished":"2025-05-10T07:21:19+00:00","dateModified":"2025-08-11T08:22:24+00:00","description":"\u0160arene skulpture Niki d'Sen Fal pozivaju na igru i veselje. Tu su da nas opuste i ponesu u sre\u0107no detinjstvo.","breadcrumb":{"@id":"https:\/\/arxxitektura.rs\/vesele-zene-niki-de-sen-fal\/#breadcrumb"},"inLanguage":"en-US","potentialAction":[{"@type":"ReadAction","target":["https:\/\/arxxitektura.rs\/vesele-zene-niki-de-sen-fal\/"]}]},{"@type":"ImageObject","inLanguage":"en-US","@id":"https:\/\/arxxitektura.rs\/vesele-zene-niki-de-sen-fal\/#primaryimage","url":"https:\/\/arxxitektura.rs\/wp-content\/uploads\/2024\/01\/Niki-de-Saint-Phalle-Tri-Gracije.jpg","contentUrl":"https:\/\/arxxitektura.rs\/wp-content\/uploads\/2024\/01\/Niki-de-Saint-Phalle-Tri-Gracije.jpg","width":1024,"height":674,"caption":"Niki de Saint Phalle , Tri Gracije,"},{"@type":"BreadcrumbList","@id":"https:\/\/arxxitektura.rs\/vesele-zene-niki-de-sen-fal\/#breadcrumb","itemListElement":[{"@type":"ListItem","position":1,"name":"Home","item":"https:\/\/arxxitektura.rs\/"},{"@type":"ListItem","position":2,"name":"Vesele \u017eene Niki d'Sen Fal"}]},{"@type":"WebSite","@id":"https:\/\/arxxitektura.rs\/#website","url":"https:\/\/arxxitektura.rs\/","name":"ARXXITEKTURA","description":"Blog  Umetnost Kontrasta","publisher":{"@id":"https:\/\/arxxitektura.rs\/#\/schema\/person\/4d705f725a59e45c7211c1b818ba95c1"},"potentialAction":[{"@type":"SearchAction","target":{"@type":"EntryPoint","urlTemplate":"https:\/\/arxxitektura.rs\/?s={search_term_string}"},"query-input":{"@type":"PropertyValueSpecification","valueRequired":true,"valueName":"search_term_string"}}],"inLanguage":"en-US"},{"@type":["Person","Organization"],"@id":"https:\/\/arxxitektura.rs\/#\/schema\/person\/4d705f725a59e45c7211c1b818ba95c1","name":"arxxi_admin","image":{"@type":"ImageObject","inLanguage":"en-US","@id":"https:\/\/arxxitektura.rs\/wp-content\/uploads\/2021\/06\/portret-za-avatar.jpg","url":"https:\/\/arxxitektura.rs\/wp-content\/uploads\/2021\/06\/portret-za-avatar.jpg","contentUrl":"https:\/\/arxxitektura.rs\/wp-content\/uploads\/2021\/06\/portret-za-avatar.jpg","width":281,"height":500,"caption":"arxxi_admin"},"logo":{"@id":"https:\/\/arxxitektura.rs\/wp-content\/uploads\/2021\/06\/portret-za-avatar.jpg"},"description":"Architect by education. I am researching the theoretical foundations of the construction of modern buildings in the historic city core. Protection of historical heritage through revitalization - new life for old buildings.","sameAs":["https:\/\/arxxitektura.rs","https:\/\/www.instagram.com\/arxxitekt\/","https:\/\/www.pinterest.com\/artofcontrasting\/","https:\/\/www.youtube.com\/channel\/UCAQHSoecXQ2ppMNFcrAO-4w"]}]}},"jetpack_sharing_enabled":true,"jetpack_featured_media_url":"https:\/\/arxxitektura.rs\/wp-content\/uploads\/2024\/01\/Niki-de-Saint-Phalle-Tri-Gracije.jpg","_links":{"self":[{"href":"https:\/\/arxxitektura.rs\/en\/wp-json\/wp\/v2\/posts\/16140","targetHints":{"allow":["GET"]}}],"collection":[{"href":"https:\/\/arxxitektura.rs\/en\/wp-json\/wp\/v2\/posts"}],"about":[{"href":"https:\/\/arxxitektura.rs\/en\/wp-json\/wp\/v2\/types\/post"}],"author":[{"embeddable":true,"href":"https:\/\/arxxitektura.rs\/en\/wp-json\/wp\/v2\/users\/1"}],"replies":[{"embeddable":true,"href":"https:\/\/arxxitektura.rs\/en\/wp-json\/wp\/v2\/comments?post=16140"}],"version-history":[{"count":239,"href":"https:\/\/arxxitektura.rs\/en\/wp-json\/wp\/v2\/posts\/16140\/revisions"}],"predecessor-version":[{"id":17025,"href":"https:\/\/arxxitektura.rs\/en\/wp-json\/wp\/v2\/posts\/16140\/revisions\/17025"}],"wp:featuredmedia":[{"embeddable":true,"href":"https:\/\/arxxitektura.rs\/en\/wp-json\/wp\/v2\/media\/16138"}],"wp:attachment":[{"href":"https:\/\/arxxitektura.rs\/en\/wp-json\/wp\/v2\/media?parent=16140"}],"wp:term":[{"taxonomy":"category","embeddable":true,"href":"https:\/\/arxxitektura.rs\/en\/wp-json\/wp\/v2\/categories?post=16140"},{"taxonomy":"post_tag","embeddable":true,"href":"https:\/\/arxxitektura.rs\/en\/wp-json\/wp\/v2\/tags?post=16140"}],"curies":[{"name":"wp","href":"https:\/\/api.w.org\/{rel}","templated":true}]}}