{"id":16693,"date":"2025-05-08T11:17:32","date_gmt":"2025-05-08T09:17:32","guid":{"rendered":"https:\/\/arxxitektura.rs\/?p=16693"},"modified":"2026-02-26T09:19:23","modified_gmt":"2026-02-26T08:19:23","slug":"milena-pavlovic-barilli-oslikava-svoju-dualnost","status":"publish","type":"post","link":"https:\/\/arxxitektura.rs\/en\/milena-pavlovic-barilli-oslikava-svoju-dualnost\/","title":{"rendered":"Milena Pavlovi\u0107 Barilli portrays her duality"},"content":{"rendered":"<div data-elementor-type=\"wp-post\" data-elementor-id=\"16693\" class=\"elementor elementor-16693\">\n\t\t\t\t\t\t<section class=\"elementor-section elementor-top-section elementor-element elementor-element-528df3a elementor-section-stretched elementor-section-boxed elementor-section-height-default elementor-section-height-default qodef-elementor-content-no\" data-id=\"528df3a\" data-element_type=\"section\" data-e-type=\"section\" data-settings=\"{&quot;stretch_section&quot;:&quot;section-stretched&quot;}\">\n\t\t\t\t\t\t<div class=\"elementor-container elementor-column-gap-default\">\n\t\t\t\t\t<div class=\"elementor-column elementor-col-100 elementor-top-column elementor-element elementor-element-0ebc280\" data-id=\"0ebc280\" data-element_type=\"column\" data-e-type=\"column\">\n\t\t\t<div class=\"elementor-widget-wrap elementor-element-populated\">\n\t\t\t\t\t\t<div class=\"elementor-element elementor-element-23f68af elementor-widget elementor-widget-elipsa_core_dropcaps\" data-id=\"23f68af\" data-element_type=\"widget\" data-e-type=\"widget\" data-widget_type=\"elipsa_core_dropcaps.default\">\n\t\t\t\t<div class=\"elementor-widget-container\">\n\t\t\t\t\t<div class=\"qodef-shortcode qodef-m qodef-dropcaps qodef-type--simple\">\n\t<span class=\"qodef-m-letter\" >M<\/span>\n\t\t\t<p class=\"qodef-m-text\" >Milena Pavlovi\u0107 Barilli lived only 36 years (1909-1945), but, during her brief lifetime, she left an indelible mark on the Yugoslav-Serbian art scene. She was descended from the Karadjordjevi\u0107 royal dynasty on her mother's side, while her father, Bruno Barilli, was a violinist of Italian origin. This background contributed to her cosmopolitan outlook and allowed her to enter high social circles from the beginning of her career.<\/p>\n\t<\/div>\t\t\t\t<\/div>\n\t\t\t\t<\/div>\n\t\t\t\t\t<\/div>\n\t\t<\/div>\n\t\t\t\t\t<\/div>\n\t\t<\/section>\n\t\t\t\t<section class=\"elementor-section elementor-top-section elementor-element elementor-element-16bdea8 elementor-section-stretched elementor-section-boxed elementor-section-height-default elementor-section-height-default qodef-elementor-content-no\" data-id=\"16bdea8\" data-element_type=\"section\" data-e-type=\"section\" data-settings=\"{&quot;stretch_section&quot;:&quot;section-stretched&quot;}\">\n\t\t\t\t\t\t<div class=\"elementor-container elementor-column-gap-default\">\n\t\t\t\t\t<div class=\"elementor-column elementor-col-100 elementor-top-column elementor-element elementor-element-9675026\" data-id=\"9675026\" data-element_type=\"column\" data-e-type=\"column\">\n\t\t\t<div class=\"elementor-widget-wrap elementor-element-populated\">\n\t\t\t\t\t\t<div class=\"elementor-element elementor-element-0474987 elementor-widget elementor-widget-text-editor\" data-id=\"0474987\" data-element_type=\"widget\" data-e-type=\"widget\" data-widget_type=\"text-editor.default\">\n\t\t\t\t<div class=\"elementor-widget-container\">\n\t\t\t\t\t\t\t\t\t<p>She moved between Po\u017earevac, Germany, Spain, Italy, France and America.<\/p><p>She lives in Paris after completing her studies, where she is at the center of the latest events. She attends public debates on art, learns about the newest works in Hollywood cinematography, and reads the latest editions of poetry by Andr\u00e9 Breton, the founder of the Surrealism art movement. In addition, she has met the most important intellectuals who shaped artistic trends from the beginning of the 20th century. All of this provides an excellent foundation for her to explore a new artistic expression. Milena Pavlovi\u0107 Barilli illustrates duality in her work.<\/p><ol start=\"1932\"><li>1932. She exhibited her work independently in Paris at the Jeune Europe gallery, after which she went to Rome to continue her artistic development.<\/li><\/ol>\t\t\t\t\t\t\t\t<\/div>\n\t\t\t\t<\/div>\n\t\t\t\t\t<\/div>\n\t\t<\/div>\n\t\t\t\t\t<\/div>\n\t\t<\/section>\n\t\t\t\t<section class=\"elementor-section elementor-top-section elementor-element elementor-element-12ad5ba elementor-section-boxed elementor-section-height-default elementor-section-height-default qodef-elementor-content-no\" data-id=\"12ad5ba\" data-element_type=\"section\" data-e-type=\"section\">\n\t\t\t\t\t\t<div class=\"elementor-container elementor-column-gap-default\">\n\t\t\t\t\t<div class=\"elementor-column elementor-col-100 elementor-top-column elementor-element elementor-element-6cba74c\" data-id=\"6cba74c\" data-element_type=\"column\" data-e-type=\"column\">\n\t\t\t<div class=\"elementor-widget-wrap elementor-element-populated\">\n\t\t\t\t\t\t<div class=\"elementor-element elementor-element-0c139f7 elementor-widget elementor-widget-heading\" data-id=\"0c139f7\" data-element_type=\"widget\" data-e-type=\"widget\" data-widget_type=\"heading.default\">\n\t\t\t\t<div class=\"elementor-widget-container\">\n\t\t\t\t\t<h5 class=\"elementor-heading-title elementor-size-default\">Milena Pavlovi\u0107 Barilli is both a painter and a poet <\/h5>\t\t\t\t<\/div>\n\t\t\t\t<\/div>\n\t\t\t\t\t<\/div>\n\t\t<\/div>\n\t\t\t\t\t<\/div>\n\t\t<\/section>\n\t\t\t\t<section class=\"elementor-section elementor-top-section elementor-element elementor-element-eff2ecf qodef-elementor-content-grid elementor-section-stretched elementor-section-boxed elementor-section-height-default elementor-section-height-default\" data-id=\"eff2ecf\" data-element_type=\"section\" data-e-type=\"section\" data-settings=\"{&quot;stretch_section&quot;:&quot;section-stretched&quot;}\">\n\t\t\t\t\t\t<div class=\"elementor-container elementor-column-gap-default\">\n\t\t\t\t\t<div class=\"elementor-column elementor-col-100 elementor-top-column elementor-element elementor-element-3bb1d8d\" data-id=\"3bb1d8d\" data-element_type=\"column\" data-e-type=\"column\">\n\t\t\t<div class=\"elementor-widget-wrap elementor-element-populated\">\n\t\t\t\t\t\t<div class=\"elementor-element elementor-element-275e954 elementor-widget elementor-widget-elipsa_core_dropcaps\" data-id=\"275e954\" data-element_type=\"widget\" data-e-type=\"widget\" data-widget_type=\"elipsa_core_dropcaps.default\">\n\t\t\t\t<div class=\"elementor-widget-container\">\n\t\t\t\t\t<div class=\"qodef-shortcode qodef-m qodef-dropcaps qodef-type--simple\">\n\t<span class=\"qodef-m-letter\" ><\/span>\n\t<\/div>\t\t\t\t<\/div>\n\t\t\t\t<\/div>\n\t\t\t\t\t<\/div>\n\t\t<\/div>\n\t\t\t\t\t<\/div>\n\t\t<\/section>\n\t\t\t\t<section class=\"elementor-section elementor-top-section elementor-element elementor-element-877b4b4 elementor-section-stretched elementor-section-boxed elementor-section-height-default elementor-section-height-default qodef-elementor-content-no\" data-id=\"877b4b4\" data-element_type=\"section\" data-e-type=\"section\" data-settings=\"{&quot;stretch_section&quot;:&quot;section-stretched&quot;}\">\n\t\t\t\t\t\t<div class=\"elementor-container elementor-column-gap-default\">\n\t\t\t\t\t<div class=\"elementor-column elementor-col-100 elementor-top-column elementor-element elementor-element-7339132\" data-id=\"7339132\" data-element_type=\"column\" data-e-type=\"column\">\n\t\t\t<div class=\"elementor-widget-wrap elementor-element-populated\">\n\t\t\t\t\t\t<section class=\"elementor-section elementor-inner-section elementor-element elementor-element-a82d9f3 elementor-section-boxed elementor-section-height-default elementor-section-height-default qodef-elementor-content-no\" data-id=\"a82d9f3\" data-element_type=\"section\" data-e-type=\"section\">\n\t\t\t\t\t\t<div class=\"elementor-container elementor-column-gap-default\">\n\t\t\t\t\t<div class=\"elementor-column elementor-col-50 elementor-inner-column elementor-element elementor-element-f04bea3\" data-id=\"f04bea3\" data-element_type=\"column\" data-e-type=\"column\">\n\t\t\t<div class=\"elementor-widget-wrap elementor-element-populated\">\n\t\t\t\t\t\t<div class=\"elementor-element elementor-element-107af29 elementor-widget elementor-widget-image\" data-id=\"107af29\" data-element_type=\"widget\" data-e-type=\"widget\" data-widget_type=\"image.default\">\n\t\t\t\t<div class=\"elementor-widget-container\">\n\t\t\t\t\t\t\t\t\t\t\t\t<figure class=\"wp-caption\">\n\t\t\t\t\t\t\t\t\t\t<img fetchpriority=\"high\" decoding=\"async\" width=\"768\" height=\"909\" src=\"https:\/\/arxxitektura.rs\/wp-content\/uploads\/2025\/01\/milena-pavlovic-barili-portret-q-768x909.jpg\" class=\"attachment-medium_large size-medium_large wp-image-16734\" alt=\"Autoportret 1938. Milena Pavlovi\u0107 Barilli\" srcset=\"https:\/\/arxxitektura.rs\/wp-content\/uploads\/2025\/01\/milena-pavlovic-barili-portret-q-768x909.jpg 768w, https:\/\/arxxitektura.rs\/wp-content\/uploads\/2025\/01\/milena-pavlovic-barili-portret-q-253x300.jpg 253w, https:\/\/arxxitektura.rs\/wp-content\/uploads\/2025\/01\/milena-pavlovic-barili-portret-q-10x12.jpg 10w, https:\/\/arxxitektura.rs\/wp-content\/uploads\/2025\/01\/milena-pavlovic-barili-portret-q.jpg 800w\" sizes=\"(max-width: 768px) 100vw, 768px\" \/>\t\t\t\t\t\t\t\t\t\t\t<figcaption class=\"widget-image-caption wp-caption-text\">Autoportret 1938. Milena Pavlovi\u0107 Barilli <\/figcaption>\n\t\t\t\t\t\t\t\t\t\t<\/figure>\n\t\t\t\t\t\t\t\t\t<\/div>\n\t\t\t\t<\/div>\n\t\t\t\t\t<\/div>\n\t\t<\/div>\n\t\t\t\t<div class=\"elementor-column elementor-col-50 elementor-inner-column elementor-element elementor-element-f955dc3\" data-id=\"f955dc3\" data-element_type=\"column\" data-e-type=\"column\">\n\t\t\t<div class=\"elementor-widget-wrap elementor-element-populated\">\n\t\t\t\t\t\t<div class=\"elementor-element elementor-element-c2a37c5 elementor-widget__width-initial elementor-widget-mobile__width-initial elementor-widget elementor-widget-image\" data-id=\"c2a37c5\" data-element_type=\"widget\" data-e-type=\"widget\" data-widget_type=\"image.default\">\n\t\t\t\t<div class=\"elementor-widget-container\">\n\t\t\t\t\t\t\t\t\t\t\t\t<figure class=\"wp-caption\">\n\t\t\t\t\t\t\t\t\t\t<img decoding=\"async\" width=\"768\" height=\"1024\" src=\"https:\/\/arxxitektura.rs\/wp-content\/uploads\/2025\/01\/milena-pavlovic-barili-ispred-crnog-zida-q-768x1024.jpg\" class=\"attachment-medium_large size-medium_large wp-image-16732\" alt=\"Autoportret sa velom 1939. Milena Pavlovi\u0107 Barilli\" srcset=\"https:\/\/arxxitektura.rs\/wp-content\/uploads\/2025\/01\/milena-pavlovic-barili-ispred-crnog-zida-q-768x1024.jpg 768w, https:\/\/arxxitektura.rs\/wp-content\/uploads\/2025\/01\/milena-pavlovic-barili-ispred-crnog-zida-q-225x300.jpg 225w, https:\/\/arxxitektura.rs\/wp-content\/uploads\/2025\/01\/milena-pavlovic-barili-ispred-crnog-zida-q-9x12.jpg 9w, https:\/\/arxxitektura.rs\/wp-content\/uploads\/2025\/01\/milena-pavlovic-barili-ispred-crnog-zida-q.jpg 800w\" sizes=\"(max-width: 768px) 100vw, 768px\" \/>\t\t\t\t\t\t\t\t\t\t\t<figcaption class=\"widget-image-caption wp-caption-text\">Autoportret sa velom 1939. Milena Pavlovi\u0107 Barilli <\/figcaption>\n\t\t\t\t\t\t\t\t\t\t<\/figure>\n\t\t\t\t\t\t\t\t\t<\/div>\n\t\t\t\t<\/div>\n\t\t\t\t\t<\/div>\n\t\t<\/div>\n\t\t\t\t\t<\/div>\n\t\t<\/section>\n\t\t\t\t<div class=\"elementor-element elementor-element-83a52b7 elementor-widget elementor-widget-text-editor\" data-id=\"83a52b7\" data-element_type=\"widget\" data-e-type=\"widget\" data-widget_type=\"text-editor.default\">\n\t\t\t\t<div class=\"elementor-widget-container\">\n\t\t\t\t\t\t\t\t\t<p>The paintings of Milena Pavlovi\u0107 Barilli do not belong to the artistic movement of surrealism as outlined in the 1924 Manifesto by its founder, the French poet Andr\u00e9 Breton. However, there is a subtle connection between her work and surrealism, particularly through her exploration of the irrational, as well as the dreams and songs she created.<\/p><p>She primarily wrote in Spanish, but most of her poems have been preserved in Italian and French. Although she did not give them titles, they were indicated with Roman numerals.<\/p>\t\t\t\t\t\t\t\t<\/div>\n\t\t\t\t<\/div>\n\t\t\t\t<section class=\"elementor-section elementor-inner-section elementor-element elementor-element-193dc56 elementor-section-boxed elementor-section-height-default elementor-section-height-default qodef-elementor-content-no\" data-id=\"193dc56\" data-element_type=\"section\" data-e-type=\"section\">\n\t\t\t\t\t\t<div class=\"elementor-container elementor-column-gap-default\">\n\t\t\t\t\t<div class=\"elementor-column elementor-col-50 elementor-inner-column elementor-element elementor-element-c31cbb0\" data-id=\"c31cbb0\" data-element_type=\"column\" data-e-type=\"column\">\n\t\t\t<div class=\"elementor-widget-wrap elementor-element-populated\">\n\t\t\t\t\t\t<div class=\"elementor-element elementor-element-311618c elementor-widget__width-initial elementor-widget elementor-widget-text-editor\" data-id=\"311618c\" data-element_type=\"widget\" data-e-type=\"widget\" data-widget_type=\"text-editor.default\">\n\t\t\t\t<div class=\"elementor-widget-container\">\n\t\t\t\t\t\t\t\t\t<p>The hour has come.<\/p><p>The passage is complete.<\/p><p>The moon has seen us off<\/p><p>with a thousand frozen tears.<\/p><p>Alone.<\/p><p>Solitary.<\/p><p>White.<\/p><p>We should remain.<\/p><p>We should remain.<\/p><p>With two nails in our pupils<\/p><p>so they never close again,<\/p><p>so we never feel tired again.<\/p>\t\t\t\t\t\t\t\t<\/div>\n\t\t\t\t<\/div>\n\t\t\t\t\t<\/div>\n\t\t<\/div>\n\t\t\t\t<div class=\"elementor-column elementor-col-50 elementor-inner-column elementor-element elementor-element-ed05d99\" data-id=\"ed05d99\" data-element_type=\"column\" data-e-type=\"column\">\n\t\t\t<div class=\"elementor-widget-wrap elementor-element-populated\">\n\t\t\t\t\t\t<div class=\"elementor-element elementor-element-1985827 elementor-widget__width-initial elementor-widget elementor-widget-image\" data-id=\"1985827\" data-element_type=\"widget\" data-e-type=\"widget\" data-widget_type=\"image.default\">\n\t\t\t\t<div class=\"elementor-widget-container\">\n\t\t\t\t\t\t\t\t\t\t\t\t\t\t\t<img decoding=\"async\" width=\"1024\" height=\"631\" src=\"https:\/\/arxxitektura.rs\/wp-content\/uploads\/2025\/01\/rsz_1milena_pavlovic_barili_pesma.jpg\" class=\"attachment-large size-large wp-image-16737\" alt=\"Pesma Milena Pavlovi\u0107 Barilli\" srcset=\"https:\/\/arxxitektura.rs\/wp-content\/uploads\/2025\/01\/rsz_1milena_pavlovic_barili_pesma.jpg 1024w, https:\/\/arxxitektura.rs\/wp-content\/uploads\/2025\/01\/rsz_1milena_pavlovic_barili_pesma-300x185.jpg 300w, https:\/\/arxxitektura.rs\/wp-content\/uploads\/2025\/01\/rsz_1milena_pavlovic_barili_pesma-768x473.jpg 768w, https:\/\/arxxitektura.rs\/wp-content\/uploads\/2025\/01\/rsz_1milena_pavlovic_barili_pesma-18x12.jpg 18w\" sizes=\"(max-width: 1024px) 100vw, 1024px\" \/>\t\t\t\t\t\t\t\t\t\t\t\t\t\t\t<\/div>\n\t\t\t\t<\/div>\n\t\t\t\t\t<\/div>\n\t\t<\/div>\n\t\t\t\t\t<\/div>\n\t\t<\/section>\n\t\t\t\t\t<\/div>\n\t\t<\/div>\n\t\t\t\t\t<\/div>\n\t\t<\/section>\n\t\t\t\t<section class=\"elementor-section elementor-top-section elementor-element elementor-element-1a9655a elementor-section-stretched elementor-section-boxed elementor-section-height-default elementor-section-height-default qodef-elementor-content-no\" data-id=\"1a9655a\" data-element_type=\"section\" data-e-type=\"section\" data-settings=\"{&quot;stretch_section&quot;:&quot;section-stretched&quot;}\">\n\t\t\t\t\t\t<div class=\"elementor-container elementor-column-gap-default\">\n\t\t\t\t\t<div class=\"elementor-column elementor-col-100 elementor-top-column elementor-element elementor-element-61455f7\" data-id=\"61455f7\" data-element_type=\"column\" data-e-type=\"column\">\n\t\t\t<div class=\"elementor-widget-wrap elementor-element-populated\">\n\t\t\t\t\t\t<div class=\"elementor-element elementor-element-19aeab4 elementor-widget elementor-widget-heading\" data-id=\"19aeab4\" data-element_type=\"widget\" data-e-type=\"widget\" data-widget_type=\"heading.default\">\n\t\t\t\t<div class=\"elementor-widget-container\">\n\t\t\t\t\t<h5 class=\"elementor-heading-title elementor-size-default\">Dualistic painting motifs <\/h5>\t\t\t\t<\/div>\n\t\t\t\t<\/div>\n\t\t\t\t<section class=\"elementor-section elementor-inner-section elementor-element elementor-element-3e73901 elementor-section-boxed elementor-section-height-default elementor-section-height-default qodef-elementor-content-no\" data-id=\"3e73901\" data-element_type=\"section\" data-e-type=\"section\">\n\t\t\t\t\t\t<div class=\"elementor-container elementor-column-gap-default\">\n\t\t\t\t\t<div class=\"elementor-column elementor-col-50 elementor-inner-column elementor-element elementor-element-1712c52\" data-id=\"1712c52\" data-element_type=\"column\" data-e-type=\"column\">\n\t\t\t<div class=\"elementor-widget-wrap elementor-element-populated\">\n\t\t\t\t\t\t<div class=\"elementor-element elementor-element-2b862f0 elementor-widget elementor-widget-text-editor\" data-id=\"2b862f0\" data-element_type=\"widget\" data-e-type=\"widget\" data-widget_type=\"text-editor.default\">\n\t\t\t\t<div class=\"elementor-widget-container\">\n\t\t\t\t\t\t\t\t\t<p>Friends of Milena's father Bruno Barilli were the famous Italian metaphysical artists Giorgio de Chirico and his brother Alberto Savinio. Their influence is very evident in her works. She adopted architectural landscapes modeled on Renaissance painting and the use of symbols in the form of ancient sculpture. Milena recorded everything in her artistic language.<\/p><p>On the one hand, it uses the motif of a brick or stone wall - established by the Surrealists, and on the other, it includes the remains of ancient fluted columns modeled after de Chirico. The grooves become a hallmark of her paintings and are used unexpectedly. They are included in various subjects to which they do not normally belong.<\/p><p>Ancient sculptures hide mythological symbols, but in the initial stages, they quietly hint at the male-female duality of Milena Pavlovi\u0107 Barilli's inner world.<\/p>\t\t\t\t\t\t\t\t<\/div>\n\t\t\t\t<\/div>\n\t\t\t\t\t<\/div>\n\t\t<\/div>\n\t\t\t\t<div class=\"elementor-column elementor-col-50 elementor-inner-column elementor-element elementor-element-5322d19\" data-id=\"5322d19\" data-element_type=\"column\" data-e-type=\"column\">\n\t\t\t<div class=\"elementor-widget-wrap elementor-element-populated\">\n\t\t\t\t\t\t<div class=\"elementor-element elementor-element-be45c27 elementor-widget elementor-widget-image\" data-id=\"be45c27\" data-element_type=\"widget\" data-e-type=\"widget\" data-widget_type=\"image.default\">\n\t\t\t\t<div class=\"elementor-widget-container\">\n\t\t\t\t\t\t\t\t\t\t\t\t<figure class=\"wp-caption\">\n\t\t\t\t\t\t\t\t\t\t<img loading=\"lazy\" decoding=\"async\" width=\"768\" height=\"964\" src=\"https:\/\/arxxitektura.rs\/wp-content\/uploads\/2025\/01\/milena-pavlovic-barili-duhovno-vs-telesno-q-768x964.jpg\" class=\"attachment-medium_large size-medium_large wp-image-16731\" alt=\"Kompozicija 1938. Milena Pavlovi\u0107 Barili\" srcset=\"https:\/\/arxxitektura.rs\/wp-content\/uploads\/2025\/01\/milena-pavlovic-barili-duhovno-vs-telesno-q-768x964.jpg 768w, https:\/\/arxxitektura.rs\/wp-content\/uploads\/2025\/01\/milena-pavlovic-barili-duhovno-vs-telesno-q-239x300.jpg 239w, https:\/\/arxxitektura.rs\/wp-content\/uploads\/2025\/01\/milena-pavlovic-barili-duhovno-vs-telesno-q-10x12.jpg 10w, https:\/\/arxxitektura.rs\/wp-content\/uploads\/2025\/01\/milena-pavlovic-barili-duhovno-vs-telesno-q.jpg 800w\" sizes=\"(max-width: 768px) 100vw, 768px\" \/>\t\t\t\t\t\t\t\t\t\t\t<figcaption class=\"widget-image-caption wp-caption-text\">Kompozicija 1938. Milena Pavlovi\u0107 Barili <\/figcaption>\n\t\t\t\t\t\t\t\t\t\t<\/figure>\n\t\t\t\t\t\t\t\t\t<\/div>\n\t\t\t\t<\/div>\n\t\t\t\t\t<\/div>\n\t\t<\/div>\n\t\t\t\t\t<\/div>\n\t\t<\/section>\n\t\t\t\t<section class=\"elementor-section elementor-inner-section elementor-element elementor-element-b6b9888 elementor-section-boxed elementor-section-height-default elementor-section-height-default qodef-elementor-content-no\" data-id=\"b6b9888\" data-element_type=\"section\" data-e-type=\"section\">\n\t\t\t\t\t\t<div class=\"elementor-container elementor-column-gap-default\">\n\t\t\t\t\t<div class=\"elementor-column elementor-col-50 elementor-inner-column elementor-element elementor-element-f551a75\" data-id=\"f551a75\" data-element_type=\"column\" data-e-type=\"column\">\n\t\t\t<div class=\"elementor-widget-wrap elementor-element-populated\">\n\t\t\t\t\t\t<div class=\"elementor-element elementor-element-70d8812 elementor-widget elementor-widget-image\" data-id=\"70d8812\" data-element_type=\"widget\" data-e-type=\"widget\" data-widget_type=\"image.default\">\n\t\t\t\t<div class=\"elementor-widget-container\">\n\t\t\t\t\t\t\t\t\t\t\t\t<figure class=\"wp-caption\">\n\t\t\t\t\t\t\t\t\t\t<img loading=\"lazy\" decoding=\"async\" width=\"768\" height=\"956\" src=\"https:\/\/arxxitektura.rs\/wp-content\/uploads\/2025\/01\/milena-pavlovic-barili-antique-1-q-768x956.jpg\" class=\"attachment-medium_large size-medium_large wp-image-16727\" alt=\"\u017denski krilati torzo 1933. Milena Pavlovi\u0107 Barilli\" srcset=\"https:\/\/arxxitektura.rs\/wp-content\/uploads\/2025\/01\/milena-pavlovic-barili-antique-1-q-768x956.jpg 768w, https:\/\/arxxitektura.rs\/wp-content\/uploads\/2025\/01\/milena-pavlovic-barili-antique-1-q-241x300.jpg 241w, https:\/\/arxxitektura.rs\/wp-content\/uploads\/2025\/01\/milena-pavlovic-barili-antique-1-q-10x12.jpg 10w, https:\/\/arxxitektura.rs\/wp-content\/uploads\/2025\/01\/milena-pavlovic-barili-antique-1-q.jpg 800w\" sizes=\"(max-width: 768px) 100vw, 768px\" \/>\t\t\t\t\t\t\t\t\t\t\t<figcaption class=\"widget-image-caption wp-caption-text\">\u017denski krilati torzo 1933. Milena Pavlovi\u0107 Barilli<\/figcaption>\n\t\t\t\t\t\t\t\t\t\t<\/figure>\n\t\t\t\t\t\t\t\t\t<\/div>\n\t\t\t\t<\/div>\n\t\t\t\t\t<\/div>\n\t\t<\/div>\n\t\t\t\t<div class=\"elementor-column elementor-col-50 elementor-inner-column elementor-element elementor-element-79bd3d1\" data-id=\"79bd3d1\" data-element_type=\"column\" data-e-type=\"column\">\n\t\t\t<div class=\"elementor-widget-wrap elementor-element-populated\">\n\t\t\t\t\t\t<div class=\"elementor-element elementor-element-a79dfbe elementor-widget elementor-widget-image\" data-id=\"a79dfbe\" data-element_type=\"widget\" data-e-type=\"widget\" data-widget_type=\"image.default\">\n\t\t\t\t<div class=\"elementor-widget-container\">\n\t\t\t\t\t\t\t\t\t\t\t\t<figure class=\"wp-caption\">\n\t\t\t\t\t\t\t\t\t\t<img loading=\"lazy\" decoding=\"async\" width=\"768\" height=\"856\" src=\"https:\/\/arxxitektura.rs\/wp-content\/uploads\/2025\/01\/milena-pavlovic-barili-antique-q-768x856.jpg\" class=\"attachment-medium_large size-medium_large wp-image-16728\" alt=\"Enigmatska kompozicija sa \u017eenskom figurom, stubom i drvetom 1933. Milena Pavlovi\u0107 Barilli\" srcset=\"https:\/\/arxxitektura.rs\/wp-content\/uploads\/2025\/01\/milena-pavlovic-barili-antique-q-768x856.jpg 768w, https:\/\/arxxitektura.rs\/wp-content\/uploads\/2025\/01\/milena-pavlovic-barili-antique-q-269x300.jpg 269w, https:\/\/arxxitektura.rs\/wp-content\/uploads\/2025\/01\/milena-pavlovic-barili-antique-q-11x12.jpg 11w, https:\/\/arxxitektura.rs\/wp-content\/uploads\/2025\/01\/milena-pavlovic-barili-antique-q.jpg 800w\" sizes=\"(max-width: 768px) 100vw, 768px\" \/>\t\t\t\t\t\t\t\t\t\t\t<figcaption class=\"widget-image-caption wp-caption-text\">Enigmatska kompozicija sa \u017eenskom figurom, stubom i drvetom 1933. Milena Pavlovi\u0107 Barilli<\/figcaption>\n\t\t\t\t\t\t\t\t\t\t<\/figure>\n\t\t\t\t\t\t\t\t\t<\/div>\n\t\t\t\t<\/div>\n\t\t\t\t\t<\/div>\n\t\t<\/div>\n\t\t\t\t\t<\/div>\n\t\t<\/section>\n\t\t\t\t\t<\/div>\n\t\t<\/div>\n\t\t\t\t\t<\/div>\n\t\t<\/section>\n\t\t\t\t<section class=\"elementor-section elementor-top-section elementor-element elementor-element-d618de6 elementor-section-stretched elementor-section-boxed elementor-section-height-default elementor-section-height-default qodef-elementor-content-no\" data-id=\"d618de6\" data-element_type=\"section\" data-e-type=\"section\" data-settings=\"{&quot;stretch_section&quot;:&quot;section-stretched&quot;}\">\n\t\t\t\t\t\t<div class=\"elementor-container elementor-column-gap-default\">\n\t\t\t\t\t<div class=\"elementor-column elementor-col-100 elementor-top-column elementor-element elementor-element-b86dc57\" data-id=\"b86dc57\" data-element_type=\"column\" data-e-type=\"column\">\n\t\t\t<div class=\"elementor-widget-wrap elementor-element-populated\">\n\t\t\t\t\t\t<div class=\"elementor-element elementor-element-b36b6db elementor-widget elementor-widget-heading\" data-id=\"b36b6db\" data-element_type=\"widget\" data-e-type=\"widget\" data-widget_type=\"heading.default\">\n\t\t\t\t<div class=\"elementor-widget-container\">\n\t\t\t\t\t<h5 class=\"elementor-heading-title elementor-size-default\">Masculine-feminine nature <\/h5>\t\t\t\t<\/div>\n\t\t\t\t<\/div>\n\t\t\t\t<div class=\"elementor-element elementor-element-dfe895a elementor-widget elementor-widget-text-editor\" data-id=\"dfe895a\" data-element_type=\"widget\" data-e-type=\"widget\" data-widget_type=\"text-editor.default\">\n\t\t\t\t<div class=\"elementor-widget-container\">\n\t\t\t\t\t\t\t\t\t<p>Between the two world wars, there was a shift towards renouncing the collective spirit and exploring the personal, private sphere. In the sense of duality, male-female sides of personality are extremely popular new topics. Androgyny, which combines male and female influences, served to weaken patriarchal norms in society.<\/p><p>This is a dominant theme in Milena's work. The exchange of identities, the mixing of male and female physical features, sometimes through symbols, and later by mixing bodily identities - \"Masculinization of female and feminization of male figures\".<\/p><p>This was both a global issue and her exploration of her depths.<\/p><p>She focused all her creative energies on developing a style to present these dualities.<\/p>\t\t\t\t\t\t\t\t<\/div>\n\t\t\t\t<\/div>\n\t\t\t\t<section class=\"elementor-section elementor-inner-section elementor-element elementor-element-401a859 elementor-section-boxed elementor-section-height-default elementor-section-height-default qodef-elementor-content-no\" data-id=\"401a859\" data-element_type=\"section\" data-e-type=\"section\">\n\t\t\t\t\t\t<div class=\"elementor-container elementor-column-gap-default\">\n\t\t\t\t\t<div class=\"elementor-column elementor-col-50 elementor-inner-column elementor-element elementor-element-dd578b6\" data-id=\"dd578b6\" data-element_type=\"column\" data-e-type=\"column\">\n\t\t\t<div class=\"elementor-widget-wrap elementor-element-populated\">\n\t\t\t\t\t\t<div class=\"elementor-element elementor-element-80d8ee3 elementor-widget elementor-widget-image\" data-id=\"80d8ee3\" data-element_type=\"widget\" data-e-type=\"widget\" data-widget_type=\"image.default\">\n\t\t\t\t<div class=\"elementor-widget-container\">\n\t\t\t\t\t\t\t\t\t\t\t\t<figure class=\"wp-caption\">\n\t\t\t\t\t\t\t\t\t\t<img loading=\"lazy\" decoding=\"async\" width=\"800\" height=\"996\" src=\"https:\/\/arxxitektura.rs\/wp-content\/uploads\/2025\/01\/milena-pavlovic-barili-dualnost-1-q.jpg\" class=\"attachment-large size-large wp-image-16729\" alt=\"Devojka sa lampom 1935. Milena Pavlovi\u0107 Barili\" srcset=\"https:\/\/arxxitektura.rs\/wp-content\/uploads\/2025\/01\/milena-pavlovic-barili-dualnost-1-q.jpg 800w, https:\/\/arxxitektura.rs\/wp-content\/uploads\/2025\/01\/milena-pavlovic-barili-dualnost-1-q-241x300.jpg 241w, https:\/\/arxxitektura.rs\/wp-content\/uploads\/2025\/01\/milena-pavlovic-barili-dualnost-1-q-768x956.jpg 768w, https:\/\/arxxitektura.rs\/wp-content\/uploads\/2025\/01\/milena-pavlovic-barili-dualnost-1-q-10x12.jpg 10w\" sizes=\"(max-width: 800px) 100vw, 800px\" \/>\t\t\t\t\t\t\t\t\t\t\t<figcaption class=\"widget-image-caption wp-caption-text\">Devojka sa lampom 1935. Milena Pavlovi\u0107 Barilli <\/figcaption>\n\t\t\t\t\t\t\t\t\t\t<\/figure>\n\t\t\t\t\t\t\t\t\t<\/div>\n\t\t\t\t<\/div>\n\t\t\t\t\t<\/div>\n\t\t<\/div>\n\t\t\t\t<div class=\"elementor-column elementor-col-50 elementor-inner-column elementor-element elementor-element-dbcf31e\" data-id=\"dbcf31e\" data-element_type=\"column\" data-e-type=\"column\">\n\t\t\t<div class=\"elementor-widget-wrap elementor-element-populated\">\n\t\t\t\t\t\t<div class=\"elementor-element elementor-element-574bea1 elementor-widget__width-initial elementor-widget elementor-widget-image\" data-id=\"574bea1\" data-element_type=\"widget\" data-e-type=\"widget\" data-widget_type=\"image.default\">\n\t\t\t\t<div class=\"elementor-widget-container\">\n\t\t\t\t\t\t\t\t\t\t\t\t<figure class=\"wp-caption\">\n\t\t\t\t\t\t\t\t\t\t<img loading=\"lazy\" decoding=\"async\" width=\"800\" height=\"1018\" src=\"https:\/\/arxxitektura.rs\/wp-content\/uploads\/2025\/01\/milena-pavlovic-barili-dualnost-2-q.jpg\" class=\"attachment-large size-large wp-image-16730\" alt=\"Slikarka sa stelcem 1936. Milena Pavlovi\u0107 Barilli\" srcset=\"https:\/\/arxxitektura.rs\/wp-content\/uploads\/2025\/01\/milena-pavlovic-barili-dualnost-2-q.jpg 800w, https:\/\/arxxitektura.rs\/wp-content\/uploads\/2025\/01\/milena-pavlovic-barili-dualnost-2-q-236x300.jpg 236w, https:\/\/arxxitektura.rs\/wp-content\/uploads\/2025\/01\/milena-pavlovic-barili-dualnost-2-q-768x977.jpg 768w, https:\/\/arxxitektura.rs\/wp-content\/uploads\/2025\/01\/milena-pavlovic-barili-dualnost-2-q-9x12.jpg 9w\" sizes=\"(max-width: 800px) 100vw, 800px\" \/>\t\t\t\t\t\t\t\t\t\t\t<figcaption class=\"widget-image-caption wp-caption-text\">Slikarka sa stelcem 1936. Milena Pavlovi\u0107 Barilli <\/figcaption>\n\t\t\t\t\t\t\t\t\t\t<\/figure>\n\t\t\t\t\t\t\t\t\t<\/div>\n\t\t\t\t<\/div>\n\t\t\t\t\t<\/div>\n\t\t<\/div>\n\t\t\t\t\t<\/div>\n\t\t<\/section>\n\t\t\t\t\t<\/div>\n\t\t<\/div>\n\t\t\t\t\t<\/div>\n\t\t<\/section>\n\t\t\t\t<section class=\"elementor-section elementor-top-section elementor-element elementor-element-3188933 elementor-section-stretched elementor-section-boxed elementor-section-height-default elementor-section-height-default qodef-elementor-content-no\" data-id=\"3188933\" data-element_type=\"section\" data-e-type=\"section\" data-settings=\"{&quot;stretch_section&quot;:&quot;section-stretched&quot;}\">\n\t\t\t\t\t\t<div class=\"elementor-container elementor-column-gap-default\">\n\t\t\t\t\t<div class=\"elementor-column elementor-col-100 elementor-top-column elementor-element elementor-element-02c37a5\" data-id=\"02c37a5\" data-element_type=\"column\" data-e-type=\"column\">\n\t\t\t<div class=\"elementor-widget-wrap elementor-element-populated\">\n\t\t\t\t\t\t<div class=\"elementor-element elementor-element-0feb71d elementor-widget elementor-widget-heading\" data-id=\"0feb71d\" data-element_type=\"widget\" data-e-type=\"widget\" data-widget_type=\"heading.default\">\n\t\t\t\t<div class=\"elementor-widget-container\">\n\t\t\t\t\t<h5 class=\"elementor-heading-title elementor-size-default\">\"Wrapped in veils of dreams and fantasy in an atmosphere between reality and illusion\"<\/h5>\t\t\t\t<\/div>\n\t\t\t\t<\/div>\n\t\t\t\t<div class=\"elementor-element elementor-element-74b3952 elementor-widget elementor-widget-text-editor\" data-id=\"74b3952\" data-element_type=\"widget\" data-e-type=\"widget\" data-widget_type=\"text-editor.default\">\n\t\t\t\t<div class=\"elementor-widget-container\">\n\t\t\t\t\t\t\t\t\t<p>Milena probably inherited the veil motif from her parallel career. The veil is present in the pictures, reminding her of her successful career as a fashion illustrator. During her studies in Belgrade, she began working on illustrations related to applied art. In this way, she could provide the necessary means of living. She was successful in that type of painting, as evidenced by the cover of German Vogue, among other magazines.<\/p>\t\t\t\t\t\t\t\t<\/div>\n\t\t\t\t<\/div>\n\t\t\t\t<section class=\"elementor-section elementor-inner-section elementor-element elementor-element-7df7b93 elementor-section-boxed elementor-section-height-default elementor-section-height-default qodef-elementor-content-no\" data-id=\"7df7b93\" data-element_type=\"section\" data-e-type=\"section\">\n\t\t\t\t\t\t<div class=\"elementor-container elementor-column-gap-default\">\n\t\t\t\t\t<div class=\"elementor-column elementor-col-100 elementor-inner-column elementor-element elementor-element-2d97cb1\" data-id=\"2d97cb1\" data-element_type=\"column\" data-e-type=\"column\">\n\t\t\t<div class=\"elementor-widget-wrap elementor-element-populated\">\n\t\t\t\t\t\t<div class=\"elementor-element elementor-element-919793f elementor-widget elementor-widget-text-editor\" data-id=\"919793f\" data-element_type=\"widget\" data-e-type=\"widget\" data-widget_type=\"text-editor.default\">\n\t\t\t\t<div class=\"elementor-widget-container\">\n\t\t\t\t\t\t\t\t\t<p>This source of income particularly benefited her during her time in America from 1939 through the war years.<\/p><p>There is an interesting illustration in the American fashion magazine \"Vogue\" from Christmas 1941, which reflects on the beginning of World War II. This was a remarkable moment for Milena Pavlovi\u0107 Barilli, as it provided her the opportunity to make a lasting impression on a broader audience.<\/p>\t\t\t\t\t\t\t\t<\/div>\n\t\t\t\t<\/div>\n\t\t\t\t\t<\/div>\n\t\t<\/div>\n\t\t\t\t\t<\/div>\n\t\t<\/section>\n\t\t\t\t<section class=\"elementor-section elementor-inner-section elementor-element elementor-element-068f97f elementor-section-boxed elementor-section-height-default elementor-section-height-default qodef-elementor-content-no\" data-id=\"068f97f\" data-element_type=\"section\" data-e-type=\"section\">\n\t\t\t\t\t\t<div class=\"elementor-container elementor-column-gap-default\">\n\t\t\t\t\t<div class=\"elementor-column elementor-col-33 elementor-inner-column elementor-element elementor-element-8b6e1e2\" data-id=\"8b6e1e2\" data-element_type=\"column\" data-e-type=\"column\">\n\t\t\t<div class=\"elementor-widget-wrap elementor-element-populated\">\n\t\t\t\t\t\t<div class=\"elementor-element elementor-element-706cbfc elementor-widget elementor-widget-image\" data-id=\"706cbfc\" data-element_type=\"widget\" data-e-type=\"widget\" data-widget_type=\"image.default\">\n\t\t\t\t<div class=\"elementor-widget-container\">\n\t\t\t\t\t\t\t\t\t\t\t\t\t\t\t<img loading=\"lazy\" decoding=\"async\" width=\"711\" height=\"1024\" src=\"https:\/\/arxxitektura.rs\/wp-content\/uploads\/2025\/01\/vogue-germany-q-711x1024.jpg\" class=\"attachment-large size-large wp-image-16736\" alt=\"Milena Pavlovi\u0107 Barili Vogue Nema\u010dka\" srcset=\"https:\/\/arxxitektura.rs\/wp-content\/uploads\/2025\/01\/vogue-germany-q-711x1024.jpg 711w, https:\/\/arxxitektura.rs\/wp-content\/uploads\/2025\/01\/vogue-germany-q-208x300.jpg 208w, https:\/\/arxxitektura.rs\/wp-content\/uploads\/2025\/01\/vogue-germany-q-768x1106.jpg 768w, https:\/\/arxxitektura.rs\/wp-content\/uploads\/2025\/01\/vogue-germany-q-8x12.jpg 8w, https:\/\/arxxitektura.rs\/wp-content\/uploads\/2025\/01\/vogue-germany-q.jpg 800w\" sizes=\"(max-width: 711px) 100vw, 711px\" \/>\t\t\t\t\t\t\t\t\t\t\t\t\t\t\t<\/div>\n\t\t\t\t<\/div>\n\t\t\t\t\t<\/div>\n\t\t<\/div>\n\t\t\t\t<div class=\"elementor-column elementor-col-33 elementor-inner-column elementor-element elementor-element-daccc1c\" data-id=\"daccc1c\" data-element_type=\"column\" data-e-type=\"column\">\n\t\t\t<div class=\"elementor-widget-wrap elementor-element-populated\">\n\t\t\t\t\t\t<div class=\"elementor-element elementor-element-767fab5 elementor-widget elementor-widget-image\" data-id=\"767fab5\" data-element_type=\"widget\" data-e-type=\"widget\" data-widget_type=\"image.default\">\n\t\t\t\t<div class=\"elementor-widget-container\">\n\t\t\t\t\t\t\t\t\t\t\t\t<figure class=\"wp-caption\">\n\t\t\t\t\t\t\t\t\t\t<img loading=\"lazy\" decoding=\"async\" width=\"800\" height=\"898\" src=\"https:\/\/arxxitektura.rs\/wp-content\/uploads\/2025\/01\/milena-pavlovic-barili-sa-velom-q.jpg\" class=\"attachment-large size-large wp-image-16733\" alt=\"Devojka sa velom 1936. Milena Pavlovi\u0107 Barilli\" srcset=\"https:\/\/arxxitektura.rs\/wp-content\/uploads\/2025\/01\/milena-pavlovic-barili-sa-velom-q.jpg 800w, https:\/\/arxxitektura.rs\/wp-content\/uploads\/2025\/01\/milena-pavlovic-barili-sa-velom-q-267x300.jpg 267w, https:\/\/arxxitektura.rs\/wp-content\/uploads\/2025\/01\/milena-pavlovic-barili-sa-velom-q-768x862.jpg 768w, https:\/\/arxxitektura.rs\/wp-content\/uploads\/2025\/01\/milena-pavlovic-barili-sa-velom-q-11x12.jpg 11w\" sizes=\"(max-width: 800px) 100vw, 800px\" \/>\t\t\t\t\t\t\t\t\t\t\t<figcaption class=\"widget-image-caption wp-caption-text\">Devojka sa velom 1936. Milena Pavlovi\u0107 Barilli <\/figcaption>\n\t\t\t\t\t\t\t\t\t\t<\/figure>\n\t\t\t\t\t\t\t\t\t<\/div>\n\t\t\t\t<\/div>\n\t\t\t\t\t<\/div>\n\t\t<\/div>\n\t\t\t\t<div class=\"elementor-column elementor-col-33 elementor-inner-column elementor-element elementor-element-ad9d912\" data-id=\"ad9d912\" data-element_type=\"column\" data-e-type=\"column\">\n\t\t\t<div class=\"elementor-widget-wrap elementor-element-populated\">\n\t\t\t\t\t\t<div class=\"elementor-element elementor-element-fe80a83 elementor-widget elementor-widget-image\" data-id=\"fe80a83\" data-element_type=\"widget\" data-e-type=\"widget\" data-widget_type=\"image.default\">\n\t\t\t\t<div class=\"elementor-widget-container\">\n\t\t\t\t\t\t\t\t\t\t\t\t\t\t\t<img loading=\"lazy\" decoding=\"async\" width=\"677\" height=\"1024\" src=\"https:\/\/arxxitektura.rs\/wp-content\/uploads\/2025\/01\/vogue-1942-q-677x1024.jpg\" class=\"attachment-large size-large wp-image-16735\" alt=\"Novogodi\u0161nji tekst u Vogue-u\" srcset=\"https:\/\/arxxitektura.rs\/wp-content\/uploads\/2025\/01\/vogue-1942-q-677x1024.jpg 677w, https:\/\/arxxitektura.rs\/wp-content\/uploads\/2025\/01\/vogue-1942-q-198x300.jpg 198w, https:\/\/arxxitektura.rs\/wp-content\/uploads\/2025\/01\/vogue-1942-q-768x1162.jpg 768w, https:\/\/arxxitektura.rs\/wp-content\/uploads\/2025\/01\/vogue-1942-q-8x12.jpg 8w, https:\/\/arxxitektura.rs\/wp-content\/uploads\/2025\/01\/vogue-1942-q.jpg 800w\" sizes=\"(max-width: 677px) 100vw, 677px\" \/>\t\t\t\t\t\t\t\t\t\t\t\t\t\t\t<\/div>\n\t\t\t\t<\/div>\n\t\t\t\t\t<\/div>\n\t\t<\/div>\n\t\t\t\t\t<\/div>\n\t\t<\/section>\n\t\t\t\t\t<\/div>\n\t\t<\/div>\n\t\t\t\t\t<\/div>\n\t\t<\/section>\n\t\t\t\t<section class=\"elementor-section elementor-top-section elementor-element elementor-element-57ff368 elementor-section-stretched elementor-section-boxed elementor-section-height-default elementor-section-height-default qodef-elementor-content-no\" data-id=\"57ff368\" data-element_type=\"section\" data-e-type=\"section\" data-settings=\"{&quot;stretch_section&quot;:&quot;section-stretched&quot;}\">\n\t\t\t\t\t\t<div class=\"elementor-container elementor-column-gap-default\">\n\t\t\t\t\t<div class=\"elementor-column elementor-col-100 elementor-top-column elementor-element elementor-element-8673cab\" data-id=\"8673cab\" data-element_type=\"column\" data-e-type=\"column\">\n\t\t\t<div class=\"elementor-widget-wrap elementor-element-populated\">\n\t\t\t\t\t\t<div class=\"elementor-element elementor-element-82767a5 elementor-widget elementor-widget-heading\" data-id=\"82767a5\" data-element_type=\"widget\" data-e-type=\"widget\" data-widget_type=\"heading.default\">\n\t\t\t\t<div class=\"elementor-widget-container\">\n\t\t\t\t\t<h5 class=\"elementor-heading-title elementor-size-default\">Exhibition \"31 Women\" at the invitation of gallerist Peggy Guggenheim<\/h5>\t\t\t\t<\/div>\n\t\t\t\t<\/div>\n\t\t\t\t<section class=\"elementor-section elementor-inner-section elementor-element elementor-element-9d2a2f3 elementor-section-boxed elementor-section-height-default elementor-section-height-default qodef-elementor-content-no\" data-id=\"9d2a2f3\" data-element_type=\"section\" data-e-type=\"section\">\n\t\t\t\t\t\t<div class=\"elementor-container elementor-column-gap-default\">\n\t\t\t\t\t<div class=\"elementor-column elementor-col-50 elementor-inner-column elementor-element elementor-element-a4621b7\" data-id=\"a4621b7\" data-element_type=\"column\" data-e-type=\"column\">\n\t\t\t<div class=\"elementor-widget-wrap elementor-element-populated\">\n\t\t\t\t\t\t<div class=\"elementor-element elementor-element-ff98458 elementor-widget elementor-widget-image\" data-id=\"ff98458\" data-element_type=\"widget\" data-e-type=\"widget\" data-widget_type=\"image.default\">\n\t\t\t\t<div class=\"elementor-widget-container\">\n\t\t\t\t\t\t\t\t\t\t\t\t<figure class=\"wp-caption\">\n\t\t\t\t\t\t\t\t\t\t<img loading=\"lazy\" decoding=\"async\" width=\"768\" height=\"1069\" src=\"https:\/\/arxxitektura.rs\/wp-content\/uploads\/2025\/01\/milena-pavlovic-barili-duality-768x1069.jpg\" class=\"attachment-medium_large size-medium_large wp-image-16725\" alt=\"Autoportret sa \u0160titom i orlom 1940. Milena Pavlovi\u0107 Barilli\" srcset=\"https:\/\/arxxitektura.rs\/wp-content\/uploads\/2025\/01\/milena-pavlovic-barili-duality-768x1069.jpg 768w, https:\/\/arxxitektura.rs\/wp-content\/uploads\/2025\/01\/milena-pavlovic-barili-duality-216x300.jpg 216w, https:\/\/arxxitektura.rs\/wp-content\/uploads\/2025\/01\/milena-pavlovic-barili-duality-736x1024.jpg 736w, https:\/\/arxxitektura.rs\/wp-content\/uploads\/2025\/01\/milena-pavlovic-barili-duality-9x12.jpg 9w, https:\/\/arxxitektura.rs\/wp-content\/uploads\/2025\/01\/milena-pavlovic-barili-duality.jpg 781w\" sizes=\"(max-width: 768px) 100vw, 768px\" \/>\t\t\t\t\t\t\t\t\t\t\t<figcaption class=\"widget-image-caption wp-caption-text\">Autoportret sa \u0160titom i orlom 1940.  Milena Pavlovi\u0107 Barilli<\/figcaption>\n\t\t\t\t\t\t\t\t\t\t<\/figure>\n\t\t\t\t\t\t\t\t\t<\/div>\n\t\t\t\t<\/div>\n\t\t\t\t\t<\/div>\n\t\t<\/div>\n\t\t\t\t<div class=\"elementor-column elementor-col-50 elementor-inner-column elementor-element elementor-element-d15f591\" data-id=\"d15f591\" data-element_type=\"column\" data-e-type=\"column\">\n\t\t\t<div class=\"elementor-widget-wrap elementor-element-populated\">\n\t\t\t\t\t\t<div class=\"elementor-element elementor-element-0b7b144 elementor-widget elementor-widget-image\" data-id=\"0b7b144\" data-element_type=\"widget\" data-e-type=\"widget\" data-widget_type=\"image.default\">\n\t\t\t\t<div class=\"elementor-widget-container\">\n\t\t\t\t\t\t\t\t\t\t\t\t<figure class=\"wp-caption\">\n\t\t\t\t\t\t\t\t\t\t<img loading=\"lazy\" decoding=\"async\" width=\"768\" height=\"922\" src=\"https:\/\/arxxitektura.rs\/wp-content\/uploads\/2025\/01\/milena-pavlovic-barili-one-wing-angel-q-1-768x922.jpg\" class=\"attachment-medium_large size-medium_large wp-image-16738\" alt=\"Torzo sa krilom 1932. Milena Pavlovi\u0107 Barilli\" srcset=\"https:\/\/arxxitektura.rs\/wp-content\/uploads\/2025\/01\/milena-pavlovic-barili-one-wing-angel-q-1-768x922.jpg 768w, https:\/\/arxxitektura.rs\/wp-content\/uploads\/2025\/01\/milena-pavlovic-barili-one-wing-angel-q-1-250x300.jpg 250w, https:\/\/arxxitektura.rs\/wp-content\/uploads\/2025\/01\/milena-pavlovic-barili-one-wing-angel-q-1-10x12.jpg 10w, https:\/\/arxxitektura.rs\/wp-content\/uploads\/2025\/01\/milena-pavlovic-barili-one-wing-angel-q-1.jpg 800w\" sizes=\"(max-width: 768px) 100vw, 768px\" \/>\t\t\t\t\t\t\t\t\t\t\t<figcaption class=\"widget-image-caption wp-caption-text\">Torzo sa krilom 1932. Milena Pavlovi\u0107 Barilli <\/figcaption>\n\t\t\t\t\t\t\t\t\t\t<\/figure>\n\t\t\t\t\t\t\t\t\t<\/div>\n\t\t\t\t<\/div>\n\t\t\t\t\t<\/div>\n\t\t<\/div>\n\t\t\t\t\t<\/div>\n\t\t<\/section>\n\t\t\t\t<div class=\"elementor-element elementor-element-b27864d elementor-widget elementor-widget-text-editor\" data-id=\"b27864d\" data-element_type=\"widget\" data-e-type=\"widget\" data-widget_type=\"text-editor.default\">\n\t\t\t\t<div class=\"elementor-widget-container\">\n\t\t\t\t\t\t\t\t\t<p>Her first solo exhibition took place in 1940 at the Julian Levy Gallery, where she successfully established herself on the American art scene. The second solo exhibition was organized at the United Yugoslav Relief Fund Gallery in New York and later moved to the Corcoran Gallery in Washington, D.C., where she met her future husband. Participating in group exhibitions also provided significant opportunities to present her work to a global audience. One notable group exhibition was held at the Riverside Museum in New York, titled \"International Women Painters&amp; Sculptors&amp; Engravers.\" \u00a0<\/p><p>One of the most famous galleries in New York during World War II, \"Art of the Century\", was founded by Peggy Guggenheim, then married to the surrealist painter Max Ernst. With a dual character and two thematically separate units, Peggy designed it as an exhibition space for abstract and surrealist art. In addition to solo exhibitions by the most prominent artists, <strong><a href=\"https:\/\/arxxitektura.rs\/en\/pegi-gugenhajm-legendarna-vizionarka\/\" target=\"_blank\" rel=\"noopener\">Peggy designed a group exhibition for female authors and invited 31 female artists from all over the world in 1943. Among them was Milena Pavlovi\u0107 Barilli.<\/a><\/strong>This speaks precisely about the acceptance of Milena's art, considering the visionary character of the great gallerist Peggy Guggenheim.<\/p><p>Sadly, health did not favor Milena Pavlovi\u0107 Barilla. Nonetheless, her distinctive legacy remains one of the most intriguing on the domestic scene.<\/p><p>Source:<\/p><p>Exhibition \"Duality of Milena Pavlovi\u0107 Barilli\"<\/p><p>Museum of Contemporary Art, Belgrade, Serbia<\/p><p>Curator of the exhibition, Mi\u0161ela Blanu\u0161a<\/p>\t\t\t\t\t\t\t\t<\/div>\n\t\t\t\t<\/div>\n\t\t\t\t\t<\/div>\n\t\t<\/div>\n\t\t\t\t\t<\/div>\n\t\t<\/section>\n\t\t\t\t<\/div>","protected":false},"excerpt":{"rendered":"<p>Italijanski arhitekta Karlo Skarpa (Carlo Scarpa) rodjen je u Veneciji koja je bila njegovo glavno polje delovanja. <\/p>","protected":false},"author":1,"featured_media":16725,"comment_status":"closed","ping_status":"open","sticky":true,"template":"","format":"video","meta":{"_jetpack_newsletter_access":"","_jetpack_dont_email_post_to_subs":false,"_jetpack_newsletter_tier_id":0,"_jetpack_memberships_contains_paywalled_content":false,"_jetpack_memberships_contains_paid_content":false,"footnotes":""},"categories":[26],"tags":[33],"class_list":["post-16693","post","type-post","status-publish","format-video","has-post-thumbnail","hentry","category-srbija-balkan","tag-brands","post_format-post-format-video"],"yoast_head":"<!-- This site is optimized with the Yoast SEO plugin v28.4 - https:\/\/yoast.com\/product\/yoast-seo-wordpress\/ -->\n<title>Milena Pavlovi\u0107 Barilli oslikava svoju dualnost &#8902; ARXXITEKTURA<\/title>\n<meta name=\"description\" content=\"Milena Pavlovi\u0107 Barilli je istovremeno slikarka i pesnikinja. Motiv vela Milena je verovatno nasledila iz svoje paralelne karijere.\" \/>\n<meta name=\"robots\" content=\"index, follow, max-snippet:-1, max-image-preview:large, max-video-preview:-1\" \/>\n<link rel=\"canonical\" href=\"https:\/\/arxxitektura.rs\/en\/milena-pavlovic-barilli-oslikava-svoju-dualnost\/\" \/>\n<meta property=\"og:locale\" content=\"en_US\" \/>\n<meta property=\"og:type\" content=\"article\" \/>\n<meta property=\"og:title\" content=\"Milena Pavlovi\u0107 Barilli oslikava svoju dualnost &#8902; ARXXITEKTURA\" \/>\n<meta property=\"og:description\" content=\"Milena Pavlovi\u0107 Barilli je istovremeno slikarka i pesnikinja. Motiv vela Milena je verovatno nasledila iz svoje paralelne karijere.\" \/>\n<meta property=\"og:url\" content=\"https:\/\/arxxitektura.rs\/en\/milena-pavlovic-barilli-oslikava-svoju-dualnost\/\" \/>\n<meta property=\"og:site_name\" content=\"ARXXITEKTURA\" \/>\n<meta property=\"article:published_time\" content=\"2025-05-08T09:17:32+00:00\" \/>\n<meta property=\"article:modified_time\" content=\"2026-02-26T08:19:23+00:00\" \/>\n<meta property=\"og:image\" content=\"https:\/\/arxxitektura.rs\/wp-content\/uploads\/2025\/01\/milena-pavlovic-barili-duality.jpg\" \/>\n\t<meta property=\"og:image:width\" content=\"781\" \/>\n\t<meta property=\"og:image:height\" content=\"1087\" \/>\n\t<meta property=\"og:image:type\" content=\"image\/jpeg\" \/>\n<meta name=\"author\" content=\"arxxi_admin\" \/>\n<meta name=\"twitter:card\" content=\"summary_large_image\" \/>\n<meta name=\"twitter:label1\" content=\"Written by\" \/>\n\t<meta name=\"twitter:data1\" content=\"arxxi_admin\" \/>\n\t<meta name=\"twitter:label2\" content=\"Est. reading time\" \/>\n\t<meta name=\"twitter:data2\" content=\"7 minutes\" \/>\n<script type=\"application\/ld+json\" class=\"yoast-schema-graph\">{\"@context\":\"https:\\\/\\\/schema.org\",\"@graph\":[{\"@type\":\"Article\",\"@id\":\"https:\\\/\\\/arxxitektura.rs\\\/milena-pavlovic-barilli-oslikava-svoju-dualnost\\\/#article\",\"isPartOf\":{\"@id\":\"https:\\\/\\\/arxxitektura.rs\\\/milena-pavlovic-barilli-oslikava-svoju-dualnost\\\/\"},\"author\":{\"name\":\"arxxi_admin\",\"@id\":\"https:\\\/\\\/arxxitektura.rs\\\/#\\\/schema\\\/person\\\/4d705f725a59e45c7211c1b818ba95c1\"},\"headline\":\"Milena Pavlovi\u0107 Barilli oslikava svoju dualnost\",\"datePublished\":\"2025-05-08T09:17:32+00:00\",\"dateModified\":\"2026-02-26T08:19:23+00:00\",\"mainEntityOfPage\":{\"@id\":\"https:\\\/\\\/arxxitektura.rs\\\/milena-pavlovic-barilli-oslikava-svoju-dualnost\\\/\"},\"wordCount\":1013,\"publisher\":{\"@id\":\"https:\\\/\\\/arxxitektura.rs\\\/#\\\/schema\\\/person\\\/4d705f725a59e45c7211c1b818ba95c1\"},\"image\":{\"@id\":\"https:\\\/\\\/arxxitektura.rs\\\/milena-pavlovic-barilli-oslikava-svoju-dualnost\\\/#primaryimage\"},\"thumbnailUrl\":\"https:\\\/\\\/arxxitektura.rs\\\/wp-content\\\/uploads\\\/2025\\\/01\\\/milena-pavlovic-barili-duality.jpg\",\"keywords\":[\"Brands\"],\"articleSection\":[\"Srbija Balkan\"],\"inLanguage\":\"en-US\"},{\"@type\":\"WebPage\",\"@id\":\"https:\\\/\\\/arxxitektura.rs\\\/milena-pavlovic-barilli-oslikava-svoju-dualnost\\\/\",\"url\":\"https:\\\/\\\/arxxitektura.rs\\\/milena-pavlovic-barilli-oslikava-svoju-dualnost\\\/\",\"name\":\"Milena Pavlovi\u0107 Barilli oslikava svoju dualnost &#8902; ARXXITEKTURA\",\"isPartOf\":{\"@id\":\"https:\\\/\\\/arxxitektura.rs\\\/#website\"},\"primaryImageOfPage\":{\"@id\":\"https:\\\/\\\/arxxitektura.rs\\\/milena-pavlovic-barilli-oslikava-svoju-dualnost\\\/#primaryimage\"},\"image\":{\"@id\":\"https:\\\/\\\/arxxitektura.rs\\\/milena-pavlovic-barilli-oslikava-svoju-dualnost\\\/#primaryimage\"},\"thumbnailUrl\":\"https:\\\/\\\/arxxitektura.rs\\\/wp-content\\\/uploads\\\/2025\\\/01\\\/milena-pavlovic-barili-duality.jpg\",\"datePublished\":\"2025-05-08T09:17:32+00:00\",\"dateModified\":\"2026-02-26T08:19:23+00:00\",\"description\":\"Milena Pavlovi\u0107 Barilli je istovremeno slikarka i pesnikinja. Motiv vela Milena je verovatno nasledila iz svoje paralelne karijere.\",\"breadcrumb\":{\"@id\":\"https:\\\/\\\/arxxitektura.rs\\\/milena-pavlovic-barilli-oslikava-svoju-dualnost\\\/#breadcrumb\"},\"inLanguage\":\"en-US\",\"potentialAction\":[{\"@type\":\"ReadAction\",\"target\":[\"https:\\\/\\\/arxxitektura.rs\\\/milena-pavlovic-barilli-oslikava-svoju-dualnost\\\/\"]}]},{\"@type\":\"ImageObject\",\"inLanguage\":\"en-US\",\"@id\":\"https:\\\/\\\/arxxitektura.rs\\\/milena-pavlovic-barilli-oslikava-svoju-dualnost\\\/#primaryimage\",\"url\":\"https:\\\/\\\/arxxitektura.rs\\\/wp-content\\\/uploads\\\/2025\\\/01\\\/milena-pavlovic-barili-duality.jpg\",\"contentUrl\":\"https:\\\/\\\/arxxitektura.rs\\\/wp-content\\\/uploads\\\/2025\\\/01\\\/milena-pavlovic-barili-duality.jpg\",\"width\":781,\"height\":1087,\"caption\":\"Autoportret sa \u0160titom i orlom 1940. Milena Pavlovi\u0107 Barilli\"},{\"@type\":\"BreadcrumbList\",\"@id\":\"https:\\\/\\\/arxxitektura.rs\\\/milena-pavlovic-barilli-oslikava-svoju-dualnost\\\/#breadcrumb\",\"itemListElement\":[{\"@type\":\"ListItem\",\"position\":1,\"name\":\"Home\",\"item\":\"https:\\\/\\\/arxxitektura.rs\\\/\"},{\"@type\":\"ListItem\",\"position\":2,\"name\":\"Milena Pavlovi\u0107 Barilli oslikava svoju dualnost\"}]},{\"@type\":\"WebSite\",\"@id\":\"https:\\\/\\\/arxxitektura.rs\\\/#website\",\"url\":\"https:\\\/\\\/arxxitektura.rs\\\/\",\"name\":\"ARXXITEKTURA\",\"description\":\"Blog  Umetnost Kontrasta\",\"publisher\":{\"@id\":\"https:\\\/\\\/arxxitektura.rs\\\/#\\\/schema\\\/person\\\/4d705f725a59e45c7211c1b818ba95c1\"},\"potentialAction\":[{\"@type\":\"SearchAction\",\"target\":{\"@type\":\"EntryPoint\",\"urlTemplate\":\"https:\\\/\\\/arxxitektura.rs\\\/?s={search_term_string}\"},\"query-input\":{\"@type\":\"PropertyValueSpecification\",\"valueRequired\":true,\"valueName\":\"search_term_string\"}}],\"inLanguage\":\"en-US\"},{\"@type\":[\"Person\",\"Organization\"],\"@id\":\"https:\\\/\\\/arxxitektura.rs\\\/#\\\/schema\\\/person\\\/4d705f725a59e45c7211c1b818ba95c1\",\"name\":\"arxxi_admin\",\"image\":{\"@type\":\"ImageObject\",\"inLanguage\":\"en-US\",\"@id\":\"https:\\\/\\\/arxxitektura.rs\\\/wp-content\\\/uploads\\\/2021\\\/06\\\/portret-za-avatar.jpg\",\"url\":\"https:\\\/\\\/arxxitektura.rs\\\/wp-content\\\/uploads\\\/2021\\\/06\\\/portret-za-avatar.jpg\",\"contentUrl\":\"https:\\\/\\\/arxxitektura.rs\\\/wp-content\\\/uploads\\\/2021\\\/06\\\/portret-za-avatar.jpg\",\"width\":281,\"height\":500,\"caption\":\"arxxi_admin\"},\"logo\":{\"@id\":\"https:\\\/\\\/arxxitektura.rs\\\/wp-content\\\/uploads\\\/2021\\\/06\\\/portret-za-avatar.jpg\"},\"description\":\"Arhitekta po obrazovanju . Istra\u017eujem teoretske osnove izgradnje savremenih objekata u istorijskom gradskom jezgru . Za\u0161tita istorijskog nasle\u0111a kroz revitalizaciju - novi \u017eivot za stare objekte .\",\"sameAs\":[\"https:\\\/\\\/arxxitektura.rs\",\"https:\\\/\\\/www.instagram.com\\\/arxxitekt\\\/\",\"https:\\\/\\\/www.pinterest.com\\\/artofcontrasting\\\/\",\"https:\\\/\\\/www.youtube.com\\\/channel\\\/UCAQHSoecXQ2ppMNFcrAO-4w\"]}]}<\/script>\n<!-- \/ Yoast SEO plugin. -->","yoast_head_json":{"title":"Milena Pavlovi\u0107 Barilli oslikava svoju dualnost &#8902; ARXXITEKTURA","description":"Milena Pavlovi\u0107 Barilli je istovremeno slikarka i pesnikinja. Motiv vela Milena je verovatno nasledila iz svoje paralelne karijere.","robots":{"index":"index","follow":"follow","max-snippet":"max-snippet:-1","max-image-preview":"max-image-preview:large","max-video-preview":"max-video-preview:-1"},"canonical":"https:\/\/arxxitektura.rs\/en\/milena-pavlovic-barilli-oslikava-svoju-dualnost\/","og_locale":"en_US","og_type":"article","og_title":"Milena Pavlovi\u0107 Barilli oslikava svoju dualnost &#8902; ARXXITEKTURA","og_description":"Milena Pavlovi\u0107 Barilli je istovremeno slikarka i pesnikinja. Motiv vela Milena je verovatno nasledila iz svoje paralelne karijere.","og_url":"https:\/\/arxxitektura.rs\/en\/milena-pavlovic-barilli-oslikava-svoju-dualnost\/","og_site_name":"ARXXITEKTURA","article_published_time":"2025-05-08T09:17:32+00:00","article_modified_time":"2026-02-26T08:19:23+00:00","og_image":[{"width":781,"height":1087,"url":"https:\/\/arxxitektura.rs\/wp-content\/uploads\/2025\/01\/milena-pavlovic-barili-duality.jpg","type":"image\/jpeg"}],"author":"arxxi_admin","twitter_card":"summary_large_image","twitter_misc":{"Written by":"arxxi_admin","Est. reading time":"7 minutes"},"schema":{"@context":"https:\/\/schema.org","@graph":[{"@type":"Article","@id":"https:\/\/arxxitektura.rs\/milena-pavlovic-barilli-oslikava-svoju-dualnost\/#article","isPartOf":{"@id":"https:\/\/arxxitektura.rs\/milena-pavlovic-barilli-oslikava-svoju-dualnost\/"},"author":{"name":"arxxi_admin","@id":"https:\/\/arxxitektura.rs\/#\/schema\/person\/4d705f725a59e45c7211c1b818ba95c1"},"headline":"Milena Pavlovi\u0107 Barilli oslikava svoju dualnost","datePublished":"2025-05-08T09:17:32+00:00","dateModified":"2026-02-26T08:19:23+00:00","mainEntityOfPage":{"@id":"https:\/\/arxxitektura.rs\/milena-pavlovic-barilli-oslikava-svoju-dualnost\/"},"wordCount":1013,"publisher":{"@id":"https:\/\/arxxitektura.rs\/#\/schema\/person\/4d705f725a59e45c7211c1b818ba95c1"},"image":{"@id":"https:\/\/arxxitektura.rs\/milena-pavlovic-barilli-oslikava-svoju-dualnost\/#primaryimage"},"thumbnailUrl":"https:\/\/arxxitektura.rs\/wp-content\/uploads\/2025\/01\/milena-pavlovic-barili-duality.jpg","keywords":["Brands"],"articleSection":["Srbija Balkan"],"inLanguage":"en-US"},{"@type":"WebPage","@id":"https:\/\/arxxitektura.rs\/milena-pavlovic-barilli-oslikava-svoju-dualnost\/","url":"https:\/\/arxxitektura.rs\/milena-pavlovic-barilli-oslikava-svoju-dualnost\/","name":"Milena Pavlovi\u0107 Barilli oslikava svoju dualnost &#8902; ARXXITEKTURA","isPartOf":{"@id":"https:\/\/arxxitektura.rs\/#website"},"primaryImageOfPage":{"@id":"https:\/\/arxxitektura.rs\/milena-pavlovic-barilli-oslikava-svoju-dualnost\/#primaryimage"},"image":{"@id":"https:\/\/arxxitektura.rs\/milena-pavlovic-barilli-oslikava-svoju-dualnost\/#primaryimage"},"thumbnailUrl":"https:\/\/arxxitektura.rs\/wp-content\/uploads\/2025\/01\/milena-pavlovic-barili-duality.jpg","datePublished":"2025-05-08T09:17:32+00:00","dateModified":"2026-02-26T08:19:23+00:00","description":"Milena Pavlovi\u0107 Barilli je istovremeno slikarka i pesnikinja. Motiv vela Milena je verovatno nasledila iz svoje paralelne karijere.","breadcrumb":{"@id":"https:\/\/arxxitektura.rs\/milena-pavlovic-barilli-oslikava-svoju-dualnost\/#breadcrumb"},"inLanguage":"en-US","potentialAction":[{"@type":"ReadAction","target":["https:\/\/arxxitektura.rs\/milena-pavlovic-barilli-oslikava-svoju-dualnost\/"]}]},{"@type":"ImageObject","inLanguage":"en-US","@id":"https:\/\/arxxitektura.rs\/milena-pavlovic-barilli-oslikava-svoju-dualnost\/#primaryimage","url":"https:\/\/arxxitektura.rs\/wp-content\/uploads\/2025\/01\/milena-pavlovic-barili-duality.jpg","contentUrl":"https:\/\/arxxitektura.rs\/wp-content\/uploads\/2025\/01\/milena-pavlovic-barili-duality.jpg","width":781,"height":1087,"caption":"Autoportret sa \u0160titom i orlom 1940. Milena Pavlovi\u0107 Barilli"},{"@type":"BreadcrumbList","@id":"https:\/\/arxxitektura.rs\/milena-pavlovic-barilli-oslikava-svoju-dualnost\/#breadcrumb","itemListElement":[{"@type":"ListItem","position":1,"name":"Home","item":"https:\/\/arxxitektura.rs\/"},{"@type":"ListItem","position":2,"name":"Milena Pavlovi\u0107 Barilli oslikava svoju dualnost"}]},{"@type":"WebSite","@id":"https:\/\/arxxitektura.rs\/#website","url":"https:\/\/arxxitektura.rs\/","name":"ARXXITEKTURA","description":"Blog  Umetnost Kontrasta","publisher":{"@id":"https:\/\/arxxitektura.rs\/#\/schema\/person\/4d705f725a59e45c7211c1b818ba95c1"},"potentialAction":[{"@type":"SearchAction","target":{"@type":"EntryPoint","urlTemplate":"https:\/\/arxxitektura.rs\/?s={search_term_string}"},"query-input":{"@type":"PropertyValueSpecification","valueRequired":true,"valueName":"search_term_string"}}],"inLanguage":"en-US"},{"@type":["Person","Organization"],"@id":"https:\/\/arxxitektura.rs\/#\/schema\/person\/4d705f725a59e45c7211c1b818ba95c1","name":"arxxi_admin","image":{"@type":"ImageObject","inLanguage":"en-US","@id":"https:\/\/arxxitektura.rs\/wp-content\/uploads\/2021\/06\/portret-za-avatar.jpg","url":"https:\/\/arxxitektura.rs\/wp-content\/uploads\/2021\/06\/portret-za-avatar.jpg","contentUrl":"https:\/\/arxxitektura.rs\/wp-content\/uploads\/2021\/06\/portret-za-avatar.jpg","width":281,"height":500,"caption":"arxxi_admin"},"logo":{"@id":"https:\/\/arxxitektura.rs\/wp-content\/uploads\/2021\/06\/portret-za-avatar.jpg"},"description":"Architect by education. I am researching the theoretical foundations of the construction of modern buildings in the historic city core. Protection of historical heritage through revitalization - new life for old buildings.","sameAs":["https:\/\/arxxitektura.rs","https:\/\/www.instagram.com\/arxxitekt\/","https:\/\/www.pinterest.com\/artofcontrasting\/","https:\/\/www.youtube.com\/channel\/UCAQHSoecXQ2ppMNFcrAO-4w"]}]}},"jetpack_sharing_enabled":true,"jetpack_featured_media_url":"https:\/\/arxxitektura.rs\/wp-content\/uploads\/2025\/01\/milena-pavlovic-barili-duality.jpg","_links":{"self":[{"href":"https:\/\/arxxitektura.rs\/en\/wp-json\/wp\/v2\/posts\/16693","targetHints":{"allow":["GET"]}}],"collection":[{"href":"https:\/\/arxxitektura.rs\/en\/wp-json\/wp\/v2\/posts"}],"about":[{"href":"https:\/\/arxxitektura.rs\/en\/wp-json\/wp\/v2\/types\/post"}],"author":[{"embeddable":true,"href":"https:\/\/arxxitektura.rs\/en\/wp-json\/wp\/v2\/users\/1"}],"replies":[{"embeddable":true,"href":"https:\/\/arxxitektura.rs\/en\/wp-json\/wp\/v2\/comments?post=16693"}],"version-history":[{"count":74,"href":"https:\/\/arxxitektura.rs\/en\/wp-json\/wp\/v2\/posts\/16693\/revisions"}],"predecessor-version":[{"id":16946,"href":"https:\/\/arxxitektura.rs\/en\/wp-json\/wp\/v2\/posts\/16693\/revisions\/16946"}],"wp:featuredmedia":[{"embeddable":true,"href":"https:\/\/arxxitektura.rs\/en\/wp-json\/wp\/v2\/media\/16725"}],"wp:attachment":[{"href":"https:\/\/arxxitektura.rs\/en\/wp-json\/wp\/v2\/media?parent=16693"}],"wp:term":[{"taxonomy":"category","embeddable":true,"href":"https:\/\/arxxitektura.rs\/en\/wp-json\/wp\/v2\/categories?post=16693"},{"taxonomy":"post_tag","embeddable":true,"href":"https:\/\/arxxitektura.rs\/en\/wp-json\/wp\/v2\/tags?post=16693"}],"curies":[{"name":"wp","href":"https:\/\/api.w.org\/{rel}","templated":true}]}}