{"id":17080,"date":"2025-11-14T07:07:35","date_gmt":"2025-11-14T06:07:35","guid":{"rendered":"https:\/\/arxxitektura.rs\/?p=17080"},"modified":"2026-02-26T09:24:25","modified_gmt":"2026-02-26T08:24:25","slug":"ali-cherri-u-igri-sa-antikvitetima","status":"publish","type":"post","link":"https:\/\/arxxitektura.rs\/en\/ali-cherri-u-igri-sa-antikvitetima\/","title":{"rendered":"Ali Cherri u igri sa antikvitetima"},"content":{"rendered":"<div data-elementor-type=\"wp-post\" data-elementor-id=\"17080\" class=\"elementor elementor-17080\">\n\t\t\t\t\t\t<section class=\"elementor-section elementor-top-section elementor-element elementor-element-1d582b3 elementor-section-boxed elementor-section-height-default elementor-section-height-default qodef-elementor-content-no\" data-id=\"1d582b3\" data-element_type=\"section\" data-e-type=\"section\">\n\t\t\t\t\t\t<div class=\"elementor-container elementor-column-gap-default\">\n\t\t\t\t\t<div class=\"elementor-column elementor-col-50 elementor-top-column elementor-element elementor-element-7900175\" data-id=\"7900175\" data-element_type=\"column\" data-e-type=\"column\">\n\t\t\t<div class=\"elementor-widget-wrap elementor-element-populated\">\n\t\t\t\t\t\t<div class=\"elementor-element elementor-element-345cb63 elementor-widget elementor-widget-video\" data-id=\"345cb63\" data-element_type=\"widget\" data-e-type=\"widget\" data-settings=\"{&quot;video_type&quot;:&quot;hosted&quot;,&quot;controls&quot;:&quot;yes&quot;}\" data-widget_type=\"video.default\">\n\t\t\t\t<div class=\"elementor-widget-container\">\n\t\t\t\t\t\t\t<div class=\"e-hosted-video elementor-wrapper elementor-open-inline\">\n\t\t\t\t\t<video class=\"elementor-video\" src=\"https:\/\/arxxitektura.rs\/wp-content\/uploads\/2025\/11\/burza-ali-cherri-1-s.mp4\" controls=\"\" preload=\"metadata\" controlslist=\"nodownload\" poster=\"https:\/\/arxxitektura.rs\/wp-content\/uploads\/2025\/11\/ali-cherri-bourse-de-commerce.jpg\"><\/video>\n\t\t\t\t<\/div>\n\t\t\t\t\t\t<\/div>\n\t\t\t\t<\/div>\n\t\t\t\t\t<\/div>\n\t\t<\/div>\n\t\t\t\t<div class=\"elementor-column elementor-col-50 elementor-top-column elementor-element elementor-element-c9afcb5\" data-id=\"c9afcb5\" data-element_type=\"column\" data-e-type=\"column\">\n\t\t\t<div class=\"elementor-widget-wrap elementor-element-populated\">\n\t\t\t\t\t\t<div class=\"elementor-element elementor-element-9a5388e elementor-widget elementor-widget-heading\" data-id=\"9a5388e\" data-element_type=\"widget\" data-e-type=\"widget\" data-widget_type=\"heading.default\">\n\t\t\t\t<div class=\"elementor-widget-container\">\n\t\t\t\t\t<h2 class=\"elementor-heading-title elementor-size-default\">Upoznajmo umetnika<\/h2>\t\t\t\t<\/div>\n\t\t\t\t<\/div>\n\t\t\t\t<div class=\"elementor-element elementor-element-0eefaf5 elementor-widget elementor-widget-elipsa_core_dropcaps\" data-id=\"0eefaf5\" data-element_type=\"widget\" data-e-type=\"widget\" data-widget_type=\"elipsa_core_dropcaps.default\">\n\t\t\t\t<div class=\"elementor-widget-container\">\n\t\t\t\t\t<div class=\"qodef-shortcode qodef-m qodef-dropcaps qodef-type--simple\">\n\t<span class=\"qodef-m-letter\" >A<\/span>\n\t\t\t<p class=\"qodef-m-text\" >li Cherri, ro\u0111en 1976,  je libanski umetnik- vajar i filmski stvaralac sa sedi\u0161tem u Parizu. Njegovi radovi su u kolekcijama najpoznatijih velikih i malih muzeja: Britanski Muzej (The British Museum)- London, Gugenhajm Muzej (The Solomon R. Guggenheim Museum)- Nju Jork, MoMa Nju Jork, Centar \u017dor\u017e Pompidu (Centre Georges Popidou)- Pariz. Dobitnik je Srebrnog lava na 59 Venecijanskom Bijenalu 2022. Za najperspektivnijeg mladog umetnika.<\/p>\n\t<\/div>\t\t\t\t<\/div>\n\t\t\t\t<\/div>\n\t\t\t\t\t<\/div>\n\t\t<\/div>\n\t\t\t\t\t<\/div>\n\t\t<\/section>\n\t\t\t\t<section class=\"elementor-section elementor-top-section elementor-element elementor-element-4ae0e06 elementor-section-boxed elementor-section-height-default elementor-section-height-default qodef-elementor-content-no\" data-id=\"4ae0e06\" data-element_type=\"section\" data-e-type=\"section\">\n\t\t\t\t\t\t<div class=\"elementor-container elementor-column-gap-default\">\n\t\t\t\t\t<div class=\"elementor-column elementor-col-100 elementor-top-column elementor-element elementor-element-233d510\" data-id=\"233d510\" data-element_type=\"column\" data-e-type=\"column\">\n\t\t\t<div class=\"elementor-widget-wrap elementor-element-populated\">\n\t\t\t\t\t\t<div class=\"elementor-element elementor-element-2e1c008 elementor-widget elementor-widget-heading\" data-id=\"2e1c008\" data-element_type=\"widget\" data-e-type=\"widget\" data-widget_type=\"heading.default\">\n\t\t\t\t<div class=\"elementor-widget-container\">\n\t\t\t\t\t<h2 class=\"elementor-heading-title elementor-size-default\">Anti-ratna retorika Ali Cherri<\/h2>\t\t\t\t<\/div>\n\t\t\t\t<\/div>\n\t\t\t\t\t<\/div>\n\t\t<\/div>\n\t\t\t\t\t<\/div>\n\t\t<\/section>\n\t\t\t\t<section class=\"elementor-section elementor-top-section elementor-element elementor-element-0c45456 elementor-section-boxed elementor-section-height-default elementor-section-height-default qodef-elementor-content-no\" data-id=\"0c45456\" data-element_type=\"section\" data-e-type=\"section\">\n\t\t\t\t\t\t<div class=\"elementor-container elementor-column-gap-default\">\n\t\t\t\t\t<div class=\"elementor-column elementor-col-100 elementor-top-column elementor-element elementor-element-f62d33a\" data-id=\"f62d33a\" data-element_type=\"column\" data-e-type=\"column\">\n\t\t\t<div class=\"elementor-widget-wrap elementor-element-populated\">\n\t\t\t\t\t\t<div class=\"elementor-element elementor-element-a677f4b elementor-widget elementor-widget-text-editor\" data-id=\"a677f4b\" data-element_type=\"widget\" data-e-type=\"widget\" data-widget_type=\"text-editor.default\">\n\t\t\t\t<div class=\"elementor-widget-container\">\n\t\t\t\t\t\t\t\t\t<p>Poreklo ovog umetnika je Bejrut- Liban, gde je iskusio posledice gra\u0111anskog rata, koje ostavljaju dubok trag na njegovom radu. Zainteresovan je za uticaj politike i besmisao rata kao njene posledice.<\/p><p>To se jasno \u010dita u njegovom filmu Watchmen- Stra\u017ea sa temom o dvostranom nadgledanju granice na ostrvu Kipar, podeljenog izme\u0111u Turske i Gr\u010dke. Svakodnevnica vojnika prolazi u monotonoj rutini i\u0161\u010dekivanja mogu\u0107ih incidenata. Oni zasigurno nisu potrebni obi\u010dnim gra\u0111anima. \u00a0<\/p><p>Film je prikazan na izlo\u017ebi \u201cTelo I du\u0161a\u201d (\u00abBody and soul\u00bb) u Berzi Kolekcija Pino u Parizu (Bourse de Commerce Collection Pinoult) 2025.g.<\/p>\t\t\t\t\t\t\t\t<\/div>\n\t\t\t\t<\/div>\n\t\t\t\t<div class=\"elementor-element elementor-element-bad4258 elementor-widget elementor-widget-heading\" data-id=\"bad4258\" data-element_type=\"widget\" data-e-type=\"widget\" data-widget_type=\"heading.default\">\n\t\t\t\t<div class=\"elementor-widget-container\">\n\t\t\t\t\t<h2 class=\"elementor-heading-title elementor-size-default\">\u00ab Blurovanje hronologije \u00bb<\/h2>\t\t\t\t<\/div>\n\t\t\t\t<\/div>\n\t\t\t\t\t<\/div>\n\t\t<\/div>\n\t\t\t\t\t<\/div>\n\t\t<\/section>\n\t\t\t\t<section class=\"elementor-section elementor-top-section elementor-element elementor-element-a98d1df elementor-section-boxed elementor-section-height-default elementor-section-height-default qodef-elementor-content-no\" data-id=\"a98d1df\" data-element_type=\"section\" data-e-type=\"section\">\n\t\t\t\t\t\t<div class=\"elementor-container elementor-column-gap-default\">\n\t\t\t\t\t<div class=\"elementor-column elementor-col-100 elementor-top-column elementor-element elementor-element-512b51b\" data-id=\"512b51b\" data-element_type=\"column\" data-e-type=\"column\">\n\t\t\t<div class=\"elementor-widget-wrap elementor-element-populated\">\n\t\t\t\t\t\t<div class=\"elementor-element elementor-element-5446dfc elementor-widget elementor-widget-text-editor\" data-id=\"5446dfc\" data-element_type=\"widget\" data-e-type=\"widget\" data-widget_type=\"text-editor.default\">\n\t\t\t\t<div class=\"elementor-widget-container\">\n\t\t\t\t\t\t\t\t\t<p>Vi\u0161e od dekade Ali Cherri kupuje antikvitete i sli\u010dne artefakte na aukcijama francuske aukcijske ku\u0107e Drout.<strong><a href=\"https:\/\/arxxitektura.rs\/en\/ogist-roden-kreira-skulpturu-u-pokretu\/\" target=\"_blank\" rel=\"noopener\"> Kao i kod Ogist Rodena (August Rodin), ve\u0107ina tih komada nema izuzetnu vrednost.<\/a><\/strong> No, za razliku od Rodena, ne poti\u010du iz jedne epohe- kulture. Vrlo su raznorodni sa \u0161irokom spektrom tematika.<\/p><p>Antikviteti su osnova za njegovu skulpturu. Za razliku od Rodena koji je uvek ubacivao svoju skulpturu u antikvitet, \u010ceri (Cherri) dopu\u0161ta sebi da se zadr\u017ei na konceptu- ideji.<\/p><p>Slobodno spaja artefakte iz razli\u010ditih perioda stvaraju\u0107i svoje autenti\u010dne hibride. Njegov li\u010dni pe\u010dat je anuliranje vremenskih odrednica. Antikvitet zaista ima pravu vrednost ako je sa\u010duvan u originalu. Spajanje dva antikviteta naru\u0161ava njihovu vrednost, te ih bri\u0161e iz kataloga koji se bavi arheologijom, ali stvara novu vrednost koja pripada umetnosti.<\/p><p>Blurovanje hronologije- brisanje granica u hronologiji, stvara zanimljive kreature i navodi vas da saznate da li postoji neka dublja pri\u010da iza svega.<\/p>\t\t\t\t\t\t\t\t<\/div>\n\t\t\t\t<\/div>\n\t\t\t\t\t<\/div>\n\t\t<\/div>\n\t\t\t\t\t<\/div>\n\t\t<\/section>\n\t\t\t\t<section class=\"elementor-section elementor-top-section elementor-element elementor-element-6f491c8 elementor-section-boxed elementor-section-height-default elementor-section-height-default qodef-elementor-content-no\" data-id=\"6f491c8\" data-element_type=\"section\" data-e-type=\"section\">\n\t\t\t\t\t\t<div class=\"elementor-container elementor-column-gap-default\">\n\t\t\t\t\t<div class=\"elementor-column elementor-col-100 elementor-top-column elementor-element elementor-element-0a66c23\" data-id=\"0a66c23\" data-element_type=\"column\" data-e-type=\"column\">\n\t\t\t<div class=\"elementor-widget-wrap elementor-element-populated\">\n\t\t\t\t\t\t<div class=\"elementor-element elementor-element-b16327c elementor-widget elementor-widget-heading\" data-id=\"b16327c\" data-element_type=\"widget\" data-e-type=\"widget\" data-widget_type=\"heading.default\">\n\t\t\t\t<div class=\"elementor-widget-container\">\n\t\t\t\t\t<h2 class=\"elementor-heading-title elementor-size-default\">Ali Cherri kupuje egipatsku masku<\/h2>\t\t\t\t<\/div>\n\t\t\t\t<\/div>\n\t\t\t\t\t<\/div>\n\t\t<\/div>\n\t\t\t\t\t<\/div>\n\t\t<\/section>\n\t\t\t\t<section class=\"elementor-section elementor-top-section elementor-element elementor-element-2905972 elementor-section-boxed elementor-section-height-default elementor-section-height-default qodef-elementor-content-no\" data-id=\"2905972\" data-element_type=\"section\" data-e-type=\"section\">\n\t\t\t\t\t\t<div class=\"elementor-container elementor-column-gap-default\">\n\t\t\t\t\t<div class=\"elementor-column elementor-col-50 elementor-top-column elementor-element elementor-element-378a2f5\" data-id=\"378a2f5\" data-element_type=\"column\" data-e-type=\"column\">\n\t\t\t<div class=\"elementor-widget-wrap elementor-element-populated\">\n\t\t\t\t\t\t<div class=\"elementor-element elementor-element-70b101a elementor-widget__width-initial elementor-widget elementor-widget-image\" data-id=\"70b101a\" data-element_type=\"widget\" data-e-type=\"widget\" data-widget_type=\"image.default\">\n\t\t\t\t<div class=\"elementor-widget-container\">\n\t\t\t\t\t\t\t\t\t\t\t\t\t\t\t<img fetchpriority=\"high\" decoding=\"async\" width=\"522\" height=\"876\" src=\"https:\/\/arxxitektura.rs\/wp-content\/uploads\/2025\/11\/Ali-Cherri-maska.jpg\" class=\"attachment-large size-large wp-image-17121\" alt=\"Maska Ali Cherri\" srcset=\"https:\/\/arxxitektura.rs\/wp-content\/uploads\/2025\/11\/Ali-Cherri-maska.jpg 522w, https:\/\/arxxitektura.rs\/wp-content\/uploads\/2025\/11\/Ali-Cherri-maska-179x300.jpg 179w, https:\/\/arxxitektura.rs\/wp-content\/uploads\/2025\/11\/Ali-Cherri-maska-7x12.jpg 7w\" sizes=\"(max-width: 522px) 100vw, 522px\" \/>\t\t\t\t\t\t\t\t\t\t\t\t\t\t\t<\/div>\n\t\t\t\t<\/div>\n\t\t\t\t\t<\/div>\n\t\t<\/div>\n\t\t\t\t<div class=\"elementor-column elementor-col-50 elementor-top-column elementor-element elementor-element-14a5742\" data-id=\"14a5742\" data-element_type=\"column\" data-e-type=\"column\">\n\t\t\t<div class=\"elementor-widget-wrap elementor-element-populated\">\n\t\t\t\t\t\t<div class=\"elementor-element elementor-element-b1b8284 elementor-widget elementor-widget-text-editor\" data-id=\"b1b8284\" data-element_type=\"widget\" data-e-type=\"widget\" data-widget_type=\"text-editor.default\">\n\t\t\t\t<div class=\"elementor-widget-container\">\n\t\t\t\t\t\t\t\t\t<p>\u010ceri je na jednoj aukciji otkupio izvesnu egipatsku masku. Autenti\u010dnu vrednost maske predstavlja \u010dinjenica da je nekad bila u vlasni\u0161tvu \u017dan Koktoa (Jean Cocteau), poznatog francuskog avangardnog poete, umetnika i filmskog stvaraoca.<\/p><p>Kokto je umetnik rasko\u0161nog spektra aktivnosti, poznat po filmu \u00ab\u00a0Orfej\u00a0\u00bb. On je tematski razvijen iz filma \u00ab\u00a0Smrt Poete\u00a0\u00bb iz 1930.g. koji govori o potrebi da pesnik stalno umire da bi do\u0161ao u kontakt sa svojim pravim bi\u0107em. Egipatska maska je inspirisala Koktoa za lice u ovom filmu. Reditelj je prodao da bi obezbedio sredstva za snimanje filma.<\/p>\t\t\t\t\t\t\t\t<\/div>\n\t\t\t\t<\/div>\n\t\t\t\t\t<\/div>\n\t\t<\/div>\n\t\t\t\t\t<\/div>\n\t\t<\/section>\n\t\t\t\t<section class=\"elementor-section elementor-top-section elementor-element elementor-element-ffa0a4e elementor-section-boxed elementor-section-height-default elementor-section-height-default qodef-elementor-content-no\" data-id=\"ffa0a4e\" data-element_type=\"section\" data-e-type=\"section\">\n\t\t\t\t\t\t<div class=\"elementor-container elementor-column-gap-default\">\n\t\t\t\t\t<div class=\"elementor-column elementor-col-100 elementor-top-column elementor-element elementor-element-4ddc119\" data-id=\"4ddc119\" data-element_type=\"column\" data-e-type=\"column\">\n\t\t\t<div class=\"elementor-widget-wrap elementor-element-populated\">\n\t\t\t\t\t\t<div class=\"elementor-element elementor-element-4d39dd8 elementor-widget elementor-widget-heading\" data-id=\"4d39dd8\" data-element_type=\"widget\" data-e-type=\"widget\" data-widget_type=\"heading.default\">\n\t\t\t\t<div class=\"elementor-widget-container\">\n\t\t\t\t\t<h2 class=\"elementor-heading-title elementor-size-default\">Arhitektura u kontrastu- Berza Kolekcija Pino <\/h2>\t\t\t\t<\/div>\n\t\t\t\t<\/div>\n\t\t\t\t\t<\/div>\n\t\t<\/div>\n\t\t\t\t\t<\/div>\n\t\t<\/section>\n\t\t\t\t<section class=\"elementor-section elementor-top-section elementor-element elementor-element-c9918f6 elementor-section-boxed elementor-section-height-default elementor-section-height-default qodef-elementor-content-no\" data-id=\"c9918f6\" data-element_type=\"section\" data-e-type=\"section\">\n\t\t\t\t\t\t<div class=\"elementor-container elementor-column-gap-default\">\n\t\t\t\t\t<div class=\"elementor-column elementor-col-50 elementor-top-column elementor-element elementor-element-acf6614\" data-id=\"acf6614\" data-element_type=\"column\" data-e-type=\"column\">\n\t\t\t<div class=\"elementor-widget-wrap elementor-element-populated\">\n\t\t\t\t\t\t<div class=\"elementor-element elementor-element-b66737e elementor-widget elementor-widget-text-editor\" data-id=\"b66737e\" data-element_type=\"widget\" data-e-type=\"widget\" data-widget_type=\"text-editor.default\">\n\t\t\t\t<div class=\"elementor-widget-container\">\n\t\t\t\t\t\t\t\t\t<p>Pogledajmo u kakvom objektu je postavljena izlo\u017eba Ali Cherri.<\/p><p>Kitnjasti objekat iz 1763.g. kru\u017ene osnove, originalno bez tavanice. Kupolasta tavanica izvedena je nakon jednog veka. U svoje vreme je bio izuzetnih esteskih vrednosti, te je \u010dak Viktor Igo spominjao u svojim delima. Na oslikanoj tavanici predstavljene su scene koje slave trgovinu i saradnju izme\u0111u 5 kontinenata. Menjao je namene i vlasnike i kona\u010dno do\u0161ao u ruke velikom kolekcionaru i meceni umetnosti, Fransoa Pinou (Francoit Pinault). Njegovo ime povezano je sa vlasni\u0161tvom nad Kering modnom imperijom, uklju\u010duju\u0107i velika modna imena u svoje okrilje.<\/p>\t\t\t\t\t\t\t\t<\/div>\n\t\t\t\t<\/div>\n\t\t\t\t\t<\/div>\n\t\t<\/div>\n\t\t\t\t<div class=\"elementor-column elementor-col-50 elementor-top-column elementor-element elementor-element-453eb26\" data-id=\"453eb26\" data-element_type=\"column\" data-e-type=\"column\">\n\t\t\t<div class=\"elementor-widget-wrap elementor-element-populated\">\n\t\t\t\t\t\t<div class=\"elementor-element elementor-element-c69ba97 elementor-widget__width-initial elementor-widget elementor-widget-image\" data-id=\"c69ba97\" data-element_type=\"widget\" data-e-type=\"widget\" data-widget_type=\"image.default\">\n\t\t\t\t<div class=\"elementor-widget-container\">\n\t\t\t\t\t\t\t\t\t\t\t\t\t\t\t<img decoding=\"async\" width=\"434\" height=\"633\" src=\"https:\/\/arxxitektura.rs\/wp-content\/uploads\/2025\/11\/maketa-Bourse-de-commerce.jpg\" class=\"attachment-large size-large wp-image-17119\" alt=\"Maketa Bourse de Commerce Paris\" srcset=\"https:\/\/arxxitektura.rs\/wp-content\/uploads\/2025\/11\/maketa-Bourse-de-commerce.jpg 434w, https:\/\/arxxitektura.rs\/wp-content\/uploads\/2025\/11\/maketa-Bourse-de-commerce-206x300.jpg 206w, https:\/\/arxxitektura.rs\/wp-content\/uploads\/2025\/11\/maketa-Bourse-de-commerce-8x12.jpg 8w\" sizes=\"(max-width: 434px) 100vw, 434px\" \/>\t\t\t\t\t\t\t\t\t\t\t\t\t\t\t<\/div>\n\t\t\t\t<\/div>\n\t\t\t\t\t<\/div>\n\t\t<\/div>\n\t\t\t\t\t<\/div>\n\t\t<\/section>\n\t\t\t\t<section class=\"elementor-section elementor-top-section elementor-element elementor-element-3897fc8 elementor-section-boxed elementor-section-height-default elementor-section-height-default qodef-elementor-content-no\" data-id=\"3897fc8\" data-element_type=\"section\" data-e-type=\"section\">\n\t\t\t\t\t\t<div class=\"elementor-container elementor-column-gap-default\">\n\t\t\t\t\t<div class=\"elementor-column elementor-col-50 elementor-top-column elementor-element elementor-element-9800e03\" data-id=\"9800e03\" data-element_type=\"column\" data-e-type=\"column\">\n\t\t\t<div class=\"elementor-widget-wrap elementor-element-populated\">\n\t\t\t\t\t\t<div class=\"elementor-element elementor-element-62a965c elementor-widget elementor-widget-image\" data-id=\"62a965c\" data-element_type=\"widget\" data-e-type=\"widget\" data-widget_type=\"image.default\">\n\t\t\t\t<div class=\"elementor-widget-container\">\n\t\t\t\t\t\t\t\t\t\t\t\t\t\t\t<img decoding=\"async\" width=\"750\" height=\"1000\" src=\"https:\/\/arxxitektura.rs\/wp-content\/uploads\/2025\/11\/betonski-prsten-Bourse-de-Commerce.jpg\" class=\"attachment-large size-large wp-image-17118\" alt=\"Bourse de Commerce Pinault Collection\" srcset=\"https:\/\/arxxitektura.rs\/wp-content\/uploads\/2025\/11\/betonski-prsten-Bourse-de-Commerce.jpg 750w, https:\/\/arxxitektura.rs\/wp-content\/uploads\/2025\/11\/betonski-prsten-Bourse-de-Commerce-225x300.jpg 225w, https:\/\/arxxitektura.rs\/wp-content\/uploads\/2025\/11\/betonski-prsten-Bourse-de-Commerce-9x12.jpg 9w\" sizes=\"(max-width: 750px) 100vw, 750px\" \/>\t\t\t\t\t\t\t\t\t\t\t\t\t\t\t<\/div>\n\t\t\t\t<\/div>\n\t\t\t\t\t<\/div>\n\t\t<\/div>\n\t\t\t\t<div class=\"elementor-column elementor-col-50 elementor-top-column elementor-element elementor-element-bee44f3\" data-id=\"bee44f3\" data-element_type=\"column\" data-e-type=\"column\">\n\t\t\t<div class=\"elementor-widget-wrap elementor-element-populated\">\n\t\t\t\t\t\t<div class=\"elementor-element elementor-element-fd3e87b elementor-widget elementor-widget-image\" data-id=\"fd3e87b\" data-element_type=\"widget\" data-e-type=\"widget\" data-widget_type=\"image.default\">\n\t\t\t\t<div class=\"elementor-widget-container\">\n\t\t\t\t\t\t\t\t\t\t\t\t\t\t\t<img loading=\"lazy\" decoding=\"async\" width=\"765\" height=\"1020\" src=\"https:\/\/arxxitektura.rs\/wp-content\/uploads\/2025\/11\/vitrina-Bourse-de-Commerce.jpg\" class=\"attachment-large size-large wp-image-17120\" alt=\"vitrina Bourse de Commerce Paris\" srcset=\"https:\/\/arxxitektura.rs\/wp-content\/uploads\/2025\/11\/vitrina-Bourse-de-Commerce.jpg 765w, https:\/\/arxxitektura.rs\/wp-content\/uploads\/2025\/11\/vitrina-Bourse-de-Commerce-225x300.jpg 225w, https:\/\/arxxitektura.rs\/wp-content\/uploads\/2025\/11\/vitrina-Bourse-de-Commerce-9x12.jpg 9w\" sizes=\"(max-width: 765px) 100vw, 765px\" \/>\t\t\t\t\t\t\t\t\t\t\t\t\t\t\t<\/div>\n\t\t\t\t<\/div>\n\t\t\t\t\t<\/div>\n\t\t<\/div>\n\t\t\t\t\t<\/div>\n\t\t<\/section>\n\t\t\t\t<section class=\"elementor-section elementor-top-section elementor-element elementor-element-6d88b57 elementor-section-boxed elementor-section-height-default elementor-section-height-default qodef-elementor-content-no\" data-id=\"6d88b57\" data-element_type=\"section\" data-e-type=\"section\">\n\t\t\t\t\t\t<div class=\"elementor-container elementor-column-gap-default\">\n\t\t\t\t\t<div class=\"elementor-column elementor-col-100 elementor-top-column elementor-element elementor-element-b9fcc4c\" data-id=\"b9fcc4c\" data-element_type=\"column\" data-e-type=\"column\">\n\t\t\t<div class=\"elementor-widget-wrap elementor-element-populated\">\n\t\t\t\t\t\t<div class=\"elementor-element elementor-element-9084ab1 elementor-widget elementor-widget-heading\" data-id=\"9084ab1\" data-element_type=\"widget\" data-e-type=\"widget\" data-widget_type=\"heading.default\">\n\t\t\t\t<div class=\"elementor-widget-container\">\n\t\t\t\t\t<h3 class=\"elementor-heading-title elementor-size-default\">Arhitekta Tadao Ando<\/h3>\t\t\t\t<\/div>\n\t\t\t\t<\/div>\n\t\t\t\t\t<\/div>\n\t\t<\/div>\n\t\t\t\t\t<\/div>\n\t\t<\/section>\n\t\t\t\t<section class=\"elementor-section elementor-top-section elementor-element elementor-element-ba91717 elementor-section-boxed elementor-section-height-default elementor-section-height-default qodef-elementor-content-no\" data-id=\"ba91717\" data-element_type=\"section\" data-e-type=\"section\">\n\t\t\t\t\t\t<div class=\"elementor-container elementor-column-gap-default\">\n\t\t\t\t\t<div class=\"elementor-column elementor-col-100 elementor-top-column elementor-element elementor-element-1990b3d\" data-id=\"1990b3d\" data-element_type=\"column\" data-e-type=\"column\">\n\t\t\t<div class=\"elementor-widget-wrap elementor-element-populated\">\n\t\t\t\t\t\t<div class=\"elementor-element elementor-element-daa88d5 elementor-widget elementor-widget-text-editor\" data-id=\"daa88d5\" data-element_type=\"widget\" data-e-type=\"widget\" data-widget_type=\"text-editor.default\">\n\t\t\t\t<div class=\"elementor-widget-container\">\n\t\t\t\t\t\t\t\t\t<p>Objekat je pretrpeo 2021.g. intervenciju jednog od najve\u0107ih savremenih arhitekata Tadao Ando. Japanski arhitekta, poznat je po minimalizmu u monolitnim betonskim povr\u0161inama. Majstor betona, postavio je super-jednostavan, matemati\u010dki ta\u010dno vizuelno izdeljen, betonski prsten unutar postoje\u0107eg objekta. Izuzetno glatki zidovi nose novu arhitektonsku galeriju. Sa iste je mogu\u0107e bli\u017ee pogledati oslikanu tavanicu, izlo\u017ebu iz gornjeg rakursa i pri\u0107i drugim, manjim izlo\u017ebenim galerijama na spratu.<\/p><p>Na ovaj na\u010din prostor u prizemlju sveden je na dve izlo\u017ebene galerije u kru\u017enoj osnovi- centralnu zonu obavijenu betonom i spoljnu usku traku koja je zadr\u017eala mobilijar iz pro\u0161losti.<\/p><p>Kontrast izme\u0111u \u010distih zidova sive boje, i kitnjasto ukra\u0161enih starih zidova, preme\u0161ta ovaj istorijski objekat u sada\u0161nji trenutak.<\/p>\t\t\t\t\t\t\t\t<\/div>\n\t\t\t\t<\/div>\n\t\t\t\t\t<\/div>\n\t\t<\/div>\n\t\t\t\t\t<\/div>\n\t\t<\/section>\n\t\t\t\t<section class=\"elementor-section elementor-top-section elementor-element elementor-element-c8165e6 elementor-section-boxed elementor-section-height-default elementor-section-height-default qodef-elementor-content-no\" data-id=\"c8165e6\" data-element_type=\"section\" data-e-type=\"section\">\n\t\t\t\t\t\t<div class=\"elementor-container elementor-column-gap-default\">\n\t\t\t\t\t<div class=\"elementor-column elementor-col-100 elementor-top-column elementor-element elementor-element-04f3008\" data-id=\"04f3008\" data-element_type=\"column\" data-e-type=\"column\">\n\t\t\t<div class=\"elementor-widget-wrap elementor-element-populated\">\n\t\t\t\t\t\t<div class=\"elementor-element elementor-element-e99d0e5 elementor-widget elementor-widget-heading\" data-id=\"e99d0e5\" data-element_type=\"widget\" data-e-type=\"widget\" data-widget_type=\"heading.default\">\n\t\t\t\t<div class=\"elementor-widget-container\">\n\t\t\t\t\t<h3 class=\"elementor-heading-title elementor-size-default\">Postavka izlo\u017ebe Ali Cherri  \u201cTelo i du\u0161a\u201d  <\/h3>\t\t\t\t<\/div>\n\t\t\t\t<\/div>\n\t\t\t\t\t<\/div>\n\t\t<\/div>\n\t\t\t\t\t<\/div>\n\t\t<\/section>\n\t\t\t\t<section class=\"elementor-section elementor-top-section elementor-element elementor-element-6f3237e elementor-section-boxed elementor-section-height-default elementor-section-height-default qodef-elementor-content-no\" data-id=\"6f3237e\" data-element_type=\"section\" data-e-type=\"section\">\n\t\t\t\t\t\t<div class=\"elementor-container elementor-column-gap-default\">\n\t\t\t\t\t<div class=\"elementor-column elementor-col-100 elementor-top-column elementor-element elementor-element-d3efcaa\" data-id=\"d3efcaa\" data-element_type=\"column\" data-e-type=\"column\">\n\t\t\t<div class=\"elementor-widget-wrap elementor-element-populated\">\n\t\t\t\t\t\t<div class=\"elementor-element elementor-element-395e08b elementor-widget elementor-widget-text-editor\" data-id=\"395e08b\" data-element_type=\"widget\" data-e-type=\"widget\" data-widget_type=\"text-editor.default\">\n\t\t\t\t<div class=\"elementor-widget-container\">\n\t\t\t\t\t\t\t\t\t<p>Izuzetan koncept enterijera objekta Berze Kolekcija Pino u Parizu napravio je neponovljivu bazu za postavku izlo\u017ebe \u201cTelo i du\u0161a\u201d 2025. g. Galerijska traka izme\u0111u starih zidova i betonskog zida, podeljena je visokim, staklenim, stilskim vitrinama u kojima su izlo\u017eeni radovi.<\/p><p>24 vitrine asocijacija su na 24 frejma- sli\u010dice koji \u010dine jedan sekund na filmskoj traci. Cela izlo\u017eba inspirisana je filmom \u00a0\u017dan Koktoa \u00ab\u00a0Smrt poete\u00a0\u00bb. Iznad umetni\u010dkih dela \u010cerija ispisani su citati Koktoa izvu\u010deni iz scenarija filma.<\/p><p>U svakoj vitrini izlo\u017eeni su hibridi koje je umetnik spojio po svojoj intuiciji. U jednoj od njih izlo\u017eena je Egipatska maska koja je poslu\u017eila kao inspiracija za lik iz filma i celu izlo\u017ebu, o kojoj je ve\u0107 bilo re\u010di.<\/p><p>Ovo je bio sjajan, neponovljiv koncept izlo\u017ebe koja spaja kontraste. Fuzija arhitekture, arheologije, filma koja je svim ljubiteljima umetnosti, koji su imali prilike da je posete, napunila srca.<\/p>\t\t\t\t\t\t\t\t<\/div>\n\t\t\t\t<\/div>\n\t\t\t\t\t<\/div>\n\t\t<\/div>\n\t\t\t\t\t<\/div>\n\t\t<\/section>\n\t\t\t\t<\/div>","protected":false},"excerpt":{"rendered":"<p>U maniru umetnosti kontrasta je postavljena izlo\u017eba Natura Morta u Milanu u Muzeju Pinacoteca Ambrosiana, Caravaggio vs Jago<\/p>","protected":false},"author":1,"featured_media":17138,"comment_status":"closed","ping_status":"open","sticky":false,"template":"","format":"standard","meta":{"_jetpack_newsletter_access":"","_jetpack_dont_email_post_to_subs":false,"_jetpack_newsletter_tier_id":0,"_jetpack_memberships_contains_paywalled_content":false,"_jetpack_memberships_contains_paid_content":false,"footnotes":""},"categories":[20],"tags":[100],"class_list":["post-17080","post","type-post","status-publish","format-standard","has-post-thumbnail","hentry","category-kontrast-u-umetnosti","tag-pariz"],"yoast_head":"<!-- This site is optimized with the Yoast SEO plugin v28.4 - https:\/\/yoast.com\/product\/yoast-seo-wordpress\/ -->\n<title>Ali Cherri u igri sa antikvitetima &#8902; ARXXITEKTURA<\/title>\n<meta name=\"description\" content=\"Vi\u0161e od dekade Ali Cherri kupuje antikvitete i sli\u010dne artefakte na aukcijama francuske aukcijske ku\u0107e Drout.\" \/>\n<meta name=\"robots\" content=\"index, follow, max-snippet:-1, max-image-preview:large, max-video-preview:-1\" \/>\n<link rel=\"canonical\" href=\"https:\/\/arxxitektura.rs\/en\/ali-cherri-u-igri-sa-antikvitetima\/\" \/>\n<meta property=\"og:locale\" content=\"en_US\" \/>\n<meta property=\"og:type\" content=\"article\" \/>\n<meta property=\"og:title\" content=\"Ali Cherri u igri sa antikvitetima &#8902; ARXXITEKTURA\" \/>\n<meta property=\"og:description\" content=\"Vi\u0161e od dekade Ali Cherri kupuje antikvitete i sli\u010dne artefakte na aukcijama francuske aukcijske ku\u0107e Drout.\" \/>\n<meta property=\"og:url\" content=\"https:\/\/arxxitektura.rs\/en\/ali-cherri-u-igri-sa-antikvitetima\/\" \/>\n<meta property=\"og:site_name\" content=\"ARXXITEKTURA\" \/>\n<meta property=\"article:published_time\" content=\"2025-11-14T06:07:35+00:00\" \/>\n<meta property=\"article:modified_time\" content=\"2026-02-26T08:24:25+00:00\" \/>\n<meta property=\"og:image\" content=\"https:\/\/arxxitektura.rs\/wp-content\/uploads\/2025\/11\/rsz_ali_cherri_burza_.jpg\" \/>\n\t<meta property=\"og:image:width\" content=\"1165\" \/>\n\t<meta property=\"og:image:height\" content=\"1165\" \/>\n\t<meta property=\"og:image:type\" content=\"image\/jpeg\" \/>\n<meta name=\"author\" content=\"arxxi_admin\" \/>\n<meta name=\"twitter:card\" content=\"summary_large_image\" \/>\n<meta name=\"twitter:label1\" content=\"Written by\" \/>\n\t<meta name=\"twitter:data1\" content=\"arxxi_admin\" \/>\n\t<meta name=\"twitter:label2\" content=\"Est. reading time\" \/>\n\t<meta name=\"twitter:data2\" content=\"2 minutes\" \/>\n<script type=\"application\/ld+json\" class=\"yoast-schema-graph\">{\"@context\":\"https:\\\/\\\/schema.org\",\"@graph\":[{\"@type\":\"Article\",\"@id\":\"https:\\\/\\\/arxxitektura.rs\\\/ali-cherri-u-igri-sa-antikvitetima\\\/#article\",\"isPartOf\":{\"@id\":\"https:\\\/\\\/arxxitektura.rs\\\/ali-cherri-u-igri-sa-antikvitetima\\\/\"},\"author\":{\"name\":\"arxxi_admin\",\"@id\":\"https:\\\/\\\/arxxitektura.rs\\\/#\\\/schema\\\/person\\\/4d705f725a59e45c7211c1b818ba95c1\"},\"headline\":\"Ali Cherri u igri sa antikvitetima\",\"datePublished\":\"2025-11-14T06:07:35+00:00\",\"dateModified\":\"2026-02-26T08:24:25+00:00\",\"mainEntityOfPage\":{\"@id\":\"https:\\\/\\\/arxxitektura.rs\\\/ali-cherri-u-igri-sa-antikvitetima\\\/\"},\"wordCount\":850,\"publisher\":{\"@id\":\"https:\\\/\\\/arxxitektura.rs\\\/#\\\/schema\\\/person\\\/4d705f725a59e45c7211c1b818ba95c1\"},\"image\":{\"@id\":\"https:\\\/\\\/arxxitektura.rs\\\/ali-cherri-u-igri-sa-antikvitetima\\\/#primaryimage\"},\"thumbnailUrl\":\"https:\\\/\\\/arxxitektura.rs\\\/wp-content\\\/uploads\\\/2025\\\/11\\\/rsz_ali_cherri_burza_.jpg\",\"keywords\":[\"Pariz\"],\"articleSection\":[\"Kontrast u umetnosti\"],\"inLanguage\":\"en-US\"},{\"@type\":\"WebPage\",\"@id\":\"https:\\\/\\\/arxxitektura.rs\\\/ali-cherri-u-igri-sa-antikvitetima\\\/\",\"url\":\"https:\\\/\\\/arxxitektura.rs\\\/ali-cherri-u-igri-sa-antikvitetima\\\/\",\"name\":\"Ali Cherri u igri sa antikvitetima &#8902; ARXXITEKTURA\",\"isPartOf\":{\"@id\":\"https:\\\/\\\/arxxitektura.rs\\\/#website\"},\"primaryImageOfPage\":{\"@id\":\"https:\\\/\\\/arxxitektura.rs\\\/ali-cherri-u-igri-sa-antikvitetima\\\/#primaryimage\"},\"image\":{\"@id\":\"https:\\\/\\\/arxxitektura.rs\\\/ali-cherri-u-igri-sa-antikvitetima\\\/#primaryimage\"},\"thumbnailUrl\":\"https:\\\/\\\/arxxitektura.rs\\\/wp-content\\\/uploads\\\/2025\\\/11\\\/rsz_ali_cherri_burza_.jpg\",\"datePublished\":\"2025-11-14T06:07:35+00:00\",\"dateModified\":\"2026-02-26T08:24:25+00:00\",\"description\":\"Vi\u0161e od dekade Ali Cherri kupuje antikvitete i sli\u010dne artefakte na aukcijama francuske aukcijske ku\u0107e Drout.\",\"breadcrumb\":{\"@id\":\"https:\\\/\\\/arxxitektura.rs\\\/ali-cherri-u-igri-sa-antikvitetima\\\/#breadcrumb\"},\"inLanguage\":\"en-US\",\"potentialAction\":[{\"@type\":\"ReadAction\",\"target\":[\"https:\\\/\\\/arxxitektura.rs\\\/ali-cherri-u-igri-sa-antikvitetima\\\/\"]}]},{\"@type\":\"ImageObject\",\"inLanguage\":\"en-US\",\"@id\":\"https:\\\/\\\/arxxitektura.rs\\\/ali-cherri-u-igri-sa-antikvitetima\\\/#primaryimage\",\"url\":\"https:\\\/\\\/arxxitektura.rs\\\/wp-content\\\/uploads\\\/2025\\\/11\\\/rsz_ali_cherri_burza_.jpg\",\"contentUrl\":\"https:\\\/\\\/arxxitektura.rs\\\/wp-content\\\/uploads\\\/2025\\\/11\\\/rsz_ali_cherri_burza_.jpg\",\"width\":1165,\"height\":1165,\"caption\":\"ali cherri body and soul\"},{\"@type\":\"BreadcrumbList\",\"@id\":\"https:\\\/\\\/arxxitektura.rs\\\/ali-cherri-u-igri-sa-antikvitetima\\\/#breadcrumb\",\"itemListElement\":[{\"@type\":\"ListItem\",\"position\":1,\"name\":\"Home\",\"item\":\"https:\\\/\\\/arxxitektura.rs\\\/\"},{\"@type\":\"ListItem\",\"position\":2,\"name\":\"Ali Cherri u igri sa antikvitetima\"}]},{\"@type\":\"WebSite\",\"@id\":\"https:\\\/\\\/arxxitektura.rs\\\/#website\",\"url\":\"https:\\\/\\\/arxxitektura.rs\\\/\",\"name\":\"ARXXITEKTURA\",\"description\":\"Blog  Umetnost Kontrasta\",\"publisher\":{\"@id\":\"https:\\\/\\\/arxxitektura.rs\\\/#\\\/schema\\\/person\\\/4d705f725a59e45c7211c1b818ba95c1\"},\"potentialAction\":[{\"@type\":\"SearchAction\",\"target\":{\"@type\":\"EntryPoint\",\"urlTemplate\":\"https:\\\/\\\/arxxitektura.rs\\\/?s={search_term_string}\"},\"query-input\":{\"@type\":\"PropertyValueSpecification\",\"valueRequired\":true,\"valueName\":\"search_term_string\"}}],\"inLanguage\":\"en-US\"},{\"@type\":[\"Person\",\"Organization\"],\"@id\":\"https:\\\/\\\/arxxitektura.rs\\\/#\\\/schema\\\/person\\\/4d705f725a59e45c7211c1b818ba95c1\",\"name\":\"arxxi_admin\",\"image\":{\"@type\":\"ImageObject\",\"inLanguage\":\"en-US\",\"@id\":\"https:\\\/\\\/arxxitektura.rs\\\/wp-content\\\/uploads\\\/2021\\\/06\\\/portret-za-avatar.jpg\",\"url\":\"https:\\\/\\\/arxxitektura.rs\\\/wp-content\\\/uploads\\\/2021\\\/06\\\/portret-za-avatar.jpg\",\"contentUrl\":\"https:\\\/\\\/arxxitektura.rs\\\/wp-content\\\/uploads\\\/2021\\\/06\\\/portret-za-avatar.jpg\",\"width\":281,\"height\":500,\"caption\":\"arxxi_admin\"},\"logo\":{\"@id\":\"https:\\\/\\\/arxxitektura.rs\\\/wp-content\\\/uploads\\\/2021\\\/06\\\/portret-za-avatar.jpg\"},\"description\":\"Arhitekta po obrazovanju . Istra\u017eujem teoretske osnove izgradnje savremenih objekata u istorijskom gradskom jezgru . Za\u0161tita istorijskog nasle\u0111a kroz revitalizaciju - novi \u017eivot za stare objekte .\",\"sameAs\":[\"https:\\\/\\\/arxxitektura.rs\",\"https:\\\/\\\/www.instagram.com\\\/arxxitekt\\\/\",\"https:\\\/\\\/www.pinterest.com\\\/artofcontrasting\\\/\",\"https:\\\/\\\/www.youtube.com\\\/channel\\\/UCAQHSoecXQ2ppMNFcrAO-4w\"]}]}<\/script>\n<!-- \/ Yoast SEO plugin. -->","yoast_head_json":{"title":"Ali Cherri u igri sa antikvitetima &#8902; ARXXITEKTURA","description":"Vi\u0161e od dekade Ali Cherri kupuje antikvitete i sli\u010dne artefakte na aukcijama francuske aukcijske ku\u0107e Drout.","robots":{"index":"index","follow":"follow","max-snippet":"max-snippet:-1","max-image-preview":"max-image-preview:large","max-video-preview":"max-video-preview:-1"},"canonical":"https:\/\/arxxitektura.rs\/en\/ali-cherri-u-igri-sa-antikvitetima\/","og_locale":"en_US","og_type":"article","og_title":"Ali Cherri u igri sa antikvitetima &#8902; ARXXITEKTURA","og_description":"Vi\u0161e od dekade Ali Cherri kupuje antikvitete i sli\u010dne artefakte na aukcijama francuske aukcijske ku\u0107e Drout.","og_url":"https:\/\/arxxitektura.rs\/en\/ali-cherri-u-igri-sa-antikvitetima\/","og_site_name":"ARXXITEKTURA","article_published_time":"2025-11-14T06:07:35+00:00","article_modified_time":"2026-02-26T08:24:25+00:00","og_image":[{"width":1165,"height":1165,"url":"https:\/\/arxxitektura.rs\/wp-content\/uploads\/2025\/11\/rsz_ali_cherri_burza_.jpg","type":"image\/jpeg"}],"author":"arxxi_admin","twitter_card":"summary_large_image","twitter_misc":{"Written by":"arxxi_admin","Est. reading time":"2 minutes"},"schema":{"@context":"https:\/\/schema.org","@graph":[{"@type":"Article","@id":"https:\/\/arxxitektura.rs\/ali-cherri-u-igri-sa-antikvitetima\/#article","isPartOf":{"@id":"https:\/\/arxxitektura.rs\/ali-cherri-u-igri-sa-antikvitetima\/"},"author":{"name":"arxxi_admin","@id":"https:\/\/arxxitektura.rs\/#\/schema\/person\/4d705f725a59e45c7211c1b818ba95c1"},"headline":"Ali Cherri u igri sa antikvitetima","datePublished":"2025-11-14T06:07:35+00:00","dateModified":"2026-02-26T08:24:25+00:00","mainEntityOfPage":{"@id":"https:\/\/arxxitektura.rs\/ali-cherri-u-igri-sa-antikvitetima\/"},"wordCount":850,"publisher":{"@id":"https:\/\/arxxitektura.rs\/#\/schema\/person\/4d705f725a59e45c7211c1b818ba95c1"},"image":{"@id":"https:\/\/arxxitektura.rs\/ali-cherri-u-igri-sa-antikvitetima\/#primaryimage"},"thumbnailUrl":"https:\/\/arxxitektura.rs\/wp-content\/uploads\/2025\/11\/rsz_ali_cherri_burza_.jpg","keywords":["Pariz"],"articleSection":["Kontrast u umetnosti"],"inLanguage":"en-US"},{"@type":"WebPage","@id":"https:\/\/arxxitektura.rs\/ali-cherri-u-igri-sa-antikvitetima\/","url":"https:\/\/arxxitektura.rs\/ali-cherri-u-igri-sa-antikvitetima\/","name":"Ali Cherri u igri sa antikvitetima &#8902; ARXXITEKTURA","isPartOf":{"@id":"https:\/\/arxxitektura.rs\/#website"},"primaryImageOfPage":{"@id":"https:\/\/arxxitektura.rs\/ali-cherri-u-igri-sa-antikvitetima\/#primaryimage"},"image":{"@id":"https:\/\/arxxitektura.rs\/ali-cherri-u-igri-sa-antikvitetima\/#primaryimage"},"thumbnailUrl":"https:\/\/arxxitektura.rs\/wp-content\/uploads\/2025\/11\/rsz_ali_cherri_burza_.jpg","datePublished":"2025-11-14T06:07:35+00:00","dateModified":"2026-02-26T08:24:25+00:00","description":"Vi\u0161e od dekade Ali Cherri kupuje antikvitete i sli\u010dne artefakte na aukcijama francuske aukcijske ku\u0107e Drout.","breadcrumb":{"@id":"https:\/\/arxxitektura.rs\/ali-cherri-u-igri-sa-antikvitetima\/#breadcrumb"},"inLanguage":"en-US","potentialAction":[{"@type":"ReadAction","target":["https:\/\/arxxitektura.rs\/ali-cherri-u-igri-sa-antikvitetima\/"]}]},{"@type":"ImageObject","inLanguage":"en-US","@id":"https:\/\/arxxitektura.rs\/ali-cherri-u-igri-sa-antikvitetima\/#primaryimage","url":"https:\/\/arxxitektura.rs\/wp-content\/uploads\/2025\/11\/rsz_ali_cherri_burza_.jpg","contentUrl":"https:\/\/arxxitektura.rs\/wp-content\/uploads\/2025\/11\/rsz_ali_cherri_burza_.jpg","width":1165,"height":1165,"caption":"ali cherri body and soul"},{"@type":"BreadcrumbList","@id":"https:\/\/arxxitektura.rs\/ali-cherri-u-igri-sa-antikvitetima\/#breadcrumb","itemListElement":[{"@type":"ListItem","position":1,"name":"Home","item":"https:\/\/arxxitektura.rs\/"},{"@type":"ListItem","position":2,"name":"Ali Cherri u igri sa antikvitetima"}]},{"@type":"WebSite","@id":"https:\/\/arxxitektura.rs\/#website","url":"https:\/\/arxxitektura.rs\/","name":"ARXXITEKTURA","description":"Blog  Umetnost Kontrasta","publisher":{"@id":"https:\/\/arxxitektura.rs\/#\/schema\/person\/4d705f725a59e45c7211c1b818ba95c1"},"potentialAction":[{"@type":"SearchAction","target":{"@type":"EntryPoint","urlTemplate":"https:\/\/arxxitektura.rs\/?s={search_term_string}"},"query-input":{"@type":"PropertyValueSpecification","valueRequired":true,"valueName":"search_term_string"}}],"inLanguage":"en-US"},{"@type":["Person","Organization"],"@id":"https:\/\/arxxitektura.rs\/#\/schema\/person\/4d705f725a59e45c7211c1b818ba95c1","name":"arxxi_admin","image":{"@type":"ImageObject","inLanguage":"en-US","@id":"https:\/\/arxxitektura.rs\/wp-content\/uploads\/2021\/06\/portret-za-avatar.jpg","url":"https:\/\/arxxitektura.rs\/wp-content\/uploads\/2021\/06\/portret-za-avatar.jpg","contentUrl":"https:\/\/arxxitektura.rs\/wp-content\/uploads\/2021\/06\/portret-za-avatar.jpg","width":281,"height":500,"caption":"arxxi_admin"},"logo":{"@id":"https:\/\/arxxitektura.rs\/wp-content\/uploads\/2021\/06\/portret-za-avatar.jpg"},"description":"Architect by education. I am researching the theoretical foundations of the construction of modern buildings in the historic city core. Protection of historical heritage through revitalization - new life for old buildings.","sameAs":["https:\/\/arxxitektura.rs","https:\/\/www.instagram.com\/arxxitekt\/","https:\/\/www.pinterest.com\/artofcontrasting\/","https:\/\/www.youtube.com\/channel\/UCAQHSoecXQ2ppMNFcrAO-4w"]}]}},"jetpack_sharing_enabled":true,"jetpack_featured_media_url":"https:\/\/arxxitektura.rs\/wp-content\/uploads\/2025\/11\/rsz_ali_cherri_burza_.jpg","_links":{"self":[{"href":"https:\/\/arxxitektura.rs\/en\/wp-json\/wp\/v2\/posts\/17080","targetHints":{"allow":["GET"]}}],"collection":[{"href":"https:\/\/arxxitektura.rs\/en\/wp-json\/wp\/v2\/posts"}],"about":[{"href":"https:\/\/arxxitektura.rs\/en\/wp-json\/wp\/v2\/types\/post"}],"author":[{"embeddable":true,"href":"https:\/\/arxxitektura.rs\/en\/wp-json\/wp\/v2\/users\/1"}],"replies":[{"embeddable":true,"href":"https:\/\/arxxitektura.rs\/en\/wp-json\/wp\/v2\/comments?post=17080"}],"version-history":[{"count":58,"href":"https:\/\/arxxitektura.rs\/en\/wp-json\/wp\/v2\/posts\/17080\/revisions"}],"predecessor-version":[{"id":17147,"href":"https:\/\/arxxitektura.rs\/en\/wp-json\/wp\/v2\/posts\/17080\/revisions\/17147"}],"wp:featuredmedia":[{"embeddable":true,"href":"https:\/\/arxxitektura.rs\/en\/wp-json\/wp\/v2\/media\/17138"}],"wp:attachment":[{"href":"https:\/\/arxxitektura.rs\/en\/wp-json\/wp\/v2\/media?parent=17080"}],"wp:term":[{"taxonomy":"category","embeddable":true,"href":"https:\/\/arxxitektura.rs\/en\/wp-json\/wp\/v2\/categories?post=17080"},{"taxonomy":"post_tag","embeddable":true,"href":"https:\/\/arxxitektura.rs\/en\/wp-json\/wp\/v2\/tags?post=17080"}],"curies":[{"name":"wp","href":"https:\/\/api.w.org\/{rel}","templated":true}]}}