{"id":17585,"date":"2026-02-15T18:05:24","date_gmt":"2026-02-15T17:05:24","guid":{"rendered":"https:\/\/arxxitektura.rs\/?p=17585"},"modified":"2026-02-26T09:32:57","modified_gmt":"2026-02-26T08:32:57","slug":"grad-keln-spaja-savremenu-arhitekturu-sa-nasledjem","status":"publish","type":"post","link":"https:\/\/arxxitektura.rs\/en\/grad-keln-spaja-savremenu-arhitekturu-sa-nasledjem\/","title":{"rendered":"The city of Cologne combines contemporary architecture with heritage"},"content":{"rendered":"<div data-elementor-type=\"wp-post\" data-elementor-id=\"17585\" class=\"elementor elementor-17585\">\n\t\t\t\t\t\t<section class=\"elementor-section elementor-top-section elementor-element elementor-element-528df3a elementor-section-stretched elementor-section-boxed elementor-section-height-default elementor-section-height-default qodef-elementor-content-no\" data-id=\"528df3a\" data-element_type=\"section\" data-e-type=\"section\" data-settings=\"{&quot;stretch_section&quot;:&quot;section-stretched&quot;}\">\n\t\t\t\t\t\t<div class=\"elementor-container elementor-column-gap-default\">\n\t\t\t\t\t<div class=\"elementor-column elementor-col-100 elementor-top-column elementor-element elementor-element-0ebc280\" data-id=\"0ebc280\" data-element_type=\"column\" data-e-type=\"column\">\n\t\t\t<div class=\"elementor-widget-wrap elementor-element-populated\">\n\t\t\t\t\t\t<div class=\"elementor-element elementor-element-23f68af elementor-widget elementor-widget-elipsa_core_dropcaps\" data-id=\"23f68af\" data-element_type=\"widget\" data-e-type=\"widget\" data-widget_type=\"elipsa_core_dropcaps.default\">\n\t\t\t\t<div class=\"elementor-widget-container\">\n\t\t\t\t\t<div class=\"qodef-shortcode qodef-m qodef-dropcaps qodef-type--simple\">\n\t<span class=\"qodef-m-letter\" >T<\/span>\n\t\t\t<p class=\"qodef-m-text\" >ologne, Germany\nHow did contemporary architecture highlight the visual character of heritage, but also show that it has something to offer in a city of architectural contrast?\n<\/p>\n\t<\/div>\t\t\t\t<\/div>\n\t\t\t\t<\/div>\n\t\t\t\t\t<\/div>\n\t\t<\/div>\n\t\t\t\t\t<\/div>\n\t\t<\/section>\n\t\t\t\t<section class=\"elementor-section elementor-top-section elementor-element elementor-element-ae9a8e5 elementor-section-stretched elementor-section-boxed elementor-section-height-default elementor-section-height-default qodef-elementor-content-no\" data-id=\"ae9a8e5\" data-element_type=\"section\" data-e-type=\"section\" data-settings=\"{&quot;stretch_section&quot;:&quot;section-stretched&quot;}\">\n\t\t\t\t\t\t<div class=\"elementor-container elementor-column-gap-default\">\n\t\t\t\t\t<div class=\"elementor-column elementor-col-100 elementor-top-column elementor-element elementor-element-0487c60\" data-id=\"0487c60\" data-element_type=\"column\" data-e-type=\"column\">\n\t\t\t<div class=\"elementor-widget-wrap elementor-element-populated\">\n\t\t\t\t\t\t<div class=\"elementor-element elementor-element-2f34962 elementor-widget elementor-widget-text-editor\" data-id=\"2f34962\" data-element_type=\"widget\" data-e-type=\"widget\" data-widget_type=\"text-editor.default\">\n\t\t\t\t<div class=\"elementor-widget-container\">\n\t\t\t\t\t\t\t\t\t<p>The Cologne Cathedral is the main motif of this city. Right next to it is the Ludwig Museum of Contemporary Art. These two buildings announce what awaits you in this city in terms of the dialog between old and new. Uncompromising contrasts between the concrete aesthetics of industrial halls and the ornate Gothic cathedral that is approached from the railway station with a specific aesthetic.<\/p><p>The city of Cologne combines contemporary architecture with heritage.<\/p>\t\t\t\t\t\t\t\t<\/div>\n\t\t\t\t<\/div>\n\t\t\t\t\t<\/div>\n\t\t<\/div>\n\t\t\t\t\t<\/div>\n\t\t<\/section>\n\t\t\t\t<section class=\"elementor-section elementor-top-section elementor-element elementor-element-8142c08 elementor-section-stretched elementor-section-boxed elementor-section-height-default elementor-section-height-default qodef-elementor-content-no\" data-id=\"8142c08\" data-element_type=\"section\" data-e-type=\"section\" data-settings=\"{&quot;stretch_section&quot;:&quot;section-stretched&quot;}\">\n\t\t\t\t\t\t<div class=\"elementor-container elementor-column-gap-default\">\n\t\t\t\t\t<div class=\"elementor-column elementor-col-100 elementor-top-column elementor-element elementor-element-9624503\" data-id=\"9624503\" data-element_type=\"column\" data-e-type=\"column\">\n\t\t\t<div class=\"elementor-widget-wrap elementor-element-populated\">\n\t\t\t\t\t\t<div class=\"elementor-element elementor-element-952b11e elementor-widget elementor-widget-video\" data-id=\"952b11e\" data-element_type=\"widget\" data-e-type=\"widget\" data-settings=\"{&quot;youtube_url&quot;:&quot;https:\\\/\\\/youtu.be\\\/0r0nrdcH6vY&quot;,&quot;video_type&quot;:&quot;youtube&quot;,&quot;controls&quot;:&quot;yes&quot;}\" data-widget_type=\"video.default\">\n\t\t\t\t<div class=\"elementor-widget-container\">\n\t\t\t\t\t\t\t<div class=\"elementor-wrapper elementor-open-inline\">\n\t\t\t<div class=\"elementor-video\"><\/div>\t\t<\/div>\n\t\t\t\t\t\t<\/div>\n\t\t\t\t<\/div>\n\t\t\t\t\t<\/div>\n\t\t<\/div>\n\t\t\t\t\t<\/div>\n\t\t<\/section>\n\t\t\t\t<section class=\"elementor-section elementor-top-section elementor-element elementor-element-b271302 elementor-section-stretched elementor-section-boxed elementor-section-height-default elementor-section-height-default qodef-elementor-content-no\" data-id=\"b271302\" data-element_type=\"section\" data-e-type=\"section\" data-settings=\"{&quot;stretch_section&quot;:&quot;section-stretched&quot;}\">\n\t\t\t\t\t\t<div class=\"elementor-container elementor-column-gap-default\">\n\t\t\t\t\t<div class=\"elementor-column elementor-col-100 elementor-top-column elementor-element elementor-element-0d7cc72\" data-id=\"0d7cc72\" data-element_type=\"column\" data-e-type=\"column\">\n\t\t\t<div class=\"elementor-widget-wrap elementor-element-populated\">\n\t\t\t\t\t\t<div class=\"elementor-element elementor-element-a8e5c95 elementor-widget elementor-widget-heading\" data-id=\"a8e5c95\" data-element_type=\"widget\" data-e-type=\"widget\" data-widget_type=\"heading.default\">\n\t\t\t\t<div class=\"elementor-widget-container\">\n\t\t\t\t\t<h2 class=\"elementor-heading-title elementor-size-default\">Architectural landmarks of Cologne<\/h2>\t\t\t\t<\/div>\n\t\t\t\t<\/div>\n\t\t\t\t<div class=\"elementor-element elementor-element-3dd06b2 elementor-widget elementor-widget-heading\" data-id=\"3dd06b2\" data-element_type=\"widget\" data-e-type=\"widget\" data-widget_type=\"heading.default\">\n\t\t\t\t<div class=\"elementor-widget-container\">\n\t\t\t\t\t<h4 class=\"elementor-heading-title elementor-size-default\">Remains of Gothic cathedrals<\/h4>\t\t\t\t<\/div>\n\t\t\t\t<\/div>\n\t\t\t\t<div class=\"elementor-element elementor-element-c63538f elementor-widget elementor-widget-text-editor\" data-id=\"c63538f\" data-element_type=\"widget\" data-e-type=\"widget\" data-widget_type=\"text-editor.default\">\n\t\t\t\t<div class=\"elementor-widget-container\">\n\t\t\t\t\t\t\t\t\t<p>In a video that you can watch on YouTube, you can see a contemporary fusion of styles through a walk through the main architectural attractions of Cologne. These architectural interventions are signed by both the world's most famous architects and those completely unknown to the general public.<\/p><p>The Kolomba Museum is the work of the famous contemporary architect Pether Zumthor. The Gothic remains of the cathedral have been incorporated into a completely new building, and the inner promenade looks like an archaeological site with raised pedestrian walkways.<\/p><p>The next building, the Wallraf-Richartz Museum, partly preserved the ruins of the cathedral, and partly replaced them with minimalist annexes with contemporary stained-glass windows embedded in terrazzo. Another example of the treatment of Gothic ruins. Here, the original is preserved as an open space, in contrast to the closed, gallery approach of the Kolomba Museum.<\/p>\t\t\t\t\t\t\t\t<\/div>\n\t\t\t\t<\/div>\n\t\t\t\t<div class=\"elementor-element elementor-element-40d569f elementor-widget elementor-widget-heading\" data-id=\"40d569f\" data-element_type=\"widget\" data-e-type=\"widget\" data-widget_type=\"heading.default\">\n\t\t\t\t<div class=\"elementor-widget-container\">\n\t\t\t\t\t<h4 class=\"elementor-heading-title elementor-size-default\">Lindt Chocolate Museum<\/h4>\t\t\t\t<\/div>\n\t\t\t\t<\/div>\n\t\t\t\t<div class=\"elementor-element elementor-element-3f91b26 elementor-widget elementor-widget-text-editor\" data-id=\"3f91b26\" data-element_type=\"widget\" data-e-type=\"widget\" data-widget_type=\"text-editor.default\">\n\t\t\t\t<div class=\"elementor-widget-container\">\n\t\t\t\t\t\t\t\t\t<p>The Lindt Chocolate Museum on the banks of the Rhine is the most vivid example of the contrast between two incompatible architectures.<\/p><p>A small fortress on the riverbank was formed by a modern building covered with aluminium. The forms that have been applied belong to a truly recognizable style of the 20th century. Opposite them, the typical architecture of the past, form a living dialogue.\u00a0<\/p>\t\t\t\t\t\t\t\t<\/div>\n\t\t\t\t<\/div>\n\t\t\t\t<div class=\"elementor-element elementor-element-db3d671 elementor-widget elementor-widget-heading\" data-id=\"db3d671\" data-element_type=\"widget\" data-e-type=\"widget\" data-widget_type=\"heading.default\">\n\t\t\t\t<div class=\"elementor-widget-container\">\n\t\t\t\t\t<h4 class=\"elementor-heading-title elementor-size-default\">Renzo Piano leaves his mark<\/h4>\t\t\t\t<\/div>\n\t\t\t\t<\/div>\n\t\t\t\t<div class=\"elementor-element elementor-element-d096c4d elementor-widget elementor-widget-text-editor\" data-id=\"d096c4d\" data-element_type=\"widget\" data-e-type=\"widget\" data-widget_type=\"text-editor.default\">\n\t\t\t\t<div class=\"elementor-widget-container\">\n\t\t\t\t\t\t\t\t\t<p>Renzo Piano, one of the greatest architects today, left his mark opposite the diminutive Antoniterkirche, Evangelistic Church. It has also been partially restored using modern methods. All non-original parts are processed with simple construction methods, without false remains. The original remains must remain clearly visible and recognizable.<\/p><p>Across the street, as a contrast, there is a glass building by Renco Piano. Its balloon-shaped, light building houses a luxury goods store, under which there is a traffic hub. The curvilinear object gives a sense of modernity. It celebrates new constructive systems and materials with which such shapes can be made. The heavy grounded objects of the past are contrasted with the floating and transparent.<\/p><p>Religion is also modern - shopping.\u00a0<\/p>\t\t\t\t\t\t\t\t<\/div>\n\t\t\t\t<\/div>\n\t\t\t\t<div class=\"elementor-element elementor-element-d974911 elementor-widget elementor-widget-heading\" data-id=\"d974911\" data-element_type=\"widget\" data-e-type=\"widget\" data-widget_type=\"heading.default\">\n\t\t\t\t<div class=\"elementor-widget-container\">\n\t\t\t\t\t<h4 class=\"elementor-heading-title elementor-size-default\">Reverse process<\/h4>\t\t\t\t<\/div>\n\t\t\t\t<\/div>\n\t\t\t\t<section class=\"elementor-section elementor-inner-section elementor-element elementor-element-c0c332e elementor-section-boxed elementor-section-height-default elementor-section-height-default qodef-elementor-content-no\" data-id=\"c0c332e\" data-element_type=\"section\" data-e-type=\"section\">\n\t\t\t\t\t\t<div class=\"elementor-container elementor-column-gap-default\">\n\t\t\t\t\t<div class=\"elementor-column elementor-col-50 elementor-inner-column elementor-element elementor-element-9d7793b\" data-id=\"9d7793b\" data-element_type=\"column\" data-e-type=\"column\">\n\t\t\t<div class=\"elementor-widget-wrap elementor-element-populated\">\n\t\t\t\t\t\t<div class=\"elementor-element elementor-element-4da6129 elementor-widget elementor-widget-image\" data-id=\"4da6129\" data-element_type=\"widget\" data-e-type=\"widget\" data-widget_type=\"image.default\">\n\t\t\t\t<div class=\"elementor-widget-container\">\n\t\t\t\t\t\t\t\t\t\t\t\t<figure class=\"wp-caption\">\n\t\t\t\t\t\t\t\t\t\t<img fetchpriority=\"high\" decoding=\"async\" width=\"1024\" height=\"768\" src=\"https:\/\/arxxitektura.rs\/wp-content\/uploads\/2026\/02\/rsz_2krovovi_na_modernim_zgradama.jpg\" class=\"attachment-large size-large wp-image-17650\" alt=\"Keln, klasi\u010dni krovovi na modernim objektima\" srcset=\"https:\/\/arxxitektura.rs\/wp-content\/uploads\/2026\/02\/rsz_2krovovi_na_modernim_zgradama.jpg 1024w, https:\/\/arxxitektura.rs\/wp-content\/uploads\/2026\/02\/rsz_2krovovi_na_modernim_zgradama-300x225.jpg 300w, https:\/\/arxxitektura.rs\/wp-content\/uploads\/2026\/02\/rsz_2krovovi_na_modernim_zgradama-768x576.jpg 768w, https:\/\/arxxitektura.rs\/wp-content\/uploads\/2026\/02\/rsz_2krovovi_na_modernim_zgradama-16x12.jpg 16w\" sizes=\"(max-width: 1024px) 100vw, 1024px\" \/>\t\t\t\t\t\t\t\t\t\t\t<figcaption class=\"widget-image-caption wp-caption-text\">Cologne, classic roofs on modern buildings<\/figcaption>\n\t\t\t\t\t\t\t\t\t\t<\/figure>\n\t\t\t\t\t\t\t\t\t<\/div>\n\t\t\t\t<\/div>\n\t\t\t\t\t<\/div>\n\t\t<\/div>\n\t\t\t\t<div class=\"elementor-column elementor-col-50 elementor-inner-column elementor-element elementor-element-27132e3\" data-id=\"27132e3\" data-element_type=\"column\" data-e-type=\"column\">\n\t\t\t<div class=\"elementor-widget-wrap elementor-element-populated\">\n\t\t\t\t\t\t<div class=\"elementor-element elementor-element-d10073e elementor-widget elementor-widget-image\" data-id=\"d10073e\" data-element_type=\"widget\" data-e-type=\"widget\" data-widget_type=\"image.default\">\n\t\t\t\t<div class=\"elementor-widget-container\">\n\t\t\t\t\t\t\t\t\t\t\t\t<figure class=\"wp-caption\">\n\t\t\t\t\t\t\t\t\t\t<img decoding=\"async\" width=\"1024\" height=\"768\" src=\"https:\/\/arxxitektura.rs\/wp-content\/uploads\/2026\/02\/rsz_krovovi_na_modernim_zgradama_3.jpg\" class=\"attachment-large size-large wp-image-17649\" alt=\"Keln klasi\u010dni krovovi na modernim objektima\" srcset=\"https:\/\/arxxitektura.rs\/wp-content\/uploads\/2026\/02\/rsz_krovovi_na_modernim_zgradama_3.jpg 1024w, https:\/\/arxxitektura.rs\/wp-content\/uploads\/2026\/02\/rsz_krovovi_na_modernim_zgradama_3-300x225.jpg 300w, https:\/\/arxxitektura.rs\/wp-content\/uploads\/2026\/02\/rsz_krovovi_na_modernim_zgradama_3-768x576.jpg 768w, https:\/\/arxxitektura.rs\/wp-content\/uploads\/2026\/02\/rsz_krovovi_na_modernim_zgradama_3-16x12.jpg 16w\" sizes=\"(max-width: 1024px) 100vw, 1024px\" \/>\t\t\t\t\t\t\t\t\t\t\t<figcaption class=\"widget-image-caption wp-caption-text\">Cologne classic roofs on modern buildings<\/figcaption>\n\t\t\t\t\t\t\t\t\t\t<\/figure>\n\t\t\t\t\t\t\t\t\t<\/div>\n\t\t\t\t<\/div>\n\t\t\t\t\t<\/div>\n\t\t<\/div>\n\t\t\t\t\t<\/div>\n\t\t<\/section>\n\t\t\t\t<div class=\"elementor-element elementor-element-59df154 elementor-widget elementor-widget-text-editor\" data-id=\"59df154\" data-element_type=\"widget\" data-e-type=\"widget\" data-widget_type=\"text-editor.default\">\n\t\t\t\t<div class=\"elementor-widget-container\">\n\t\t\t\t\t\t\t\t\t<p>A very specific architectural intervention took place on modern, contemporary buildings. Traditional roofs are placed freely on modern buildings, where they have no place in terms of style. This reverse procedure aims to obtain the traditional contours of ancient squares. It is extremely rare to see it on new buildings - instead of old ones.<\/p>\t\t\t\t\t\t\t\t<\/div>\n\t\t\t\t<\/div>\n\t\t\t\t\t<\/div>\n\t\t<\/div>\n\t\t\t\t\t<\/div>\n\t\t<\/section>\n\t\t\t\t<section class=\"elementor-section elementor-top-section elementor-element elementor-element-06952ad elementor-section-stretched elementor-section-boxed elementor-section-height-default elementor-section-height-default qodef-elementor-content-no\" data-id=\"06952ad\" data-element_type=\"section\" data-e-type=\"section\" data-settings=\"{&quot;stretch_section&quot;:&quot;section-stretched&quot;}\">\n\t\t\t\t\t\t<div class=\"elementor-container elementor-column-gap-default\">\n\t\t\t\t\t<div class=\"elementor-column elementor-col-100 elementor-top-column elementor-element elementor-element-97ea973\" data-id=\"97ea973\" data-element_type=\"column\" data-e-type=\"column\">\n\t\t\t<div class=\"elementor-widget-wrap elementor-element-populated\">\n\t\t\t\t\t\t<div class=\"elementor-element elementor-element-b24c4cb elementor-widget elementor-widget-heading\" data-id=\"b24c4cb\" data-element_type=\"widget\" data-e-type=\"widget\" data-widget_type=\"heading.default\">\n\t\t\t\t<div class=\"elementor-widget-container\">\n\t\t\t\t\t<h4 class=\"elementor-heading-title elementor-size-default\">The Crane buildings are a recognizable architectural marker of Cologne<\/h4>\t\t\t\t<\/div>\n\t\t\t\t<\/div>\n\t\t\t\t<div class=\"elementor-element elementor-element-7c59d1e elementor-widget elementor-widget-text-editor\" data-id=\"7c59d1e\" data-element_type=\"widget\" data-e-type=\"widget\" data-widget_type=\"text-editor.default\">\n\t\t\t\t<div class=\"elementor-widget-container\">\n\t\t\t\t\t\t\t\t\t<p>And finally, the Cran buildings, which have become an equal city marker along with the cathedral. All this can be seen in the video posted on You Tube. The complex included various examples of revitalization, upgrades and extreme contrasts. He truly represents the Cologne of the 21st century.<\/p>\t\t\t\t\t\t\t\t<\/div>\n\t\t\t\t<\/div>\n\t\t\t\t\t<\/div>\n\t\t<\/div>\n\t\t\t\t\t<\/div>\n\t\t<\/section>\n\t\t\t\t<\/div>","protected":false},"excerpt":{"rendered":"<p>Muzej Lindt \u010dokolade na obali reke Rajne je naj\u017eivopisniji primer kontrasta dve nespojive arhitekture.<\/p>","protected":false},"author":1,"featured_media":17648,"comment_status":"closed","ping_status":"open","sticky":false,"template":"","format":"standard","meta":{"_jetpack_newsletter_access":"","_jetpack_dont_email_post_to_subs":false,"_jetpack_newsletter_tier_id":0,"_jetpack_memberships_contains_paywalled_content":false,"_jetpack_memberships_contains_paid_content":false,"footnotes":""},"categories":[18],"tags":[107],"class_list":["post-17585","post","type-post","status-publish","format-standard","has-post-thumbnail","hentry","category-kontrast-u-arhitekturi","tag-nemacka"],"yoast_head":"<!-- This site is optimized with the Yoast SEO plugin v28.4 - https:\/\/yoast.com\/product\/yoast-seo-wordpress\/ -->\n<title>Grad Keln spaja savremenu arhitekturu sa nasledjem &#8902; ARXXITEKTURA<\/title>\n<meta name=\"description\" content=\"\u0160etnja kroz Keln prikazuje novi pristup revitalizaciji nasledja, dodavanjem modernih sastojaka. Potpisuju ga najpoznatiji arhitekti danas.\" \/>\n<meta name=\"robots\" content=\"index, follow, max-snippet:-1, max-image-preview:large, max-video-preview:-1\" \/>\n<link rel=\"canonical\" href=\"https:\/\/arxxitektura.rs\/en\/grad-keln-spaja-savremenu-arhitekturu-sa-nasledjem\/\" \/>\n<meta property=\"og:locale\" content=\"en_US\" \/>\n<meta property=\"og:type\" content=\"article\" \/>\n<meta property=\"og:title\" content=\"Grad Keln spaja savremenu arhitekturu sa nasledjem &#8902; ARXXITEKTURA\" \/>\n<meta property=\"og:description\" content=\"\u0160etnja kroz Keln prikazuje novi pristup revitalizaciji nasledja, dodavanjem modernih sastojaka. Potpisuju ga najpoznatiji arhitekti danas.\" \/>\n<meta property=\"og:url\" content=\"https:\/\/arxxitektura.rs\/en\/grad-keln-spaja-savremenu-arhitekturu-sa-nasledjem\/\" \/>\n<meta property=\"og:site_name\" content=\"ARXXITEKTURA\" \/>\n<meta property=\"article:published_time\" content=\"2026-02-15T17:05:24+00:00\" \/>\n<meta property=\"article:modified_time\" content=\"2026-02-26T08:32:57+00:00\" \/>\n<meta property=\"og:image\" content=\"https:\/\/arxxitektura.rs\/wp-content\/uploads\/2026\/02\/Keln-Katedrala-i-muzej.jpg\" \/>\n\t<meta property=\"og:image:width\" content=\"1280\" \/>\n\t<meta property=\"og:image:height\" content=\"960\" \/>\n\t<meta property=\"og:image:type\" content=\"image\/jpeg\" \/>\n<meta name=\"author\" content=\"arxxi_admin\" \/>\n<meta name=\"twitter:card\" content=\"summary_large_image\" \/>\n<meta name=\"twitter:label1\" content=\"Written by\" \/>\n\t<meta name=\"twitter:data1\" content=\"arxxi_admin\" \/>\n\t<meta name=\"twitter:label2\" content=\"Est. reading time\" \/>\n\t<meta name=\"twitter:data2\" content=\"1 minute\" \/>\n<script type=\"application\/ld+json\" class=\"yoast-schema-graph\">{\"@context\":\"https:\\\/\\\/schema.org\",\"@graph\":[{\"@type\":\"Article\",\"@id\":\"https:\\\/\\\/arxxitektura.rs\\\/grad-keln-spaja-savremenu-arhitekturu-sa-nasledjem\\\/#article\",\"isPartOf\":{\"@id\":\"https:\\\/\\\/arxxitektura.rs\\\/grad-keln-spaja-savremenu-arhitekturu-sa-nasledjem\\\/\"},\"author\":{\"name\":\"arxxi_admin\",\"@id\":\"https:\\\/\\\/arxxitektura.rs\\\/#\\\/schema\\\/person\\\/4d705f725a59e45c7211c1b818ba95c1\"},\"headline\":\"Grad Keln spaja savremenu arhitekturu sa nasledjem\",\"datePublished\":\"2026-02-15T17:05:24+00:00\",\"dateModified\":\"2026-02-26T08:32:57+00:00\",\"mainEntityOfPage\":{\"@id\":\"https:\\\/\\\/arxxitektura.rs\\\/grad-keln-spaja-savremenu-arhitekturu-sa-nasledjem\\\/\"},\"wordCount\":509,\"publisher\":{\"@id\":\"https:\\\/\\\/arxxitektura.rs\\\/#\\\/schema\\\/person\\\/4d705f725a59e45c7211c1b818ba95c1\"},\"image\":{\"@id\":\"https:\\\/\\\/arxxitektura.rs\\\/grad-keln-spaja-savremenu-arhitekturu-sa-nasledjem\\\/#primaryimage\"},\"thumbnailUrl\":\"https:\\\/\\\/arxxitektura.rs\\\/wp-content\\\/uploads\\\/2026\\\/02\\\/Keln-Katedrala-i-muzej.jpg\",\"keywords\":[\"Nema\u010dka\"],\"articleSection\":[\"Kontrast u arhitekturi\"],\"inLanguage\":\"en-US\"},{\"@type\":\"WebPage\",\"@id\":\"https:\\\/\\\/arxxitektura.rs\\\/grad-keln-spaja-savremenu-arhitekturu-sa-nasledjem\\\/\",\"url\":\"https:\\\/\\\/arxxitektura.rs\\\/grad-keln-spaja-savremenu-arhitekturu-sa-nasledjem\\\/\",\"name\":\"Grad Keln spaja savremenu arhitekturu sa nasledjem &#8902; ARXXITEKTURA\",\"isPartOf\":{\"@id\":\"https:\\\/\\\/arxxitektura.rs\\\/#website\"},\"primaryImageOfPage\":{\"@id\":\"https:\\\/\\\/arxxitektura.rs\\\/grad-keln-spaja-savremenu-arhitekturu-sa-nasledjem\\\/#primaryimage\"},\"image\":{\"@id\":\"https:\\\/\\\/arxxitektura.rs\\\/grad-keln-spaja-savremenu-arhitekturu-sa-nasledjem\\\/#primaryimage\"},\"thumbnailUrl\":\"https:\\\/\\\/arxxitektura.rs\\\/wp-content\\\/uploads\\\/2026\\\/02\\\/Keln-Katedrala-i-muzej.jpg\",\"datePublished\":\"2026-02-15T17:05:24+00:00\",\"dateModified\":\"2026-02-26T08:32:57+00:00\",\"description\":\"\u0160etnja kroz Keln prikazuje novi pristup revitalizaciji nasledja, dodavanjem modernih sastojaka. Potpisuju ga najpoznatiji arhitekti danas.\",\"breadcrumb\":{\"@id\":\"https:\\\/\\\/arxxitektura.rs\\\/grad-keln-spaja-savremenu-arhitekturu-sa-nasledjem\\\/#breadcrumb\"},\"inLanguage\":\"en-US\",\"potentialAction\":[{\"@type\":\"ReadAction\",\"target\":[\"https:\\\/\\\/arxxitektura.rs\\\/grad-keln-spaja-savremenu-arhitekturu-sa-nasledjem\\\/\"]}]},{\"@type\":\"ImageObject\",\"inLanguage\":\"en-US\",\"@id\":\"https:\\\/\\\/arxxitektura.rs\\\/grad-keln-spaja-savremenu-arhitekturu-sa-nasledjem\\\/#primaryimage\",\"url\":\"https:\\\/\\\/arxxitektura.rs\\\/wp-content\\\/uploads\\\/2026\\\/02\\\/Keln-Katedrala-i-muzej.jpg\",\"contentUrl\":\"https:\\\/\\\/arxxitektura.rs\\\/wp-content\\\/uploads\\\/2026\\\/02\\\/Keln-Katedrala-i-muzej.jpg\",\"width\":1280,\"height\":960,\"caption\":\"Keln Katedrala i Romish-Germanisches Museum\"},{\"@type\":\"BreadcrumbList\",\"@id\":\"https:\\\/\\\/arxxitektura.rs\\\/grad-keln-spaja-savremenu-arhitekturu-sa-nasledjem\\\/#breadcrumb\",\"itemListElement\":[{\"@type\":\"ListItem\",\"position\":1,\"name\":\"Home\",\"item\":\"https:\\\/\\\/arxxitektura.rs\\\/\"},{\"@type\":\"ListItem\",\"position\":2,\"name\":\"Grad Keln spaja savremenu arhitekturu sa nasledjem\"}]},{\"@type\":\"WebSite\",\"@id\":\"https:\\\/\\\/arxxitektura.rs\\\/#website\",\"url\":\"https:\\\/\\\/arxxitektura.rs\\\/\",\"name\":\"ARXXITEKTURA\",\"description\":\"Blog  Umetnost Kontrasta\",\"publisher\":{\"@id\":\"https:\\\/\\\/arxxitektura.rs\\\/#\\\/schema\\\/person\\\/4d705f725a59e45c7211c1b818ba95c1\"},\"potentialAction\":[{\"@type\":\"SearchAction\",\"target\":{\"@type\":\"EntryPoint\",\"urlTemplate\":\"https:\\\/\\\/arxxitektura.rs\\\/?s={search_term_string}\"},\"query-input\":{\"@type\":\"PropertyValueSpecification\",\"valueRequired\":true,\"valueName\":\"search_term_string\"}}],\"inLanguage\":\"en-US\"},{\"@type\":[\"Person\",\"Organization\"],\"@id\":\"https:\\\/\\\/arxxitektura.rs\\\/#\\\/schema\\\/person\\\/4d705f725a59e45c7211c1b818ba95c1\",\"name\":\"arxxi_admin\",\"image\":{\"@type\":\"ImageObject\",\"inLanguage\":\"en-US\",\"@id\":\"https:\\\/\\\/arxxitektura.rs\\\/wp-content\\\/uploads\\\/2021\\\/06\\\/portret-za-avatar.jpg\",\"url\":\"https:\\\/\\\/arxxitektura.rs\\\/wp-content\\\/uploads\\\/2021\\\/06\\\/portret-za-avatar.jpg\",\"contentUrl\":\"https:\\\/\\\/arxxitektura.rs\\\/wp-content\\\/uploads\\\/2021\\\/06\\\/portret-za-avatar.jpg\",\"width\":281,\"height\":500,\"caption\":\"arxxi_admin\"},\"logo\":{\"@id\":\"https:\\\/\\\/arxxitektura.rs\\\/wp-content\\\/uploads\\\/2021\\\/06\\\/portret-za-avatar.jpg\"},\"description\":\"Arhitekta po obrazovanju . Istra\u017eujem teoretske osnove izgradnje savremenih objekata u istorijskom gradskom jezgru . Za\u0161tita istorijskog nasle\u0111a kroz revitalizaciju - novi \u017eivot za stare objekte .\",\"sameAs\":[\"https:\\\/\\\/arxxitektura.rs\",\"https:\\\/\\\/www.instagram.com\\\/arxxitekt\\\/\",\"https:\\\/\\\/www.pinterest.com\\\/artofcontrasting\\\/\",\"https:\\\/\\\/www.youtube.com\\\/channel\\\/UCAQHSoecXQ2ppMNFcrAO-4w\"]}]}<\/script>\n<!-- \/ Yoast SEO plugin. -->","yoast_head_json":{"title":"Grad Keln spaja savremenu arhitekturu sa nasledjem &#8902; ARXXITEKTURA","description":"\u0160etnja kroz Keln prikazuje novi pristup revitalizaciji nasledja, dodavanjem modernih sastojaka. Potpisuju ga najpoznatiji arhitekti danas.","robots":{"index":"index","follow":"follow","max-snippet":"max-snippet:-1","max-image-preview":"max-image-preview:large","max-video-preview":"max-video-preview:-1"},"canonical":"https:\/\/arxxitektura.rs\/en\/grad-keln-spaja-savremenu-arhitekturu-sa-nasledjem\/","og_locale":"en_US","og_type":"article","og_title":"Grad Keln spaja savremenu arhitekturu sa nasledjem &#8902; ARXXITEKTURA","og_description":"\u0160etnja kroz Keln prikazuje novi pristup revitalizaciji nasledja, dodavanjem modernih sastojaka. Potpisuju ga najpoznatiji arhitekti danas.","og_url":"https:\/\/arxxitektura.rs\/en\/grad-keln-spaja-savremenu-arhitekturu-sa-nasledjem\/","og_site_name":"ARXXITEKTURA","article_published_time":"2026-02-15T17:05:24+00:00","article_modified_time":"2026-02-26T08:32:57+00:00","og_image":[{"width":1280,"height":960,"url":"https:\/\/arxxitektura.rs\/wp-content\/uploads\/2026\/02\/Keln-Katedrala-i-muzej.jpg","type":"image\/jpeg"}],"author":"arxxi_admin","twitter_card":"summary_large_image","twitter_misc":{"Written by":"arxxi_admin","Est. reading time":"1 minute"},"schema":{"@context":"https:\/\/schema.org","@graph":[{"@type":"Article","@id":"https:\/\/arxxitektura.rs\/grad-keln-spaja-savremenu-arhitekturu-sa-nasledjem\/#article","isPartOf":{"@id":"https:\/\/arxxitektura.rs\/grad-keln-spaja-savremenu-arhitekturu-sa-nasledjem\/"},"author":{"name":"arxxi_admin","@id":"https:\/\/arxxitektura.rs\/#\/schema\/person\/4d705f725a59e45c7211c1b818ba95c1"},"headline":"Grad Keln spaja savremenu arhitekturu sa nasledjem","datePublished":"2026-02-15T17:05:24+00:00","dateModified":"2026-02-26T08:32:57+00:00","mainEntityOfPage":{"@id":"https:\/\/arxxitektura.rs\/grad-keln-spaja-savremenu-arhitekturu-sa-nasledjem\/"},"wordCount":509,"publisher":{"@id":"https:\/\/arxxitektura.rs\/#\/schema\/person\/4d705f725a59e45c7211c1b818ba95c1"},"image":{"@id":"https:\/\/arxxitektura.rs\/grad-keln-spaja-savremenu-arhitekturu-sa-nasledjem\/#primaryimage"},"thumbnailUrl":"https:\/\/arxxitektura.rs\/wp-content\/uploads\/2026\/02\/Keln-Katedrala-i-muzej.jpg","keywords":["Nema\u010dka"],"articleSection":["Kontrast u arhitekturi"],"inLanguage":"en-US"},{"@type":"WebPage","@id":"https:\/\/arxxitektura.rs\/grad-keln-spaja-savremenu-arhitekturu-sa-nasledjem\/","url":"https:\/\/arxxitektura.rs\/grad-keln-spaja-savremenu-arhitekturu-sa-nasledjem\/","name":"Grad Keln spaja savremenu arhitekturu sa nasledjem &#8902; ARXXITEKTURA","isPartOf":{"@id":"https:\/\/arxxitektura.rs\/#website"},"primaryImageOfPage":{"@id":"https:\/\/arxxitektura.rs\/grad-keln-spaja-savremenu-arhitekturu-sa-nasledjem\/#primaryimage"},"image":{"@id":"https:\/\/arxxitektura.rs\/grad-keln-spaja-savremenu-arhitekturu-sa-nasledjem\/#primaryimage"},"thumbnailUrl":"https:\/\/arxxitektura.rs\/wp-content\/uploads\/2026\/02\/Keln-Katedrala-i-muzej.jpg","datePublished":"2026-02-15T17:05:24+00:00","dateModified":"2026-02-26T08:32:57+00:00","description":"\u0160etnja kroz Keln prikazuje novi pristup revitalizaciji nasledja, dodavanjem modernih sastojaka. Potpisuju ga najpoznatiji arhitekti danas.","breadcrumb":{"@id":"https:\/\/arxxitektura.rs\/grad-keln-spaja-savremenu-arhitekturu-sa-nasledjem\/#breadcrumb"},"inLanguage":"en-US","potentialAction":[{"@type":"ReadAction","target":["https:\/\/arxxitektura.rs\/grad-keln-spaja-savremenu-arhitekturu-sa-nasledjem\/"]}]},{"@type":"ImageObject","inLanguage":"en-US","@id":"https:\/\/arxxitektura.rs\/grad-keln-spaja-savremenu-arhitekturu-sa-nasledjem\/#primaryimage","url":"https:\/\/arxxitektura.rs\/wp-content\/uploads\/2026\/02\/Keln-Katedrala-i-muzej.jpg","contentUrl":"https:\/\/arxxitektura.rs\/wp-content\/uploads\/2026\/02\/Keln-Katedrala-i-muzej.jpg","width":1280,"height":960,"caption":"Keln Katedrala i Romish-Germanisches Museum"},{"@type":"BreadcrumbList","@id":"https:\/\/arxxitektura.rs\/grad-keln-spaja-savremenu-arhitekturu-sa-nasledjem\/#breadcrumb","itemListElement":[{"@type":"ListItem","position":1,"name":"Home","item":"https:\/\/arxxitektura.rs\/"},{"@type":"ListItem","position":2,"name":"Grad Keln spaja savremenu arhitekturu sa nasledjem"}]},{"@type":"WebSite","@id":"https:\/\/arxxitektura.rs\/#website","url":"https:\/\/arxxitektura.rs\/","name":"ARXXITEKTURA","description":"Blog  Umetnost Kontrasta","publisher":{"@id":"https:\/\/arxxitektura.rs\/#\/schema\/person\/4d705f725a59e45c7211c1b818ba95c1"},"potentialAction":[{"@type":"SearchAction","target":{"@type":"EntryPoint","urlTemplate":"https:\/\/arxxitektura.rs\/?s={search_term_string}"},"query-input":{"@type":"PropertyValueSpecification","valueRequired":true,"valueName":"search_term_string"}}],"inLanguage":"en-US"},{"@type":["Person","Organization"],"@id":"https:\/\/arxxitektura.rs\/#\/schema\/person\/4d705f725a59e45c7211c1b818ba95c1","name":"arxxi_admin","image":{"@type":"ImageObject","inLanguage":"en-US","@id":"https:\/\/arxxitektura.rs\/wp-content\/uploads\/2021\/06\/portret-za-avatar.jpg","url":"https:\/\/arxxitektura.rs\/wp-content\/uploads\/2021\/06\/portret-za-avatar.jpg","contentUrl":"https:\/\/arxxitektura.rs\/wp-content\/uploads\/2021\/06\/portret-za-avatar.jpg","width":281,"height":500,"caption":"arxxi_admin"},"logo":{"@id":"https:\/\/arxxitektura.rs\/wp-content\/uploads\/2021\/06\/portret-za-avatar.jpg"},"description":"Architect by education. I am researching the theoretical foundations of the construction of modern buildings in the historic city core. Protection of historical heritage through revitalization - new life for old buildings.","sameAs":["https:\/\/arxxitektura.rs","https:\/\/www.instagram.com\/arxxitekt\/","https:\/\/www.pinterest.com\/artofcontrasting\/","https:\/\/www.youtube.com\/channel\/UCAQHSoecXQ2ppMNFcrAO-4w"]}]}},"jetpack_sharing_enabled":true,"jetpack_featured_media_url":"https:\/\/arxxitektura.rs\/wp-content\/uploads\/2026\/02\/Keln-Katedrala-i-muzej.jpg","_links":{"self":[{"href":"https:\/\/arxxitektura.rs\/en\/wp-json\/wp\/v2\/posts\/17585","targetHints":{"allow":["GET"]}}],"collection":[{"href":"https:\/\/arxxitektura.rs\/en\/wp-json\/wp\/v2\/posts"}],"about":[{"href":"https:\/\/arxxitektura.rs\/en\/wp-json\/wp\/v2\/types\/post"}],"author":[{"embeddable":true,"href":"https:\/\/arxxitektura.rs\/en\/wp-json\/wp\/v2\/users\/1"}],"replies":[{"embeddable":true,"href":"https:\/\/arxxitektura.rs\/en\/wp-json\/wp\/v2\/comments?post=17585"}],"version-history":[{"count":137,"href":"https:\/\/arxxitektura.rs\/en\/wp-json\/wp\/v2\/posts\/17585\/revisions"}],"predecessor-version":[{"id":17725,"href":"https:\/\/arxxitektura.rs\/en\/wp-json\/wp\/v2\/posts\/17585\/revisions\/17725"}],"wp:featuredmedia":[{"embeddable":true,"href":"https:\/\/arxxitektura.rs\/en\/wp-json\/wp\/v2\/media\/17648"}],"wp:attachment":[{"href":"https:\/\/arxxitektura.rs\/en\/wp-json\/wp\/v2\/media?parent=17585"}],"wp:term":[{"taxonomy":"category","embeddable":true,"href":"https:\/\/arxxitektura.rs\/en\/wp-json\/wp\/v2\/categories?post=17585"},{"taxonomy":"post_tag","embeddable":true,"href":"https:\/\/arxxitektura.rs\/en\/wp-json\/wp\/v2\/tags?post=17585"}],"curies":[{"name":"wp","href":"https:\/\/api.w.org\/{rel}","templated":true}]}}