{"id":17906,"date":"2026-05-08T09:00:32","date_gmt":"2026-05-08T07:00:32","guid":{"rendered":"https:\/\/arxxitektura.rs\/?p=17906"},"modified":"2026-05-09T10:18:41","modified_gmt":"2026-05-09T08:18:41","slug":"muzej-terra-je-svet-u-malom-savremene-skulpture","status":"publish","type":"post","link":"https:\/\/arxxitektura.rs\/en\/muzej-terra-je-svet-u-malom-savremene-skulpture\/","title":{"rendered":"Muzej Terra je svet u malom savremene skulpture"},"content":{"rendered":"<div data-elementor-type=\"wp-post\" data-elementor-id=\"17906\" class=\"elementor elementor-17906\">\n\t\t\t\t\t\t<section class=\"elementor-section elementor-top-section elementor-element elementor-element-1d582b3 elementor-section-boxed elementor-section-height-default elementor-section-height-default qodef-elementor-content-no\" data-id=\"1d582b3\" data-element_type=\"section\" data-e-type=\"section\">\n\t\t\t\t\t\t<div class=\"elementor-container elementor-column-gap-default\">\n\t\t\t\t\t<div class=\"elementor-column elementor-col-50 elementor-top-column elementor-element elementor-element-34c29ae\" data-id=\"34c29ae\" data-element_type=\"column\" data-e-type=\"column\">\n\t\t\t<div class=\"elementor-widget-wrap elementor-element-populated\">\n\t\t\t\t\t\t<div class=\"elementor-element elementor-element-27bf7f7 elementor-widget elementor-widget-video\" data-id=\"27bf7f7\" data-element_type=\"widget\" data-e-type=\"widget\" data-settings=\"{&quot;video_type&quot;:&quot;hosted&quot;,&quot;controls&quot;:&quot;yes&quot;}\" data-widget_type=\"video.default\">\n\t\t\t\t<div class=\"elementor-widget-container\">\n\t\t\t\t\t\t\t<div class=\"e-hosted-video elementor-wrapper elementor-open-inline\">\n\t\t\t\t\t<video class=\"elementor-video\" src=\"https:\/\/arxxitektura.rs\/wp-content\/uploads\/2026\/04\/terra-kikinda-veb.mp4\" controls=\"\" preload=\"metadata\" controlslist=\"nodownload\" poster=\"https:\/\/arxxitektura.rs\/wp-content\/uploads\/2026\/04\/muzej_terra_kikinda.jpg\"><\/video>\n\t\t\t\t<\/div>\n\t\t\t\t\t\t<\/div>\n\t\t\t\t<\/div>\n\t\t\t\t\t<\/div>\n\t\t<\/div>\n\t\t\t\t<div class=\"elementor-column elementor-col-50 elementor-top-column elementor-element elementor-element-c9afcb5\" data-id=\"c9afcb5\" data-element_type=\"column\" data-e-type=\"column\">\n\t\t\t<div class=\"elementor-widget-wrap elementor-element-populated\">\n\t\t\t\t\t\t<div class=\"elementor-element elementor-element-9a5388e elementor-widget elementor-widget-heading\" data-id=\"9a5388e\" data-element_type=\"widget\" data-e-type=\"widget\" data-widget_type=\"heading.default\">\n\t\t\t\t<div class=\"elementor-widget-container\">\n\t\t\t\t\t<h2 class=\"elementor-heading-title elementor-size-default\">Muzej Tera<\/h2>\t\t\t\t<\/div>\n\t\t\t\t<\/div>\n\t\t\t\t<div class=\"elementor-element elementor-element-0eefaf5 elementor-widget elementor-widget-elipsa_core_dropcaps\" data-id=\"0eefaf5\" data-element_type=\"widget\" data-e-type=\"widget\" data-widget_type=\"elipsa_core_dropcaps.default\">\n\t\t\t\t<div class=\"elementor-widget-container\">\n\t\t\t\t\t<div class=\"qodef-shortcode qodef-m qodef-dropcaps qodef-type--simple\">\n\t<span class=\"qodef-m-letter\" >M<\/span>\n\t\t\t<p class=\"qodef-m-text\" >uzej Tera \u010duva skulpture izvajane u zadnjih 45 godina u lokalnoj kikindskoj glini. Sjajan spisak autora skoro je u potpunosti napunio izlo\u017ebeni prostor. 2017.g adaptiran je objekat kikindske kasarne i uobli\u010den je Muzej Terra. <\/p>\n\t<\/div>\t\t\t\t<\/div>\n\t\t\t\t<\/div>\n\t\t\t\t<div class=\"elementor-element elementor-element-823fac2 elementor-widget elementor-widget-text-editor\" data-id=\"823fac2\" data-element_type=\"widget\" data-e-type=\"widget\" data-widget_type=\"text-editor.default\">\n\t\t\t\t<div class=\"elementor-widget-container\">\n\t\t\t\t\t\t\t\t\t<p>Ovde je sme\u0161tena velika zbirka od oko 1000 umetni\u010dkih dela vajanih na Simpozijumima terakote, kako su nazvane umetni\u010dke radionice. Specifi\u010dan naziv osmi\u0161ljen je zbog radnog procesa u ovom materijalu, koji zahteva prethodnu obuku vajara u krugu proizvodnog prostora.<\/p><p>Kolekcija je formirana putem Simpozijuma na osnovu li\u010dnog anga\u017eovanja akademskog vajara mg Slobodana Koji\u0107a.<\/p>\t\t\t\t\t\t\t\t<\/div>\n\t\t\t\t<\/div>\n\t\t\t\t\t<\/div>\n\t\t<\/div>\n\t\t\t\t\t<\/div>\n\t\t<\/section>\n\t\t\t\t<section class=\"elementor-section elementor-top-section elementor-element elementor-element-4ae0e06 elementor-section-boxed elementor-section-height-default elementor-section-height-default qodef-elementor-content-no\" data-id=\"4ae0e06\" data-element_type=\"section\" data-e-type=\"section\">\n\t\t\t\t\t\t<div class=\"elementor-container elementor-column-gap-default\">\n\t\t\t\t\t<div class=\"elementor-column elementor-col-100 elementor-top-column elementor-element elementor-element-233d510\" data-id=\"233d510\" data-element_type=\"column\" data-e-type=\"column\">\n\t\t\t<div class=\"elementor-widget-wrap elementor-element-populated\">\n\t\t\t\t\t\t<div class=\"elementor-element elementor-element-2e1c008 elementor-widget elementor-widget-heading\" data-id=\"2e1c008\" data-element_type=\"widget\" data-e-type=\"widget\" data-widget_type=\"heading.default\">\n\t\t\t\t<div class=\"elementor-widget-container\">\n\t\t\t\t\t<h4 class=\"elementor-heading-title elementor-size-default\">Umetnost kontrasta u plavoj boji<\/h4>\t\t\t\t<\/div>\n\t\t\t\t<\/div>\n\t\t\t\t\t<\/div>\n\t\t<\/div>\n\t\t\t\t\t<\/div>\n\t\t<\/section>\n\t\t\t\t<section class=\"elementor-section elementor-top-section elementor-element elementor-element-0c45456 elementor-section-boxed elementor-section-height-default elementor-section-height-default qodef-elementor-content-no\" data-id=\"0c45456\" data-element_type=\"section\" data-e-type=\"section\">\n\t\t\t\t\t\t<div class=\"elementor-container elementor-column-gap-default\">\n\t\t\t\t\t<div class=\"elementor-column elementor-col-50 elementor-top-column elementor-element elementor-element-7900175\" data-id=\"7900175\" data-element_type=\"column\" data-e-type=\"column\">\n\t\t\t<div class=\"elementor-widget-wrap elementor-element-populated\">\n\t\t\t\t\t\t<div class=\"elementor-element elementor-element-345cb63 elementor-widget elementor-widget-video\" data-id=\"345cb63\" data-element_type=\"widget\" data-e-type=\"widget\" data-settings=\"{&quot;video_type&quot;:&quot;hosted&quot;,&quot;controls&quot;:&quot;yes&quot;}\" data-widget_type=\"video.default\">\n\t\t\t\t<div class=\"elementor-widget-container\">\n\t\t\t\t\t\t\t<div class=\"e-hosted-video elementor-wrapper elementor-open-inline\">\n\t\t\t\t\t<video class=\"elementor-video\" src=\"https:\/\/arxxitektura.rs\/wp-content\/uploads\/2026\/04\/Muzej-Terra-lica.mp4\" controls=\"\" preload=\"metadata\" controlslist=\"nodownload\" poster=\"https:\/\/arxxitektura.rs\/wp-content\/uploads\/2026\/04\/lice_terre_autor_mrdjan_bajic.jpg\"><\/video>\n\t\t\t\t<\/div>\n\t\t\t\t\t\t<\/div>\n\t\t\t\t<\/div>\n\t\t\t\t\t<\/div>\n\t\t<\/div>\n\t\t\t\t<div class=\"elementor-column elementor-col-50 elementor-top-column elementor-element elementor-element-f62d33a\" data-id=\"f62d33a\" data-element_type=\"column\" data-e-type=\"column\">\n\t\t\t<div class=\"elementor-widget-wrap elementor-element-populated\">\n\t\t\t\t\t\t<div class=\"elementor-element elementor-element-a677f4b elementor-widget elementor-widget-text-editor\" data-id=\"a677f4b\" data-element_type=\"widget\" data-e-type=\"widget\" data-widget_type=\"text-editor.default\">\n\t\t\t\t<div class=\"elementor-widget-container\">\n\t\t\t\t\t\t\t\t\t<p>Internacionalni dan skulpture 26. april 2026. provela sam u muzeju koji je najvi\u0161e zaslu\u017eio posetu u tu \u010dast.<\/p><p>Na ulazu u nepregledni izlo\u017ebeni prostor pogledala sam ka moru skulptura u terakoti. Mala, plava skulptura glave, rad je hrvatskog vajara Ivana Ko\u017eari\u0107a, isko\u010dila je iz monohromatskog okru\u017eenja.<\/p><p>Plava je u ovom prostoru kontrast, incident- pru\u017ea otpor i unosi vedrinu. Nekoliko umetni\u010dkih dela sa primesama plave boje zaista zaustavljaju pogled. Jedna od njih je zidna \u201eskulptura\u201c- ravna povr\u0161ina sa oslikanim plavim ramovima, postavljenim u suprotnom polo\u017eaju. Kontrast je evidentan- umesto trodimenzionalne forme \u2013 dvodimenzialnost i crte\u017e predstavljenog objekta.<\/p><p>Nakon ovog mini likovnog \u0161oka koji mo\u017eete videti u video dokumentaciji, istra\u017eivala sam dalje zbirku umetnina.<\/p><p>\u00a0<\/p>\t\t\t\t\t\t\t\t<\/div>\n\t\t\t\t<\/div>\n\t\t\t\t\t<\/div>\n\t\t<\/div>\n\t\t\t\t\t<\/div>\n\t\t<\/section>\n\t\t\t\t<section class=\"elementor-section elementor-top-section elementor-element elementor-element-a98d1df elementor-section-boxed elementor-section-height-default elementor-section-height-default qodef-elementor-content-no\" data-id=\"a98d1df\" data-element_type=\"section\" data-e-type=\"section\">\n\t\t\t\t\t\t<div class=\"elementor-container elementor-column-gap-default\">\n\t\t\t\t\t<div class=\"elementor-column elementor-col-100 elementor-top-column elementor-element elementor-element-512b51b\" data-id=\"512b51b\" data-element_type=\"column\" data-e-type=\"column\">\n\t\t\t<div class=\"elementor-widget-wrap elementor-element-populated\">\n\t\t\t\t\t\t<div class=\"elementor-element elementor-element-7dc738f elementor-widget elementor-widget-heading\" data-id=\"7dc738f\" data-element_type=\"widget\" data-e-type=\"widget\" data-widget_type=\"heading.default\">\n\t\t\t\t<div class=\"elementor-widget-container\">\n\t\t\t\t\t<h4 class=\"elementor-heading-title elementor-size-default\">Lica Tere<\/h4>\t\t\t\t<\/div>\n\t\t\t\t<\/div>\n\t\t\t\t<section class=\"elementor-section elementor-inner-section elementor-element elementor-element-d38e865 elementor-section-boxed elementor-section-height-default elementor-section-height-default qodef-elementor-content-no\" data-id=\"d38e865\" data-element_type=\"section\" data-e-type=\"section\">\n\t\t\t\t\t\t<div class=\"elementor-container elementor-column-gap-default\">\n\t\t\t\t\t<div class=\"elementor-column elementor-col-50 elementor-inner-column elementor-element elementor-element-1430bf2\" data-id=\"1430bf2\" data-element_type=\"column\" data-e-type=\"column\">\n\t\t\t<div class=\"elementor-widget-wrap elementor-element-populated\">\n\t\t\t\t\t\t<div class=\"elementor-element elementor-element-fe6cceb elementor-widget__width-initial elementor-widget elementor-widget-image\" data-id=\"fe6cceb\" data-element_type=\"widget\" data-e-type=\"widget\" data-widget_type=\"image.default\">\n\t\t\t\t<div class=\"elementor-widget-container\">\n\t\t\t\t\t\t\t\t\t\t\t\t<figure class=\"wp-caption\">\n\t\t\t\t\t\t\t\t\t\t<img fetchpriority=\"high\" decoding=\"async\" width=\"338\" height=\"600\" src=\"https:\/\/arxxitektura.rs\/wp-content\/uploads\/2026\/05\/Prototip-skulpture-ispred-Gradske-skupstine-Kikinde.jpg\" class=\"attachment-medium_large size-medium_large wp-image-17957\" alt=\"Skulptura prototip ispred Gradske skup\u0161tine Kikinde\" srcset=\"https:\/\/arxxitektura.rs\/wp-content\/uploads\/2026\/05\/Prototip-skulpture-ispred-Gradske-skupstine-Kikinde.jpg 338w, https:\/\/arxxitektura.rs\/wp-content\/uploads\/2026\/05\/Prototip-skulpture-ispred-Gradske-skupstine-Kikinde-169x300.jpg 169w, https:\/\/arxxitektura.rs\/wp-content\/uploads\/2026\/05\/Prototip-skulpture-ispred-Gradske-skupstine-Kikinde-7x12.jpg 7w\" sizes=\"(max-width: 338px) 100vw, 338px\" \/>\t\t\t\t\t\t\t\t\t\t\t<figcaption class=\"widget-image-caption wp-caption-text\">Skulptura ispred Gradske skup\u0161tine Kikinda<\/figcaption>\n\t\t\t\t\t\t\t\t\t\t<\/figure>\n\t\t\t\t\t\t\t\t\t<\/div>\n\t\t\t\t<\/div>\n\t\t\t\t\t<\/div>\n\t\t<\/div>\n\t\t\t\t<div class=\"elementor-column elementor-col-50 elementor-inner-column elementor-element elementor-element-b3523ae\" data-id=\"b3523ae\" data-element_type=\"column\" data-e-type=\"column\">\n\t\t\t<div class=\"elementor-widget-wrap elementor-element-populated\">\n\t\t\t\t\t\t<div class=\"elementor-element elementor-element-161b272 elementor-widget elementor-widget-text-editor\" data-id=\"161b272\" data-element_type=\"widget\" data-e-type=\"widget\" data-widget_type=\"text-editor.default\">\n\t\t\t\t<div class=\"elementor-widget-container\">\n\t\t\t\t\t\t\t\t\t<p>Za naj\u0161iru publiku portreti su najprihvatljiviji za u\u017eivanje u umetnosti. To je razlog mog izbora portreta kao predstavnika muzejske kolekcije, odmah nakon plavih akcenata. Lica koja \u0107e vas vezivati za iskustvo u Muzeju Terra predstavljena su u mom videu.<\/p><p>Jedno od najprepoznatljivijih portreta je <span style=\"text-decoration: underline;\"><strong><a href=\"https:\/\/arxxitektura.rs\/en\/skulptor-mrdjan-bajic\/\" target=\"_blank\" rel=\"noopener\">skulptura Mrdjana Baji\u0107a<\/a><\/strong><\/span>. Ovo \u201eza\u0161titno\u201c lice je tipi\u010dno za njegovu umetnost i pojavljuje se u toku njegovog radnog veka od samih po\u010detaka. Njegov izmi\u0161ljeni lik je prete\u010da savremenih avatara. Totemsko lice sa plamenovima na glavi predstavljeno je kroz umetnost Mrdjana Baji\u0107a u raznim materijalima, a u Muzeju Terra u kikindskoj glini.<\/p>\t\t\t\t\t\t\t\t<\/div>\n\t\t\t\t<\/div>\n\t\t\t\t\t<\/div>\n\t\t<\/div>\n\t\t\t\t\t<\/div>\n\t\t<\/section>\n\t\t\t\t\t<\/div>\n\t\t<\/div>\n\t\t\t\t\t<\/div>\n\t\t<\/section>\n\t\t\t\t<section class=\"elementor-section elementor-top-section elementor-element elementor-element-83bec82 elementor-section-boxed elementor-section-height-default elementor-section-height-default qodef-elementor-content-no\" data-id=\"83bec82\" data-element_type=\"section\" data-e-type=\"section\">\n\t\t\t\t\t\t<div class=\"elementor-container elementor-column-gap-default\">\n\t\t\t\t\t<div class=\"elementor-column elementor-col-100 elementor-top-column elementor-element elementor-element-299096e\" data-id=\"299096e\" data-element_type=\"column\" data-e-type=\"column\">\n\t\t\t<div class=\"elementor-widget-wrap elementor-element-populated\">\n\t\t\t\t\t\t<div class=\"elementor-element elementor-element-9e3bd26 elementor-widget elementor-widget-text-editor\" data-id=\"9e3bd26\" data-element_type=\"widget\" data-e-type=\"widget\" data-widget_type=\"text-editor.default\">\n\t\t\t\t<div class=\"elementor-widget-container\">\n\t\t\t\t\t\t\t\t\t<p>Svi umetnici izlo\u017eeni u prostoru muzeja podjednako su zna\u010dajni i interesantni. Moj izbor treba da vas inspiri\u0161e za dubljim istra\u017eivanjem kolekcije.<\/p><p>Veliki deo kolekcije mo\u017eete pogledati na zvani\u010dnoj stranici Muzeja Tera, Kikinda<\/p>\t\t\t\t\t\t\t\t<\/div>\n\t\t\t\t<\/div>\n\t\t\t\t\t<\/div>\n\t\t<\/div>\n\t\t\t\t\t<\/div>\n\t\t<\/section>\n\t\t\t\t<\/div>","protected":false},"excerpt":{"rendered":"<p>Muzej Terra predstavlaj veliki spektar umetnika i svi su podjednako zna\u010dajni i interesantni.<\/p>","protected":false},"author":1,"featured_media":17919,"comment_status":"closed","ping_status":"open","sticky":false,"template":"","format":"standard","meta":{"_jetpack_newsletter_access":"","_jetpack_dont_email_post_to_subs":false,"_jetpack_newsletter_tier_id":0,"_jetpack_memberships_contains_paywalled_content":false,"_jetpack_memberships_contains_paid_content":false,"footnotes":""},"categories":[26],"tags":[113],"class_list":["post-17906","post","type-post","status-publish","format-standard","has-post-thumbnail","hentry","category-srbija-balkan","tag-savremena-skulptura"],"yoast_head":"<!-- This site is optimized with the Yoast SEO plugin v28.4 - https:\/\/yoast.com\/product\/yoast-seo-wordpress\/ -->\n<title>Muzej Terra je svet u malom savremene skulpture &#8902; ARXXITEKTURA<\/title>\n<meta name=\"description\" content=\"Muzej Terra predstavlaj veliki spektar umetnika i svi su podjednako zna\u010dajni i interesantni. Moj izbor treba da inspiri\u0161e dalje istra\u017eivanje.\" \/>\n<meta name=\"robots\" content=\"index, follow, max-snippet:-1, max-image-preview:large, max-video-preview:-1\" \/>\n<link rel=\"canonical\" href=\"https:\/\/arxxitektura.rs\/en\/muzej-terra-je-svet-u-malom-savremene-skulpture\/\" \/>\n<meta property=\"og:locale\" content=\"en_US\" \/>\n<meta property=\"og:type\" content=\"article\" \/>\n<meta property=\"og:title\" content=\"Muzej Terra je svet u malom savremene skulpture &#8902; ARXXITEKTURA\" \/>\n<meta property=\"og:description\" content=\"Muzej Terra predstavlaj veliki spektar umetnika i svi su podjednako zna\u010dajni i interesantni. Moj izbor treba da inspiri\u0161e dalje istra\u017eivanje.\" \/>\n<meta property=\"og:url\" content=\"https:\/\/arxxitektura.rs\/en\/muzej-terra-je-svet-u-malom-savremene-skulpture\/\" \/>\n<meta property=\"og:site_name\" content=\"ARXXITEKTURA\" \/>\n<meta property=\"article:published_time\" content=\"2026-05-08T07:00:32+00:00\" \/>\n<meta property=\"article:modified_time\" content=\"2026-05-09T08:18:41+00:00\" \/>\n<meta property=\"og:image\" content=\"https:\/\/arxxitektura.rs\/wp-content\/uploads\/2026\/04\/Muzej-Terra-plavi-akcenat-u-prostoru.jpg\" \/>\n\t<meta property=\"og:image:width\" content=\"1280\" \/>\n\t<meta property=\"og:image:height\" content=\"720\" \/>\n\t<meta property=\"og:image:type\" content=\"image\/jpeg\" \/>\n<meta name=\"author\" content=\"arxxi_admin\" \/>\n<meta name=\"twitter:card\" content=\"summary_large_image\" \/>\n<meta name=\"twitter:label1\" content=\"Written by\" \/>\n\t<meta name=\"twitter:data1\" content=\"arxxi_admin\" \/>\n\t<meta name=\"twitter:label2\" content=\"Est. reading time\" \/>\n\t<meta name=\"twitter:data2\" content=\"2 minutes\" \/>\n<script type=\"application\/ld+json\" class=\"yoast-schema-graph\">{\"@context\":\"https:\\\/\\\/schema.org\",\"@graph\":[{\"@type\":\"Article\",\"@id\":\"https:\\\/\\\/arxxitektura.rs\\\/muzej-terra-je-svet-u-malom-savremene-skulpture\\\/#article\",\"isPartOf\":{\"@id\":\"https:\\\/\\\/arxxitektura.rs\\\/muzej-terra-je-svet-u-malom-savremene-skulpture\\\/\"},\"author\":{\"name\":\"arxxi_admin\",\"@id\":\"https:\\\/\\\/arxxitektura.rs\\\/#\\\/schema\\\/person\\\/4d705f725a59e45c7211c1b818ba95c1\"},\"headline\":\"Muzej Terra je svet u malom savremene skulpture\",\"datePublished\":\"2026-05-08T07:00:32+00:00\",\"dateModified\":\"2026-05-09T08:18:41+00:00\",\"mainEntityOfPage\":{\"@id\":\"https:\\\/\\\/arxxitektura.rs\\\/muzej-terra-je-svet-u-malom-savremene-skulpture\\\/\"},\"wordCount\":397,\"publisher\":{\"@id\":\"https:\\\/\\\/arxxitektura.rs\\\/#\\\/schema\\\/person\\\/4d705f725a59e45c7211c1b818ba95c1\"},\"image\":{\"@id\":\"https:\\\/\\\/arxxitektura.rs\\\/muzej-terra-je-svet-u-malom-savremene-skulpture\\\/#primaryimage\"},\"thumbnailUrl\":\"https:\\\/\\\/arxxitektura.rs\\\/wp-content\\\/uploads\\\/2026\\\/04\\\/Muzej-Terra-plavi-akcenat-u-prostoru.jpg\",\"keywords\":[\"savremena skulptura\"],\"articleSection\":[\"Srbija Balkan\"],\"inLanguage\":\"en-US\"},{\"@type\":\"WebPage\",\"@id\":\"https:\\\/\\\/arxxitektura.rs\\\/muzej-terra-je-svet-u-malom-savremene-skulpture\\\/\",\"url\":\"https:\\\/\\\/arxxitektura.rs\\\/muzej-terra-je-svet-u-malom-savremene-skulpture\\\/\",\"name\":\"Muzej Terra je svet u malom savremene skulpture &#8902; ARXXITEKTURA\",\"isPartOf\":{\"@id\":\"https:\\\/\\\/arxxitektura.rs\\\/#website\"},\"primaryImageOfPage\":{\"@id\":\"https:\\\/\\\/arxxitektura.rs\\\/muzej-terra-je-svet-u-malom-savremene-skulpture\\\/#primaryimage\"},\"image\":{\"@id\":\"https:\\\/\\\/arxxitektura.rs\\\/muzej-terra-je-svet-u-malom-savremene-skulpture\\\/#primaryimage\"},\"thumbnailUrl\":\"https:\\\/\\\/arxxitektura.rs\\\/wp-content\\\/uploads\\\/2026\\\/04\\\/Muzej-Terra-plavi-akcenat-u-prostoru.jpg\",\"datePublished\":\"2026-05-08T07:00:32+00:00\",\"dateModified\":\"2026-05-09T08:18:41+00:00\",\"description\":\"Muzej Terra predstavlaj veliki spektar umetnika i svi su podjednako zna\u010dajni i interesantni. Moj izbor treba da inspiri\u0161e dalje istra\u017eivanje.\",\"breadcrumb\":{\"@id\":\"https:\\\/\\\/arxxitektura.rs\\\/muzej-terra-je-svet-u-malom-savremene-skulpture\\\/#breadcrumb\"},\"inLanguage\":\"en-US\",\"potentialAction\":[{\"@type\":\"ReadAction\",\"target\":[\"https:\\\/\\\/arxxitektura.rs\\\/muzej-terra-je-svet-u-malom-savremene-skulpture\\\/\"]}]},{\"@type\":\"ImageObject\",\"inLanguage\":\"en-US\",\"@id\":\"https:\\\/\\\/arxxitektura.rs\\\/muzej-terra-je-svet-u-malom-savremene-skulpture\\\/#primaryimage\",\"url\":\"https:\\\/\\\/arxxitektura.rs\\\/wp-content\\\/uploads\\\/2026\\\/04\\\/Muzej-Terra-plavi-akcenat-u-prostoru.jpg\",\"contentUrl\":\"https:\\\/\\\/arxxitektura.rs\\\/wp-content\\\/uploads\\\/2026\\\/04\\\/Muzej-Terra-plavi-akcenat-u-prostoru.jpg\",\"width\":1280,\"height\":720,\"caption\":\"Muzej Terra plavi akcenat u prostoru\"},{\"@type\":\"BreadcrumbList\",\"@id\":\"https:\\\/\\\/arxxitektura.rs\\\/muzej-terra-je-svet-u-malom-savremene-skulpture\\\/#breadcrumb\",\"itemListElement\":[{\"@type\":\"ListItem\",\"position\":1,\"name\":\"Home\",\"item\":\"https:\\\/\\\/arxxitektura.rs\\\/\"},{\"@type\":\"ListItem\",\"position\":2,\"name\":\"Muzej Terra je svet u malom savremene skulpture\"}]},{\"@type\":\"WebSite\",\"@id\":\"https:\\\/\\\/arxxitektura.rs\\\/#website\",\"url\":\"https:\\\/\\\/arxxitektura.rs\\\/\",\"name\":\"ARXXITEKTURA\",\"description\":\"Blog  Umetnost Kontrasta\",\"publisher\":{\"@id\":\"https:\\\/\\\/arxxitektura.rs\\\/#\\\/schema\\\/person\\\/4d705f725a59e45c7211c1b818ba95c1\"},\"potentialAction\":[{\"@type\":\"SearchAction\",\"target\":{\"@type\":\"EntryPoint\",\"urlTemplate\":\"https:\\\/\\\/arxxitektura.rs\\\/?s={search_term_string}\"},\"query-input\":{\"@type\":\"PropertyValueSpecification\",\"valueRequired\":true,\"valueName\":\"search_term_string\"}}],\"inLanguage\":\"en-US\"},{\"@type\":[\"Person\",\"Organization\"],\"@id\":\"https:\\\/\\\/arxxitektura.rs\\\/#\\\/schema\\\/person\\\/4d705f725a59e45c7211c1b818ba95c1\",\"name\":\"arxxi_admin\",\"image\":{\"@type\":\"ImageObject\",\"inLanguage\":\"en-US\",\"@id\":\"https:\\\/\\\/arxxitektura.rs\\\/wp-content\\\/uploads\\\/2021\\\/06\\\/portret-za-avatar.jpg\",\"url\":\"https:\\\/\\\/arxxitektura.rs\\\/wp-content\\\/uploads\\\/2021\\\/06\\\/portret-za-avatar.jpg\",\"contentUrl\":\"https:\\\/\\\/arxxitektura.rs\\\/wp-content\\\/uploads\\\/2021\\\/06\\\/portret-za-avatar.jpg\",\"width\":281,\"height\":500,\"caption\":\"arxxi_admin\"},\"logo\":{\"@id\":\"https:\\\/\\\/arxxitektura.rs\\\/wp-content\\\/uploads\\\/2021\\\/06\\\/portret-za-avatar.jpg\"},\"description\":\"Arhitekta po obrazovanju . Istra\u017eujem teoretske osnove izgradnje savremenih objekata u istorijskom gradskom jezgru . Za\u0161tita istorijskog nasle\u0111a kroz revitalizaciju - novi \u017eivot za stare objekte .\",\"sameAs\":[\"https:\\\/\\\/arxxitektura.rs\",\"https:\\\/\\\/www.instagram.com\\\/arxxitekt\\\/\",\"https:\\\/\\\/www.pinterest.com\\\/artofcontrasting\\\/\",\"https:\\\/\\\/www.youtube.com\\\/channel\\\/UCAQHSoecXQ2ppMNFcrAO-4w\"]}]}<\/script>\n<!-- \/ Yoast SEO plugin. -->","yoast_head_json":{"title":"Muzej Terra je svet u malom savremene skulpture &#8902; ARXXITEKTURA","description":"Muzej Terra predstavlaj veliki spektar umetnika i svi su podjednako zna\u010dajni i interesantni. Moj izbor treba da inspiri\u0161e dalje istra\u017eivanje.","robots":{"index":"index","follow":"follow","max-snippet":"max-snippet:-1","max-image-preview":"max-image-preview:large","max-video-preview":"max-video-preview:-1"},"canonical":"https:\/\/arxxitektura.rs\/en\/muzej-terra-je-svet-u-malom-savremene-skulpture\/","og_locale":"en_US","og_type":"article","og_title":"Muzej Terra je svet u malom savremene skulpture &#8902; ARXXITEKTURA","og_description":"Muzej Terra predstavlaj veliki spektar umetnika i svi su podjednako zna\u010dajni i interesantni. Moj izbor treba da inspiri\u0161e dalje istra\u017eivanje.","og_url":"https:\/\/arxxitektura.rs\/en\/muzej-terra-je-svet-u-malom-savremene-skulpture\/","og_site_name":"ARXXITEKTURA","article_published_time":"2026-05-08T07:00:32+00:00","article_modified_time":"2026-05-09T08:18:41+00:00","og_image":[{"width":1280,"height":720,"url":"https:\/\/arxxitektura.rs\/wp-content\/uploads\/2026\/04\/Muzej-Terra-plavi-akcenat-u-prostoru.jpg","type":"image\/jpeg"}],"author":"arxxi_admin","twitter_card":"summary_large_image","twitter_misc":{"Written by":"arxxi_admin","Est. reading time":"2 minutes"},"schema":{"@context":"https:\/\/schema.org","@graph":[{"@type":"Article","@id":"https:\/\/arxxitektura.rs\/muzej-terra-je-svet-u-malom-savremene-skulpture\/#article","isPartOf":{"@id":"https:\/\/arxxitektura.rs\/muzej-terra-je-svet-u-malom-savremene-skulpture\/"},"author":{"name":"arxxi_admin","@id":"https:\/\/arxxitektura.rs\/#\/schema\/person\/4d705f725a59e45c7211c1b818ba95c1"},"headline":"Muzej Terra je svet u malom savremene skulpture","datePublished":"2026-05-08T07:00:32+00:00","dateModified":"2026-05-09T08:18:41+00:00","mainEntityOfPage":{"@id":"https:\/\/arxxitektura.rs\/muzej-terra-je-svet-u-malom-savremene-skulpture\/"},"wordCount":397,"publisher":{"@id":"https:\/\/arxxitektura.rs\/#\/schema\/person\/4d705f725a59e45c7211c1b818ba95c1"},"image":{"@id":"https:\/\/arxxitektura.rs\/muzej-terra-je-svet-u-malom-savremene-skulpture\/#primaryimage"},"thumbnailUrl":"https:\/\/arxxitektura.rs\/wp-content\/uploads\/2026\/04\/Muzej-Terra-plavi-akcenat-u-prostoru.jpg","keywords":["savremena skulptura"],"articleSection":["Srbija Balkan"],"inLanguage":"en-US"},{"@type":"WebPage","@id":"https:\/\/arxxitektura.rs\/muzej-terra-je-svet-u-malom-savremene-skulpture\/","url":"https:\/\/arxxitektura.rs\/muzej-terra-je-svet-u-malom-savremene-skulpture\/","name":"Muzej Terra je svet u malom savremene skulpture &#8902; ARXXITEKTURA","isPartOf":{"@id":"https:\/\/arxxitektura.rs\/#website"},"primaryImageOfPage":{"@id":"https:\/\/arxxitektura.rs\/muzej-terra-je-svet-u-malom-savremene-skulpture\/#primaryimage"},"image":{"@id":"https:\/\/arxxitektura.rs\/muzej-terra-je-svet-u-malom-savremene-skulpture\/#primaryimage"},"thumbnailUrl":"https:\/\/arxxitektura.rs\/wp-content\/uploads\/2026\/04\/Muzej-Terra-plavi-akcenat-u-prostoru.jpg","datePublished":"2026-05-08T07:00:32+00:00","dateModified":"2026-05-09T08:18:41+00:00","description":"Muzej Terra predstavlaj veliki spektar umetnika i svi su podjednako zna\u010dajni i interesantni. Moj izbor treba da inspiri\u0161e dalje istra\u017eivanje.","breadcrumb":{"@id":"https:\/\/arxxitektura.rs\/muzej-terra-je-svet-u-malom-savremene-skulpture\/#breadcrumb"},"inLanguage":"en-US","potentialAction":[{"@type":"ReadAction","target":["https:\/\/arxxitektura.rs\/muzej-terra-je-svet-u-malom-savremene-skulpture\/"]}]},{"@type":"ImageObject","inLanguage":"en-US","@id":"https:\/\/arxxitektura.rs\/muzej-terra-je-svet-u-malom-savremene-skulpture\/#primaryimage","url":"https:\/\/arxxitektura.rs\/wp-content\/uploads\/2026\/04\/Muzej-Terra-plavi-akcenat-u-prostoru.jpg","contentUrl":"https:\/\/arxxitektura.rs\/wp-content\/uploads\/2026\/04\/Muzej-Terra-plavi-akcenat-u-prostoru.jpg","width":1280,"height":720,"caption":"Muzej Terra plavi akcenat u prostoru"},{"@type":"BreadcrumbList","@id":"https:\/\/arxxitektura.rs\/muzej-terra-je-svet-u-malom-savremene-skulpture\/#breadcrumb","itemListElement":[{"@type":"ListItem","position":1,"name":"Home","item":"https:\/\/arxxitektura.rs\/"},{"@type":"ListItem","position":2,"name":"Muzej Terra je svet u malom savremene skulpture"}]},{"@type":"WebSite","@id":"https:\/\/arxxitektura.rs\/#website","url":"https:\/\/arxxitektura.rs\/","name":"ARXXITEKTURA","description":"Blog  Umetnost Kontrasta","publisher":{"@id":"https:\/\/arxxitektura.rs\/#\/schema\/person\/4d705f725a59e45c7211c1b818ba95c1"},"potentialAction":[{"@type":"SearchAction","target":{"@type":"EntryPoint","urlTemplate":"https:\/\/arxxitektura.rs\/?s={search_term_string}"},"query-input":{"@type":"PropertyValueSpecification","valueRequired":true,"valueName":"search_term_string"}}],"inLanguage":"en-US"},{"@type":["Person","Organization"],"@id":"https:\/\/arxxitektura.rs\/#\/schema\/person\/4d705f725a59e45c7211c1b818ba95c1","name":"arxxi_admin","image":{"@type":"ImageObject","inLanguage":"en-US","@id":"https:\/\/arxxitektura.rs\/wp-content\/uploads\/2021\/06\/portret-za-avatar.jpg","url":"https:\/\/arxxitektura.rs\/wp-content\/uploads\/2021\/06\/portret-za-avatar.jpg","contentUrl":"https:\/\/arxxitektura.rs\/wp-content\/uploads\/2021\/06\/portret-za-avatar.jpg","width":281,"height":500,"caption":"arxxi_admin"},"logo":{"@id":"https:\/\/arxxitektura.rs\/wp-content\/uploads\/2021\/06\/portret-za-avatar.jpg"},"description":"Architect by education. I am researching the theoretical foundations of the construction of modern buildings in the historic city core. Protection of historical heritage through revitalization - new life for old buildings.","sameAs":["https:\/\/arxxitektura.rs","https:\/\/www.instagram.com\/arxxitekt\/","https:\/\/www.pinterest.com\/artofcontrasting\/","https:\/\/www.youtube.com\/channel\/UCAQHSoecXQ2ppMNFcrAO-4w"]}]}},"jetpack_sharing_enabled":true,"jetpack_featured_media_url":"https:\/\/arxxitektura.rs\/wp-content\/uploads\/2026\/04\/Muzej-Terra-plavi-akcenat-u-prostoru.jpg","_links":{"self":[{"href":"https:\/\/arxxitektura.rs\/en\/wp-json\/wp\/v2\/posts\/17906","targetHints":{"allow":["GET"]}}],"collection":[{"href":"https:\/\/arxxitektura.rs\/en\/wp-json\/wp\/v2\/posts"}],"about":[{"href":"https:\/\/arxxitektura.rs\/en\/wp-json\/wp\/v2\/types\/post"}],"author":[{"embeddable":true,"href":"https:\/\/arxxitektura.rs\/en\/wp-json\/wp\/v2\/users\/1"}],"replies":[{"embeddable":true,"href":"https:\/\/arxxitektura.rs\/en\/wp-json\/wp\/v2\/comments?post=17906"}],"version-history":[{"count":56,"href":"https:\/\/arxxitektura.rs\/en\/wp-json\/wp\/v2\/posts\/17906\/revisions"}],"predecessor-version":[{"id":17969,"href":"https:\/\/arxxitektura.rs\/en\/wp-json\/wp\/v2\/posts\/17906\/revisions\/17969"}],"wp:featuredmedia":[{"embeddable":true,"href":"https:\/\/arxxitektura.rs\/en\/wp-json\/wp\/v2\/media\/17919"}],"wp:attachment":[{"href":"https:\/\/arxxitektura.rs\/en\/wp-json\/wp\/v2\/media?parent=17906"}],"wp:term":[{"taxonomy":"category","embeddable":true,"href":"https:\/\/arxxitektura.rs\/en\/wp-json\/wp\/v2\/categories?post=17906"},{"taxonomy":"post_tag","embeddable":true,"href":"https:\/\/arxxitektura.rs\/en\/wp-json\/wp\/v2\/tags?post=17906"}],"curies":[{"name":"wp","href":"https:\/\/api.w.org\/{rel}","templated":true}]}}