{"id":17978,"date":"2026-06-13T09:18:16","date_gmt":"2026-06-13T07:18:16","guid":{"rendered":"https:\/\/arxxitektura.rs\/?p=17978"},"modified":"2026-06-13T09:18:16","modified_gmt":"2026-06-13T07:18:16","slug":"marina-abramovic-lekcije-iz-emocija","status":"publish","type":"post","link":"https:\/\/arxxitektura.rs\/en\/marina-abramovic-lekcije-iz-emocija\/","title":{"rendered":"Lessons on Emotions from Marina Abramovi\u0107"},"content":{"rendered":"<div data-elementor-type=\"wp-post\" data-elementor-id=\"17978\" class=\"elementor elementor-17978\">\n\t\t\t\t\t\t<section class=\"elementor-section elementor-top-section elementor-element elementor-element-528df3a elementor-section-stretched elementor-section-boxed elementor-section-height-default elementor-section-height-default qodef-elementor-content-no\" data-id=\"528df3a\" data-element_type=\"section\" data-e-type=\"section\" data-settings=\"{&quot;stretch_section&quot;:&quot;section-stretched&quot;}\">\n\t\t\t\t\t\t<div class=\"elementor-container elementor-column-gap-default\">\n\t\t\t\t\t<div class=\"elementor-column elementor-col-100 elementor-top-column elementor-element elementor-element-0ebc280\" data-id=\"0ebc280\" data-element_type=\"column\" data-e-type=\"column\">\n\t\t\t<div class=\"elementor-widget-wrap elementor-element-populated\">\n\t\t\t\t\t\t<div class=\"elementor-element elementor-element-23f68af elementor-widget elementor-widget-elipsa_core_dropcaps\" data-id=\"23f68af\" data-element_type=\"widget\" data-e-type=\"widget\" data-widget_type=\"elipsa_core_dropcaps.default\">\n\t\t\t\t<div class=\"elementor-widget-container\">\n\t\t\t\t\t<div class=\"qodef-shortcode qodef-m qodef-dropcaps qodef-type--simple\">\n\t<span class=\"qodef-m-letter\" >T<\/span>\n\t\t\t<p class=\"qodef-m-text\" >he iconic Accademia Gallery in Venice, among many works of art from the past, presents a beautiful collection of sculptures by Antonio Canova from the 18th and 19th centuries. Among these sculptures, the works of a conceptual artist of Serbian origin are presented.\nMarina Abramovi\u0107, at the age of 80, presented part of her life story and one of the solutions for treating emotional breakdowns. <\/p>\n\t<\/div>\t\t\t\t<\/div>\n\t\t\t\t<\/div>\n\t\t\t\t\t<\/div>\n\t\t<\/div>\n\t\t\t\t\t<\/div>\n\t\t<\/section>\n\t\t\t\t<section class=\"elementor-section elementor-top-section elementor-element elementor-element-16bdea8 elementor-section-stretched elementor-section-boxed elementor-section-height-default elementor-section-height-default qodef-elementor-content-no\" data-id=\"16bdea8\" data-element_type=\"section\" data-e-type=\"section\" data-settings=\"{&quot;stretch_section&quot;:&quot;section-stretched&quot;}\">\n\t\t\t\t\t\t<div class=\"elementor-container elementor-column-gap-default\">\n\t\t\t\t\t<div class=\"elementor-column elementor-col-100 elementor-top-column elementor-element elementor-element-9675026\" data-id=\"9675026\" data-element_type=\"column\" data-e-type=\"column\">\n\t\t\t<div class=\"elementor-widget-wrap elementor-element-populated\">\n\t\t\t\t\t\t<div class=\"elementor-element elementor-element-5616eaf elementor-widget elementor-widget-text-editor\" data-id=\"5616eaf\" data-element_type=\"widget\" data-e-type=\"widget\" data-widget_type=\"text-editor.default\">\n\t\t\t\t<div class=\"elementor-widget-container\">\n\t\t\t\t\t\t\t\t\t<p>The exhibition \"Transforming energy\" presents the artist's aspirations to establish her own energy balance after difficult emotional moments. Most of the exhibition was not allowed to be recorded, so this video presents the second part, also of great importance for understanding the whole.<\/p><p>At a time when everything is exposed to public view, Marina Abramovi\u0107's new exhibition remains a personal experience because of this ban. Conceptual art requires the viewer to establish a personal emotional connection with the art.<\/p>\t\t\t\t\t\t\t\t<\/div>\n\t\t\t\t<\/div>\n\t\t\t\t\t<\/div>\n\t\t<\/div>\n\t\t\t\t\t<\/div>\n\t\t<\/section>\n\t\t\t\t<section class=\"elementor-section elementor-top-section elementor-element elementor-element-12ad5ba elementor-section-boxed elementor-section-height-default elementor-section-height-default qodef-elementor-content-no\" data-id=\"12ad5ba\" data-element_type=\"section\" data-e-type=\"section\">\n\t\t\t\t\t\t<div class=\"elementor-container elementor-column-gap-default\">\n\t\t\t\t\t<div class=\"elementor-column elementor-col-100 elementor-top-column elementor-element elementor-element-6cba74c\" data-id=\"6cba74c\" data-element_type=\"column\" data-e-type=\"column\">\n\t\t\t<div class=\"elementor-widget-wrap elementor-element-populated\">\n\t\t\t\t\t\t<div class=\"elementor-element elementor-element-0c139f7 elementor-widget elementor-widget-heading\" data-id=\"0c139f7\" data-element_type=\"widget\" data-e-type=\"widget\" data-widget_type=\"heading.default\">\n\t\t\t\t<div class=\"elementor-widget-container\">\n\t\t\t\t\t<h5 class=\"elementor-heading-title elementor-size-default\">The film from 1988. opens the exhibition doors<\/h5>\t\t\t\t<\/div>\n\t\t\t\t<\/div>\n\t\t\t\t\t<\/div>\n\t\t<\/div>\n\t\t\t\t\t<\/div>\n\t\t<\/section>\n\t\t\t\t<section class=\"elementor-section elementor-top-section elementor-element elementor-element-eff2ecf qodef-elementor-content-grid elementor-section-stretched elementor-section-boxed elementor-section-height-default elementor-section-height-default\" data-id=\"eff2ecf\" data-element_type=\"section\" data-e-type=\"section\" data-settings=\"{&quot;stretch_section&quot;:&quot;section-stretched&quot;}\">\n\t\t\t\t\t\t<div class=\"elementor-container elementor-column-gap-default\">\n\t\t\t\t\t<div class=\"elementor-column elementor-col-100 elementor-top-column elementor-element elementor-element-3bb1d8d\" data-id=\"3bb1d8d\" data-element_type=\"column\" data-e-type=\"column\">\n\t\t\t<div class=\"elementor-widget-wrap elementor-element-populated\">\n\t\t\t\t\t\t<div class=\"elementor-element elementor-element-275e954 elementor-widget elementor-widget-elipsa_core_dropcaps\" data-id=\"275e954\" data-element_type=\"widget\" data-e-type=\"widget\" data-widget_type=\"elipsa_core_dropcaps.default\">\n\t\t\t\t<div class=\"elementor-widget-container\">\n\t\t\t\t\t<div class=\"qodef-shortcode qodef-m qodef-dropcaps qodef-type--simple\">\n\t<span class=\"qodef-m-letter\" ><\/span>\n\t<\/div>\t\t\t\t<\/div>\n\t\t\t\t<\/div>\n\t\t\t\t\t<\/div>\n\t\t<\/div>\n\t\t\t\t\t<\/div>\n\t\t<\/section>\n\t\t\t\t<section class=\"elementor-section elementor-top-section elementor-element elementor-element-877b4b4 elementor-section-stretched elementor-section-boxed elementor-section-height-default elementor-section-height-default qodef-elementor-content-no\" data-id=\"877b4b4\" data-element_type=\"section\" data-e-type=\"section\" data-settings=\"{&quot;stretch_section&quot;:&quot;section-stretched&quot;}\">\n\t\t\t\t\t\t<div class=\"elementor-container elementor-column-gap-default\">\n\t\t\t\t\t<div class=\"elementor-column elementor-col-100 elementor-top-column elementor-element elementor-element-7339132\" data-id=\"7339132\" data-element_type=\"column\" data-e-type=\"column\">\n\t\t\t<div class=\"elementor-widget-wrap elementor-element-populated\">\n\t\t\t\t\t\t<section class=\"elementor-section elementor-inner-section elementor-element elementor-element-a82d9f3 elementor-section-boxed elementor-section-height-default elementor-section-height-default qodef-elementor-content-no\" data-id=\"a82d9f3\" data-element_type=\"section\" data-e-type=\"section\">\n\t\t\t\t\t\t<div class=\"elementor-container elementor-column-gap-default\">\n\t\t\t\t\t<div class=\"elementor-column elementor-col-100 elementor-inner-column elementor-element elementor-element-f04bea3\" data-id=\"f04bea3\" data-element_type=\"column\" data-e-type=\"column\">\n\t\t\t<div class=\"elementor-widget-wrap elementor-element-populated\">\n\t\t\t\t\t\t<div class=\"elementor-element elementor-element-aff1f3f elementor-widget elementor-widget-image\" data-id=\"aff1f3f\" data-element_type=\"widget\" data-e-type=\"widget\" data-widget_type=\"image.default\">\n\t\t\t\t<div class=\"elementor-widget-container\">\n\t\t\t\t\t\t\t\t\t\t\t\t\t\t\t<img fetchpriority=\"high\" decoding=\"async\" width=\"768\" height=\"287\" src=\"https:\/\/arxxitektura.rs\/wp-content\/uploads\/2026\/06\/Marina-Abramovic-i-Ulay-768x287.jpg\" class=\"attachment-medium_large size-medium_large wp-image-18043\" alt=\"Marina Abramovi\u0107 i Ulay na Kineskom zidu\" srcset=\"https:\/\/arxxitektura.rs\/wp-content\/uploads\/2026\/06\/Marina-Abramovic-i-Ulay-768x287.jpg 768w, https:\/\/arxxitektura.rs\/wp-content\/uploads\/2026\/06\/Marina-Abramovic-i-Ulay-300x112.jpg 300w, https:\/\/arxxitektura.rs\/wp-content\/uploads\/2026\/06\/Marina-Abramovic-i-Ulay-18x7.jpg 18w, https:\/\/arxxitektura.rs\/wp-content\/uploads\/2026\/06\/Marina-Abramovic-i-Ulay.jpg 1024w\" sizes=\"(max-width: 768px) 100vw, 768px\" \/>\t\t\t\t\t\t\t\t\t\t\t\t\t\t\t<\/div>\n\t\t\t\t<\/div>\n\t\t\t\t\t<\/div>\n\t\t<\/div>\n\t\t\t\t\t<\/div>\n\t\t<\/section>\n\t\t\t\t<div class=\"elementor-element elementor-element-83a52b7 elementor-widget elementor-widget-text-editor\" data-id=\"83a52b7\" data-element_type=\"widget\" data-e-type=\"widget\" data-widget_type=\"text-editor.default\">\n\t\t\t\t<div class=\"elementor-widget-container\">\n\t\t\t\t\t\t\t\t\t<p>At the entrance to the exhibition space, a film plays, showcasing the final conceptual work with her partner, Ulay (Frank Uwe Laysiepen). They begin from opposite ends of the Great Wall of China, walking toward each other over several days. Marina Abramovi\u0107 is dressed in red, while Ulay wears blue.<\/p>\t\t\t\t\t\t\t\t<\/div>\n\t\t\t\t<\/div>\n\t\t\t\t<div class=\"elementor-element elementor-element-99f3f2f elementor-widget elementor-widget-text-editor\" data-id=\"99f3f2f\" data-element_type=\"widget\" data-e-type=\"widget\" data-widget_type=\"text-editor.default\">\n\t\t\t\t<div class=\"elementor-widget-container\">\n\t\t\t\t\t\t\t\t\t<p>In that period, China was still a communist country, and in 1988 there were no mobile phones, and communication was reduced to an absolute minimum. However, by the end of the journey, rumors reached Marina that led to the termination of this emotional relationship. As she herself explained, when they finally met on the Great Wall of China, it also meant the end of their relationship.\u00a0<\/p><p>Marina Abramovi\u0107\u2019s documentary films offer a deeper look into the events that made this work both historic and legendary, as she shares insights about the making of the broadcast film.<\/p>\t\t\t\t\t\t\t\t<\/div>\n\t\t\t\t<\/div>\n\t\t\t\t\t<\/div>\n\t\t<\/div>\n\t\t\t\t\t<\/div>\n\t\t<\/section>\n\t\t\t\t<section class=\"elementor-section elementor-top-section elementor-element elementor-element-1a9655a elementor-section-stretched elementor-section-boxed elementor-section-height-default elementor-section-height-default qodef-elementor-content-no\" data-id=\"1a9655a\" data-element_type=\"section\" data-e-type=\"section\" data-settings=\"{&quot;stretch_section&quot;:&quot;section-stretched&quot;}\">\n\t\t\t\t\t\t<div class=\"elementor-container elementor-column-gap-default\">\n\t\t\t\t\t<div class=\"elementor-column elementor-col-100 elementor-top-column elementor-element elementor-element-61455f7\" data-id=\"61455f7\" data-element_type=\"column\" data-e-type=\"column\">\n\t\t\t<div class=\"elementor-widget-wrap elementor-element-populated\">\n\t\t\t\t\t\t<div class=\"elementor-element elementor-element-19aeab4 elementor-widget elementor-widget-heading\" data-id=\"19aeab4\" data-element_type=\"widget\" data-e-type=\"widget\" data-widget_type=\"heading.default\">\n\t\t\t\t<div class=\"elementor-widget-container\">\n\t\t\t\t\t<h5 class=\"elementor-heading-title elementor-size-default\">Three-sided screen for contemplation<\/h5>\t\t\t\t<\/div>\n\t\t\t\t<\/div>\n\t\t\t\t\t<\/div>\n\t\t<\/div>\n\t\t\t\t\t<\/div>\n\t\t<\/section>\n\t\t\t\t<section class=\"elementor-section elementor-top-section elementor-element elementor-element-4597b98 elementor-section-boxed elementor-section-height-default elementor-section-height-default qodef-elementor-content-no\" data-id=\"4597b98\" data-element_type=\"section\" data-e-type=\"section\">\n\t\t\t\t\t\t<div class=\"elementor-container elementor-column-gap-default\">\n\t\t\t\t\t<div class=\"elementor-column elementor-col-33 elementor-top-column elementor-element elementor-element-8f0a152\" data-id=\"8f0a152\" data-element_type=\"column\" data-e-type=\"column\">\n\t\t\t<div class=\"elementor-widget-wrap elementor-element-populated\">\n\t\t\t\t\t\t<div class=\"elementor-element elementor-element-a17793a elementor-widget elementor-widget-text-editor\" data-id=\"a17793a\" data-element_type=\"widget\" data-e-type=\"widget\" data-widget_type=\"text-editor.default\">\n\t\t\t\t<div class=\"elementor-widget-container\">\n\t\t\t\t\t\t\t\t\t<p>Red, blue, and yellow colors are offered for contemplation. Chairs are placed in front of these colored panels, and you can choose. Unlike the film, where only red and blue appear, yellow is clearly introduced here as a symbol of a third person or something third. The art objects that appear further explain the emotional moments involved in resolving this energetic life decline.<\/p>\t\t\t\t\t\t\t\t<\/div>\n\t\t\t\t<\/div>\n\t\t\t\t\t<\/div>\n\t\t<\/div>\n\t\t\t\t<div class=\"elementor-column elementor-col-33 elementor-top-column elementor-element elementor-element-ebbe787\" data-id=\"ebbe787\" data-element_type=\"column\" data-e-type=\"column\">\n\t\t\t<div class=\"elementor-widget-wrap elementor-element-populated\">\n\t\t\t\t\t\t<div class=\"elementor-element elementor-element-522c8bd elementor-widget elementor-widget-image\" data-id=\"522c8bd\" data-element_type=\"widget\" data-e-type=\"widget\" data-widget_type=\"image.default\">\n\t\t\t\t<div class=\"elementor-widget-container\">\n\t\t\t\t\t\t\t\t\t\t\t\t<figure class=\"wp-caption\">\n\t\t\t\t\t\t\t\t\t\t<img decoding=\"async\" width=\"574\" height=\"1020\" src=\"https:\/\/arxxitektura.rs\/wp-content\/uploads\/2026\/06\/trostrani-paravan-Marina-Abramovic.jpg\" class=\"attachment-qi_addons_for_elementor_image_size_portrait size-qi_addons_for_elementor_image_size_portrait wp-image-18006\" alt=\"Trostrani paravan Marina Abramovi\u0107\" srcset=\"https:\/\/arxxitektura.rs\/wp-content\/uploads\/2026\/06\/trostrani-paravan-Marina-Abramovic.jpg 574w, https:\/\/arxxitektura.rs\/wp-content\/uploads\/2026\/06\/trostrani-paravan-Marina-Abramovic-169x300.jpg 169w, https:\/\/arxxitektura.rs\/wp-content\/uploads\/2026\/06\/trostrani-paravan-Marina-Abramovic-7x12.jpg 7w\" sizes=\"(max-width: 574px) 100vw, 574px\" \/>\t\t\t\t\t\t\t\t\t\t\t<figcaption class=\"widget-image-caption wp-caption-text\">Three-sided screen Marina Abramovi\u0107<\/figcaption>\n\t\t\t\t\t\t\t\t\t\t<\/figure>\n\t\t\t\t\t\t\t\t\t<\/div>\n\t\t\t\t<\/div>\n\t\t\t\t\t<\/div>\n\t\t<\/div>\n\t\t\t\t<div class=\"elementor-column elementor-col-33 elementor-top-column elementor-element elementor-element-d77bc9e\" data-id=\"d77bc9e\" data-element_type=\"column\" data-e-type=\"column\">\n\t\t\t<div class=\"elementor-widget-wrap elementor-element-populated\">\n\t\t\t\t\t\t<div class=\"elementor-element elementor-element-f858c3c elementor-widget elementor-widget-image\" data-id=\"f858c3c\" data-element_type=\"widget\" data-e-type=\"widget\" data-widget_type=\"image.default\">\n\t\t\t\t<div class=\"elementor-widget-container\">\n\t\t\t\t\t\t\t\t\t\t\t\t<figure class=\"wp-caption\">\n\t\t\t\t\t\t\t\t\t\t<img decoding=\"async\" width=\"574\" height=\"1020\" src=\"https:\/\/arxxitektura.rs\/wp-content\/uploads\/2026\/06\/Ogledalo-za-odlazak-Marina-Abramovic.jpg\" class=\"attachment-qi_addons_for_elementor_image_size_portrait size-qi_addons_for_elementor_image_size_portrait wp-image-18008\" alt=\"Ogledalo za odlazak Marina Abramovi\u0107\" srcset=\"https:\/\/arxxitektura.rs\/wp-content\/uploads\/2026\/06\/Ogledalo-za-odlazak-Marina-Abramovic.jpg 574w, https:\/\/arxxitektura.rs\/wp-content\/uploads\/2026\/06\/Ogledalo-za-odlazak-Marina-Abramovic-169x300.jpg 169w, https:\/\/arxxitektura.rs\/wp-content\/uploads\/2026\/06\/Ogledalo-za-odlazak-Marina-Abramovic-7x12.jpg 7w\" sizes=\"(max-width: 574px) 100vw, 574px\" \/>\t\t\t\t\t\t\t\t\t\t\t<figcaption class=\"widget-image-caption wp-caption-text\">Departure mirror by Marina Abramovi\u0107<\/figcaption>\n\t\t\t\t\t\t\t\t\t\t<\/figure>\n\t\t\t\t\t\t\t\t\t<\/div>\n\t\t\t\t<\/div>\n\t\t\t\t\t<\/div>\n\t\t<\/div>\n\t\t\t\t\t<\/div>\n\t\t<\/section>\n\t\t\t\t<section class=\"elementor-section elementor-top-section elementor-element elementor-element-d618de6 elementor-section-stretched elementor-section-boxed elementor-section-height-default elementor-section-height-default qodef-elementor-content-no\" data-id=\"d618de6\" data-element_type=\"section\" data-e-type=\"section\" data-settings=\"{&quot;stretch_section&quot;:&quot;section-stretched&quot;}\">\n\t\t\t\t\t\t<div class=\"elementor-container elementor-column-gap-default\">\n\t\t\t\t\t<div class=\"elementor-column elementor-col-100 elementor-top-column elementor-element elementor-element-b86dc57\" data-id=\"b86dc57\" data-element_type=\"column\" data-e-type=\"column\">\n\t\t\t<div class=\"elementor-widget-wrap elementor-element-populated\">\n\t\t\t\t\t\t<div class=\"elementor-element elementor-element-b36b6db elementor-widget elementor-widget-heading\" data-id=\"b36b6db\" data-element_type=\"widget\" data-e-type=\"widget\" data-widget_type=\"heading.default\">\n\t\t\t\t<div class=\"elementor-widget-container\">\n\t\t\t\t\t<h5 class=\"elementor-heading-title elementor-size-default\">Marina Abramovi\u0107 presents items for leaving<\/h5>\t\t\t\t<\/div>\n\t\t\t\t<\/div>\n\t\t\t\t<div class=\"elementor-element elementor-element-dfe895a elementor-widget elementor-widget-text-editor\" data-id=\"dfe895a\" data-element_type=\"widget\" data-e-type=\"widget\" data-widget_type=\"text-editor.default\">\n\t\t\t\t<div class=\"elementor-widget-container\">\n\t\t\t\t\t\t\t\t\t<p>Among Antonio Canova's perfect sculptures, an unsightly, gray, indistinct sculpture called Departure Mirror was placed.<\/p><p>The visitor's guide instructs: Look at yourself in this mirror!<\/p><p>But no one can see their image on this polished stone surface. It's a sign to leave. When you no longer see yourself in an emotional relationship, it's time to leave.<\/p><p>Similar to the previous message, leaving shoes won't get you very far, as they are made of marble.<\/p>\t\t\t\t\t\t\t\t<\/div>\n\t\t\t\t<\/div>\n\t\t\t\t<section class=\"elementor-section elementor-inner-section elementor-element elementor-element-401a859 elementor-section-boxed elementor-section-height-default elementor-section-height-default qodef-elementor-content-no\" data-id=\"401a859\" data-element_type=\"section\" data-e-type=\"section\">\n\t\t\t\t\t\t<div class=\"elementor-container elementor-column-gap-default\">\n\t\t\t\t\t<div class=\"elementor-column elementor-col-50 elementor-inner-column elementor-element elementor-element-dd578b6\" data-id=\"dd578b6\" data-element_type=\"column\" data-e-type=\"column\">\n\t\t\t<div class=\"elementor-widget-wrap elementor-element-populated\">\n\t\t\t\t\t\t<div class=\"elementor-element elementor-element-80d8ee3 elementor-widget elementor-widget-image\" data-id=\"80d8ee3\" data-element_type=\"widget\" data-e-type=\"widget\" data-widget_type=\"image.default\">\n\t\t\t\t<div class=\"elementor-widget-container\">\n\t\t\t\t\t\t\t\t\t\t\t\t<figure class=\"wp-caption\">\n\t\t\t\t\t\t\t\t\t\t<img loading=\"lazy\" decoding=\"async\" width=\"574\" height=\"1020\" src=\"https:\/\/arxxitektura.rs\/wp-content\/uploads\/2026\/06\/Cipele-za-odlazak-Marina-Abramovic.jpg\" class=\"attachment-large size-large wp-image-18010\" alt=\"Cipele za odlazak M. Abramovi\u0107\" srcset=\"https:\/\/arxxitektura.rs\/wp-content\/uploads\/2026\/06\/Cipele-za-odlazak-Marina-Abramovic.jpg 574w, https:\/\/arxxitektura.rs\/wp-content\/uploads\/2026\/06\/Cipele-za-odlazak-Marina-Abramovic-169x300.jpg 169w, https:\/\/arxxitektura.rs\/wp-content\/uploads\/2026\/06\/Cipele-za-odlazak-Marina-Abramovic-7x12.jpg 7w\" sizes=\"(max-width: 574px) 100vw, 574px\" \/>\t\t\t\t\t\t\t\t\t\t\t<figcaption class=\"widget-image-caption wp-caption-text\">Departure shoes M. Abramovi\u0107<\/figcaption>\n\t\t\t\t\t\t\t\t\t\t<\/figure>\n\t\t\t\t\t\t\t\t\t<\/div>\n\t\t\t\t<\/div>\n\t\t\t\t\t<\/div>\n\t\t<\/div>\n\t\t\t\t<div class=\"elementor-column elementor-col-50 elementor-inner-column elementor-element elementor-element-dbcf31e\" data-id=\"dbcf31e\" data-element_type=\"column\" data-e-type=\"column\">\n\t\t\t<div class=\"elementor-widget-wrap elementor-element-populated\">\n\t\t\t\t\t\t<div class=\"elementor-element elementor-element-574bea1 elementor-widget__width-initial elementor-widget elementor-widget-image\" data-id=\"574bea1\" data-element_type=\"widget\" data-e-type=\"widget\" data-widget_type=\"image.default\">\n\t\t\t\t<div class=\"elementor-widget-container\">\n\t\t\t\t\t\t\t\t\t\t\t\t<figure class=\"wp-caption\">\n\t\t\t\t\t\t\t\t\t\t<img loading=\"lazy\" decoding=\"async\" width=\"574\" height=\"1020\" src=\"https:\/\/arxxitektura.rs\/wp-content\/uploads\/2026\/06\/Cipele-za-odlazak-M.-Abramovic.jpg\" class=\"attachment-large size-large wp-image-18009\" alt=\"Cipele za odlazak Marina Abramovi\u0107\" srcset=\"https:\/\/arxxitektura.rs\/wp-content\/uploads\/2026\/06\/Cipele-za-odlazak-M.-Abramovic.jpg 574w, https:\/\/arxxitektura.rs\/wp-content\/uploads\/2026\/06\/Cipele-za-odlazak-M.-Abramovic-169x300.jpg 169w, https:\/\/arxxitektura.rs\/wp-content\/uploads\/2026\/06\/Cipele-za-odlazak-M.-Abramovic-7x12.jpg 7w\" sizes=\"(max-width: 574px) 100vw, 574px\" \/>\t\t\t\t\t\t\t\t\t\t\t<figcaption class=\"widget-image-caption wp-caption-text\">Departure shoes Marina Abramovi\u0107<\/figcaption>\n\t\t\t\t\t\t\t\t\t\t<\/figure>\n\t\t\t\t\t\t\t\t\t<\/div>\n\t\t\t\t<\/div>\n\t\t\t\t\t<\/div>\n\t\t<\/div>\n\t\t\t\t\t<\/div>\n\t\t<\/section>\n\t\t\t\t\t<\/div>\n\t\t<\/div>\n\t\t\t\t\t<\/div>\n\t\t<\/section>\n\t\t\t\t<section class=\"elementor-section elementor-top-section elementor-element elementor-element-3188933 elementor-section-stretched elementor-section-boxed elementor-section-height-default elementor-section-height-default qodef-elementor-content-no\" data-id=\"3188933\" data-element_type=\"section\" data-e-type=\"section\" data-settings=\"{&quot;stretch_section&quot;:&quot;section-stretched&quot;}\">\n\t\t\t\t\t\t<div class=\"elementor-container elementor-column-gap-default\">\n\t\t\t\t\t<div class=\"elementor-column elementor-col-100 elementor-top-column elementor-element elementor-element-02c37a5\" data-id=\"02c37a5\" data-element_type=\"column\" data-e-type=\"column\">\n\t\t\t<div class=\"elementor-widget-wrap elementor-element-populated\">\n\t\t\t\t\t\t<div class=\"elementor-element elementor-element-0feb71d elementor-widget elementor-widget-heading\" data-id=\"0feb71d\" data-element_type=\"widget\" data-e-type=\"widget\" data-widget_type=\"heading.default\">\n\t\t\t\t<div class=\"elementor-widget-container\">\n\t\t\t\t\t<h5 class=\"elementor-heading-title elementor-size-default\">Pieta <\/h5>\t\t\t\t<\/div>\n\t\t\t\t<\/div>\n\t\t\t\t<section class=\"elementor-section elementor-inner-section elementor-element elementor-element-61fe6dc elementor-section-boxed elementor-section-height-default elementor-section-height-default qodef-elementor-content-no\" data-id=\"61fe6dc\" data-element_type=\"section\" data-e-type=\"section\">\n\t\t\t\t\t\t<div class=\"elementor-container elementor-column-gap-default\">\n\t\t\t\t\t<div class=\"elementor-column elementor-col-50 elementor-inner-column elementor-element elementor-element-19dfdac\" data-id=\"19dfdac\" data-element_type=\"column\" data-e-type=\"column\">\n\t\t\t<div class=\"elementor-widget-wrap elementor-element-populated\">\n\t\t\t\t\t\t<div class=\"elementor-element elementor-element-f0a71d2 elementor-widget elementor-widget-text-editor\" data-id=\"f0a71d2\" data-element_type=\"widget\" data-e-type=\"widget\" data-widget_type=\"text-editor.default\">\n\t\t\t\t<div class=\"elementor-widget-container\">\n\t\t\t\t\t\t\t\t\t<p>A special spot in the exhibition was dedicated to Marina\u2019s photography, showing her holding the body of her partner Ulay in a seated pose. Inspired by Michelangelo\u2019s Piet\u00e0 from St. Peter\u2019s Basilica in Rome, the positioning and attire echo the iconic sculpture. Marina sits in a similar stance, dressed in an oversized, flowing gown, while Ulay, depicted as Christ, reflects the deep significance of his loss to her.<\/p>\t\t\t\t\t\t\t\t<\/div>\n\t\t\t\t<\/div>\n\t\t\t\t<div class=\"elementor-element elementor-element-11753ee elementor-widget elementor-widget-image\" data-id=\"11753ee\" data-element_type=\"widget\" data-e-type=\"widget\" data-widget_type=\"image.default\">\n\t\t\t\t<div class=\"elementor-widget-container\">\n\t\t\t\t\t\t\t\t\t\t\t\t<figure class=\"wp-caption\">\n\t\t\t\t\t\t\t\t\t\t<img loading=\"lazy\" decoding=\"async\" width=\"574\" height=\"650\" src=\"https:\/\/arxxitektura.rs\/wp-content\/uploads\/2026\/06\/Pieta-Marina-Abramovic-574x650.jpg\" class=\"attachment-qi_addons_for_elementor_image_size_square size-qi_addons_for_elementor_image_size_square wp-image-18004\" alt=\"Marina Abramovi\u0107 Pieta\" \/>\t\t\t\t\t\t\t\t\t\t\t<figcaption class=\"widget-image-caption wp-caption-text\">Marina Abramovi\u0107 Pieta<\/figcaption>\n\t\t\t\t\t\t\t\t\t\t<\/figure>\n\t\t\t\t\t\t\t\t\t<\/div>\n\t\t\t\t<\/div>\n\t\t\t\t\t<\/div>\n\t\t<\/div>\n\t\t\t\t<div class=\"elementor-column elementor-col-50 elementor-inner-column elementor-element elementor-element-2a62ae8\" data-id=\"2a62ae8\" data-element_type=\"column\" data-e-type=\"column\">\n\t\t\t<div class=\"elementor-widget-wrap elementor-element-populated\">\n\t\t\t\t\t\t<div class=\"elementor-element elementor-element-64ad06e elementor-widget elementor-widget-image\" data-id=\"64ad06e\" data-element_type=\"widget\" data-e-type=\"widget\" data-widget_type=\"image.default\">\n\t\t\t\t<div class=\"elementor-widget-container\">\n\t\t\t\t\t\t\t\t\t\t\t\t<figure class=\"wp-caption\">\n\t\t\t\t\t\t\t\t\t\t<img loading=\"lazy\" decoding=\"async\" width=\"574\" height=\"1020\" src=\"https:\/\/arxxitektura.rs\/wp-content\/uploads\/2026\/06\/Merdevine-Marina-Abramovic.jpg\" class=\"attachment-qi_addons_for_elementor_image_size_portrait size-qi_addons_for_elementor_image_size_portrait wp-image-18007\" alt=\"Merdevine Marina Abramovi\u0107\" srcset=\"https:\/\/arxxitektura.rs\/wp-content\/uploads\/2026\/06\/Merdevine-Marina-Abramovic.jpg 574w, https:\/\/arxxitektura.rs\/wp-content\/uploads\/2026\/06\/Merdevine-Marina-Abramovic-169x300.jpg 169w, https:\/\/arxxitektura.rs\/wp-content\/uploads\/2026\/06\/Merdevine-Marina-Abramovic-7x12.jpg 7w\" sizes=\"(max-width: 574px) 100vw, 574px\" \/>\t\t\t\t\t\t\t\t\t\t\t<figcaption class=\"widget-image-caption wp-caption-text\">Ladder Marina Abramovi\u0107<\/figcaption>\n\t\t\t\t\t\t\t\t\t\t<\/figure>\n\t\t\t\t\t\t\t\t\t<\/div>\n\t\t\t\t<\/div>\n\t\t\t\t\t<\/div>\n\t\t<\/div>\n\t\t\t\t\t<\/div>\n\t\t<\/section>\n\t\t\t\t\t<\/div>\n\t\t<\/div>\n\t\t\t\t\t<\/div>\n\t\t<\/section>\n\t\t\t\t<\/div>","protected":false},"excerpt":{"rendered":"<p>Izlo\u017eba Transformisanje energije predstavlja te\u017enje umetnice za uspostavljanje sopstvenog energetskog balansa nakon te\u0161kih emotivnih momenata. <\/p>","protected":false},"author":1,"featured_media":18042,"comment_status":"closed","ping_status":"open","sticky":false,"template":"","format":"video","meta":{"_jetpack_newsletter_access":"","_jetpack_dont_email_post_to_subs":false,"_jetpack_newsletter_tier_id":0,"_jetpack_memberships_contains_paywalled_content":false,"_jetpack_memberships_contains_paid_content":false,"footnotes":""},"categories":[26],"tags":[102],"class_list":["post-17978","post","type-post","status-publish","format-video","has-post-thumbnail","hentry","category-srbija-balkan","tag-venecija","post_format-post-format-video"],"yoast_head":"<!-- This site is optimized with the Yoast SEO plugin v28.4 - https:\/\/yoast.com\/product\/yoast-seo-wordpress\/ -->\n<title>Marina Abramovi\u0107 lekcije iz emocija &#8902; ARXXITEKTURA<\/title>\n<meta name=\"description\" content=\"Marina Abramovi\u0107 nosi crveno, a Ulay plavo. Oni polaze sa dve suprotne strane Kineskog zida, idu\u0107i jedno drugom u susret danima.\" \/>\n<meta name=\"robots\" content=\"index, follow, max-snippet:-1, max-image-preview:large, max-video-preview:-1\" \/>\n<link rel=\"canonical\" href=\"https:\/\/arxxitektura.rs\/en\/marina-abramovic-lekcije-iz-emocija\/\" \/>\n<meta property=\"og:locale\" content=\"en_US\" \/>\n<meta property=\"og:type\" content=\"article\" \/>\n<meta property=\"og:title\" content=\"Marina Abramovi\u0107 lekcije iz emocija &#8902; ARXXITEKTURA\" \/>\n<meta property=\"og:description\" content=\"Marina Abramovi\u0107 nosi crveno, a Ulay plavo. Oni polaze sa dve suprotne strane Kineskog zida, idu\u0107i jedno drugom u susret danima.\" \/>\n<meta property=\"og:url\" content=\"https:\/\/arxxitektura.rs\/en\/marina-abramovic-lekcije-iz-emocija\/\" \/>\n<meta property=\"og:site_name\" content=\"ARXXITEKTURA\" \/>\n<meta property=\"article:published_time\" content=\"2026-06-13T07:18:16+00:00\" \/>\n<meta property=\"og:image\" content=\"https:\/\/arxxitektura.rs\/wp-content\/uploads\/2026\/06\/Marina-Abramovic-Open.jpg\" \/>\n\t<meta property=\"og:image:width\" content=\"599\" \/>\n\t<meta property=\"og:image:height\" content=\"600\" \/>\n\t<meta property=\"og:image:type\" content=\"image\/jpeg\" \/>\n<meta name=\"author\" content=\"arxxi_admin\" \/>\n<meta name=\"twitter:card\" content=\"summary_large_image\" \/>\n<meta name=\"twitter:label1\" content=\"Written by\" \/>\n\t<meta name=\"twitter:data1\" content=\"arxxi_admin\" \/>\n\t<meta name=\"twitter:label2\" content=\"Est. reading time\" \/>\n\t<meta name=\"twitter:data2\" content=\"7 minutes\" \/>\n<script type=\"application\/ld+json\" class=\"yoast-schema-graph\">{\"@context\":\"https:\\\/\\\/schema.org\",\"@graph\":[{\"@type\":\"Article\",\"@id\":\"https:\\\/\\\/arxxitektura.rs\\\/marina-abramovic-lekcije-iz-emocija\\\/#article\",\"isPartOf\":{\"@id\":\"https:\\\/\\\/arxxitektura.rs\\\/marina-abramovic-lekcije-iz-emocija\\\/\"},\"author\":{\"name\":\"arxxi_admin\",\"@id\":\"https:\\\/\\\/arxxitektura.rs\\\/#\\\/schema\\\/person\\\/4d705f725a59e45c7211c1b818ba95c1\"},\"headline\":\"Marina Abramovi\u0107 lekcije iz emocija\",\"datePublished\":\"2026-06-13T07:18:16+00:00\",\"mainEntityOfPage\":{\"@id\":\"https:\\\/\\\/arxxitektura.rs\\\/marina-abramovic-lekcije-iz-emocija\\\/\"},\"wordCount\":558,\"publisher\":{\"@id\":\"https:\\\/\\\/arxxitektura.rs\\\/#\\\/schema\\\/person\\\/4d705f725a59e45c7211c1b818ba95c1\"},\"image\":{\"@id\":\"https:\\\/\\\/arxxitektura.rs\\\/marina-abramovic-lekcije-iz-emocija\\\/#primaryimage\"},\"thumbnailUrl\":\"https:\\\/\\\/arxxitektura.rs\\\/wp-content\\\/uploads\\\/2026\\\/06\\\/Marina-Abramovic-Open.jpg\",\"keywords\":[\"Venecija\"],\"articleSection\":[\"Srbija Balkan\"],\"inLanguage\":\"en-US\"},{\"@type\":\"WebPage\",\"@id\":\"https:\\\/\\\/arxxitektura.rs\\\/marina-abramovic-lekcije-iz-emocija\\\/\",\"url\":\"https:\\\/\\\/arxxitektura.rs\\\/marina-abramovic-lekcije-iz-emocija\\\/\",\"name\":\"Marina Abramovi\u0107 lekcije iz emocija &#8902; ARXXITEKTURA\",\"isPartOf\":{\"@id\":\"https:\\\/\\\/arxxitektura.rs\\\/#website\"},\"primaryImageOfPage\":{\"@id\":\"https:\\\/\\\/arxxitektura.rs\\\/marina-abramovic-lekcije-iz-emocija\\\/#primaryimage\"},\"image\":{\"@id\":\"https:\\\/\\\/arxxitektura.rs\\\/marina-abramovic-lekcije-iz-emocija\\\/#primaryimage\"},\"thumbnailUrl\":\"https:\\\/\\\/arxxitektura.rs\\\/wp-content\\\/uploads\\\/2026\\\/06\\\/Marina-Abramovic-Open.jpg\",\"datePublished\":\"2026-06-13T07:18:16+00:00\",\"description\":\"Marina Abramovi\u0107 nosi crveno, a Ulay plavo. Oni polaze sa dve suprotne strane Kineskog zida, idu\u0107i jedno drugom u susret danima.\",\"breadcrumb\":{\"@id\":\"https:\\\/\\\/arxxitektura.rs\\\/marina-abramovic-lekcije-iz-emocija\\\/#breadcrumb\"},\"inLanguage\":\"en-US\",\"potentialAction\":[{\"@type\":\"ReadAction\",\"target\":[\"https:\\\/\\\/arxxitektura.rs\\\/marina-abramovic-lekcije-iz-emocija\\\/\"]}]},{\"@type\":\"ImageObject\",\"inLanguage\":\"en-US\",\"@id\":\"https:\\\/\\\/arxxitektura.rs\\\/marina-abramovic-lekcije-iz-emocija\\\/#primaryimage\",\"url\":\"https:\\\/\\\/arxxitektura.rs\\\/wp-content\\\/uploads\\\/2026\\\/06\\\/Marina-Abramovic-Open.jpg\",\"contentUrl\":\"https:\\\/\\\/arxxitektura.rs\\\/wp-content\\\/uploads\\\/2026\\\/06\\\/Marina-Abramovic-Open.jpg\",\"width\":599,\"height\":600,\"caption\":\"Marina Abramovi\u0107 Pieta open\"},{\"@type\":\"BreadcrumbList\",\"@id\":\"https:\\\/\\\/arxxitektura.rs\\\/marina-abramovic-lekcije-iz-emocija\\\/#breadcrumb\",\"itemListElement\":[{\"@type\":\"ListItem\",\"position\":1,\"name\":\"Home\",\"item\":\"https:\\\/\\\/arxxitektura.rs\\\/\"},{\"@type\":\"ListItem\",\"position\":2,\"name\":\"Marina Abramovi\u0107 lekcije iz emocija\"}]},{\"@type\":\"WebSite\",\"@id\":\"https:\\\/\\\/arxxitektura.rs\\\/#website\",\"url\":\"https:\\\/\\\/arxxitektura.rs\\\/\",\"name\":\"ARXXITEKTURA\",\"description\":\"Blog  Umetnost Kontrasta\",\"publisher\":{\"@id\":\"https:\\\/\\\/arxxitektura.rs\\\/#\\\/schema\\\/person\\\/4d705f725a59e45c7211c1b818ba95c1\"},\"potentialAction\":[{\"@type\":\"SearchAction\",\"target\":{\"@type\":\"EntryPoint\",\"urlTemplate\":\"https:\\\/\\\/arxxitektura.rs\\\/?s={search_term_string}\"},\"query-input\":{\"@type\":\"PropertyValueSpecification\",\"valueRequired\":true,\"valueName\":\"search_term_string\"}}],\"inLanguage\":\"en-US\"},{\"@type\":[\"Person\",\"Organization\"],\"@id\":\"https:\\\/\\\/arxxitektura.rs\\\/#\\\/schema\\\/person\\\/4d705f725a59e45c7211c1b818ba95c1\",\"name\":\"arxxi_admin\",\"image\":{\"@type\":\"ImageObject\",\"inLanguage\":\"en-US\",\"@id\":\"https:\\\/\\\/arxxitektura.rs\\\/wp-content\\\/uploads\\\/2021\\\/06\\\/portret-za-avatar.jpg\",\"url\":\"https:\\\/\\\/arxxitektura.rs\\\/wp-content\\\/uploads\\\/2021\\\/06\\\/portret-za-avatar.jpg\",\"contentUrl\":\"https:\\\/\\\/arxxitektura.rs\\\/wp-content\\\/uploads\\\/2021\\\/06\\\/portret-za-avatar.jpg\",\"width\":281,\"height\":500,\"caption\":\"arxxi_admin\"},\"logo\":{\"@id\":\"https:\\\/\\\/arxxitektura.rs\\\/wp-content\\\/uploads\\\/2021\\\/06\\\/portret-za-avatar.jpg\"},\"description\":\"Arhitekta po obrazovanju . Istra\u017eujem teoretske osnove izgradnje savremenih objekata u istorijskom gradskom jezgru . Za\u0161tita istorijskog nasle\u0111a kroz revitalizaciju - novi \u017eivot za stare objekte .\",\"sameAs\":[\"https:\\\/\\\/arxxitektura.rs\",\"https:\\\/\\\/www.instagram.com\\\/arxxitekt\\\/\",\"https:\\\/\\\/www.pinterest.com\\\/artofcontrasting\\\/\",\"https:\\\/\\\/www.youtube.com\\\/channel\\\/UCAQHSoecXQ2ppMNFcrAO-4w\"]}]}<\/script>\n<!-- \/ Yoast SEO plugin. -->","yoast_head_json":{"title":"Marina Abramovi\u0107 lekcije iz emocija &#8902; ARXXITEKTURA","description":"Marina Abramovi\u0107 nosi crveno, a Ulay plavo. Oni polaze sa dve suprotne strane Kineskog zida, idu\u0107i jedno drugom u susret danima.","robots":{"index":"index","follow":"follow","max-snippet":"max-snippet:-1","max-image-preview":"max-image-preview:large","max-video-preview":"max-video-preview:-1"},"canonical":"https:\/\/arxxitektura.rs\/en\/marina-abramovic-lekcije-iz-emocija\/","og_locale":"en_US","og_type":"article","og_title":"Marina Abramovi\u0107 lekcije iz emocija &#8902; ARXXITEKTURA","og_description":"Marina Abramovi\u0107 nosi crveno, a Ulay plavo. Oni polaze sa dve suprotne strane Kineskog zida, idu\u0107i jedno drugom u susret danima.","og_url":"https:\/\/arxxitektura.rs\/en\/marina-abramovic-lekcije-iz-emocija\/","og_site_name":"ARXXITEKTURA","article_published_time":"2026-06-13T07:18:16+00:00","og_image":[{"width":599,"height":600,"url":"https:\/\/arxxitektura.rs\/wp-content\/uploads\/2026\/06\/Marina-Abramovic-Open.jpg","type":"image\/jpeg"}],"author":"arxxi_admin","twitter_card":"summary_large_image","twitter_misc":{"Written by":"arxxi_admin","Est. reading time":"7 minutes"},"schema":{"@context":"https:\/\/schema.org","@graph":[{"@type":"Article","@id":"https:\/\/arxxitektura.rs\/marina-abramovic-lekcije-iz-emocija\/#article","isPartOf":{"@id":"https:\/\/arxxitektura.rs\/marina-abramovic-lekcije-iz-emocija\/"},"author":{"name":"arxxi_admin","@id":"https:\/\/arxxitektura.rs\/#\/schema\/person\/4d705f725a59e45c7211c1b818ba95c1"},"headline":"Marina Abramovi\u0107 lekcije iz emocija","datePublished":"2026-06-13T07:18:16+00:00","mainEntityOfPage":{"@id":"https:\/\/arxxitektura.rs\/marina-abramovic-lekcije-iz-emocija\/"},"wordCount":558,"publisher":{"@id":"https:\/\/arxxitektura.rs\/#\/schema\/person\/4d705f725a59e45c7211c1b818ba95c1"},"image":{"@id":"https:\/\/arxxitektura.rs\/marina-abramovic-lekcije-iz-emocija\/#primaryimage"},"thumbnailUrl":"https:\/\/arxxitektura.rs\/wp-content\/uploads\/2026\/06\/Marina-Abramovic-Open.jpg","keywords":["Venecija"],"articleSection":["Srbija Balkan"],"inLanguage":"en-US"},{"@type":"WebPage","@id":"https:\/\/arxxitektura.rs\/marina-abramovic-lekcije-iz-emocija\/","url":"https:\/\/arxxitektura.rs\/marina-abramovic-lekcije-iz-emocija\/","name":"Marina Abramovi\u0107 lekcije iz emocija &#8902; ARXXITEKTURA","isPartOf":{"@id":"https:\/\/arxxitektura.rs\/#website"},"primaryImageOfPage":{"@id":"https:\/\/arxxitektura.rs\/marina-abramovic-lekcije-iz-emocija\/#primaryimage"},"image":{"@id":"https:\/\/arxxitektura.rs\/marina-abramovic-lekcije-iz-emocija\/#primaryimage"},"thumbnailUrl":"https:\/\/arxxitektura.rs\/wp-content\/uploads\/2026\/06\/Marina-Abramovic-Open.jpg","datePublished":"2026-06-13T07:18:16+00:00","description":"Marina Abramovi\u0107 nosi crveno, a Ulay plavo. Oni polaze sa dve suprotne strane Kineskog zida, idu\u0107i jedno drugom u susret danima.","breadcrumb":{"@id":"https:\/\/arxxitektura.rs\/marina-abramovic-lekcije-iz-emocija\/#breadcrumb"},"inLanguage":"en-US","potentialAction":[{"@type":"ReadAction","target":["https:\/\/arxxitektura.rs\/marina-abramovic-lekcije-iz-emocija\/"]}]},{"@type":"ImageObject","inLanguage":"en-US","@id":"https:\/\/arxxitektura.rs\/marina-abramovic-lekcije-iz-emocija\/#primaryimage","url":"https:\/\/arxxitektura.rs\/wp-content\/uploads\/2026\/06\/Marina-Abramovic-Open.jpg","contentUrl":"https:\/\/arxxitektura.rs\/wp-content\/uploads\/2026\/06\/Marina-Abramovic-Open.jpg","width":599,"height":600,"caption":"Marina Abramovi\u0107 Pieta open"},{"@type":"BreadcrumbList","@id":"https:\/\/arxxitektura.rs\/marina-abramovic-lekcije-iz-emocija\/#breadcrumb","itemListElement":[{"@type":"ListItem","position":1,"name":"Home","item":"https:\/\/arxxitektura.rs\/"},{"@type":"ListItem","position":2,"name":"Marina Abramovi\u0107 lekcije iz emocija"}]},{"@type":"WebSite","@id":"https:\/\/arxxitektura.rs\/#website","url":"https:\/\/arxxitektura.rs\/","name":"ARXXITEKTURA","description":"Blog  Umetnost Kontrasta","publisher":{"@id":"https:\/\/arxxitektura.rs\/#\/schema\/person\/4d705f725a59e45c7211c1b818ba95c1"},"potentialAction":[{"@type":"SearchAction","target":{"@type":"EntryPoint","urlTemplate":"https:\/\/arxxitektura.rs\/?s={search_term_string}"},"query-input":{"@type":"PropertyValueSpecification","valueRequired":true,"valueName":"search_term_string"}}],"inLanguage":"en-US"},{"@type":["Person","Organization"],"@id":"https:\/\/arxxitektura.rs\/#\/schema\/person\/4d705f725a59e45c7211c1b818ba95c1","name":"arxxi_admin","image":{"@type":"ImageObject","inLanguage":"en-US","@id":"https:\/\/arxxitektura.rs\/wp-content\/uploads\/2021\/06\/portret-za-avatar.jpg","url":"https:\/\/arxxitektura.rs\/wp-content\/uploads\/2021\/06\/portret-za-avatar.jpg","contentUrl":"https:\/\/arxxitektura.rs\/wp-content\/uploads\/2021\/06\/portret-za-avatar.jpg","width":281,"height":500,"caption":"arxxi_admin"},"logo":{"@id":"https:\/\/arxxitektura.rs\/wp-content\/uploads\/2021\/06\/portret-za-avatar.jpg"},"description":"Architect by education. I am researching the theoretical foundations of the construction of modern buildings in the historic city core. Protection of historical heritage through revitalization - new life for old buildings.","sameAs":["https:\/\/arxxitektura.rs","https:\/\/www.instagram.com\/arxxitekt\/","https:\/\/www.pinterest.com\/artofcontrasting\/","https:\/\/www.youtube.com\/channel\/UCAQHSoecXQ2ppMNFcrAO-4w"]}]}},"jetpack_sharing_enabled":true,"jetpack_featured_media_url":"https:\/\/arxxitektura.rs\/wp-content\/uploads\/2026\/06\/Marina-Abramovic-Open.jpg","_links":{"self":[{"href":"https:\/\/arxxitektura.rs\/en\/wp-json\/wp\/v2\/posts\/17978","targetHints":{"allow":["GET"]}}],"collection":[{"href":"https:\/\/arxxitektura.rs\/en\/wp-json\/wp\/v2\/posts"}],"about":[{"href":"https:\/\/arxxitektura.rs\/en\/wp-json\/wp\/v2\/types\/post"}],"author":[{"embeddable":true,"href":"https:\/\/arxxitektura.rs\/en\/wp-json\/wp\/v2\/users\/1"}],"replies":[{"embeddable":true,"href":"https:\/\/arxxitektura.rs\/en\/wp-json\/wp\/v2\/comments?post=17978"}],"version-history":[{"count":73,"href":"https:\/\/arxxitektura.rs\/en\/wp-json\/wp\/v2\/posts\/17978\/revisions"}],"predecessor-version":[{"id":18060,"href":"https:\/\/arxxitektura.rs\/en\/wp-json\/wp\/v2\/posts\/17978\/revisions\/18060"}],"wp:featuredmedia":[{"embeddable":true,"href":"https:\/\/arxxitektura.rs\/en\/wp-json\/wp\/v2\/media\/18042"}],"wp:attachment":[{"href":"https:\/\/arxxitektura.rs\/en\/wp-json\/wp\/v2\/media?parent=17978"}],"wp:term":[{"taxonomy":"category","embeddable":true,"href":"https:\/\/arxxitektura.rs\/en\/wp-json\/wp\/v2\/categories?post=17978"},{"taxonomy":"post_tag","embeddable":true,"href":"https:\/\/arxxitektura.rs\/en\/wp-json\/wp\/v2\/tags?post=17978"}],"curies":[{"name":"wp","href":"https:\/\/api.w.org\/{rel}","templated":true}]}}