{"id":18079,"date":"2026-06-22T13:00:00","date_gmt":"2026-06-22T11:00:00","guid":{"rendered":"https:\/\/arxxitektura.rs\/?p=18079"},"modified":"2026-06-22T13:01:19","modified_gmt":"2026-06-22T11:01:19","slug":"anish-kapoor-je-svetska-umetnicka-zvezda","status":"publish","type":"post","link":"https:\/\/arxxitektura.rs\/en\/anish-kapoor-je-svetska-umetnicka-zvezda\/","title":{"rendered":"Anish Kapoor je svetska umetni\u010dka zvezda"},"content":{"rendered":"<div data-elementor-type=\"wp-post\" data-elementor-id=\"18079\" class=\"elementor elementor-18079\">\n\t\t\t\t\t\t<section class=\"elementor-section elementor-top-section elementor-element elementor-element-1d582b3 elementor-section-boxed elementor-section-height-default elementor-section-height-default qodef-elementor-content-no\" data-id=\"1d582b3\" data-element_type=\"section\" data-e-type=\"section\">\n\t\t\t\t\t\t<div class=\"elementor-container elementor-column-gap-default\">\n\t\t\t\t\t<div class=\"elementor-column elementor-col-100 elementor-top-column elementor-element elementor-element-c9afcb5\" data-id=\"c9afcb5\" data-element_type=\"column\" data-e-type=\"column\">\n\t\t\t<div class=\"elementor-widget-wrap elementor-element-populated\">\n\t\t\t\t\t\t<div class=\"elementor-element elementor-element-0eefaf5 elementor-widget elementor-widget-elipsa_core_dropcaps\" data-id=\"0eefaf5\" data-element_type=\"widget\" data-e-type=\"widget\" data-widget_type=\"elipsa_core_dropcaps.default\">\n\t\t\t\t<div class=\"elementor-widget-container\">\n\t\t\t\t\t<div class=\"qodef-shortcode qodef-m qodef-dropcaps qodef-type--simple\">\n\t<span class=\"qodef-m-letter\" >A<\/span>\n\t\t\t<p class=\"qodef-m-text\" >nish Kapoor britanac, indijskog porekla jedan je od vode\u0107ih svetskih umetnika danas. Izla\u017ee u najpoznatijim svetskim galerijama i muzejima, a ja sam  imala prilike da po drugi put pogledam njegovu izlo\u017ebu u Veneciji. Ove godine postavljena je, paralelno sa Venecijanskim bijenalom, u Palati Manfrin.<\/p>\n\t<\/div>\t\t\t\t<\/div>\n\t\t\t\t<\/div>\n\t\t\t\t<div class=\"elementor-element elementor-element-9a5388e elementor-widget elementor-widget-heading\" data-id=\"9a5388e\" data-element_type=\"widget\" data-e-type=\"widget\" data-widget_type=\"heading.default\">\n\t\t\t\t<div class=\"elementor-widget-container\">\n\t\t\t\t\t<h4 class=\"elementor-heading-title elementor-size-default\">Izlo\u017eba u Galeriji Akademija, Venecija 2022.<\/h4>\t\t\t\t<\/div>\n\t\t\t\t<\/div>\n\t\t\t\t<div class=\"elementor-element elementor-element-823fac2 elementor-widget elementor-widget-text-editor\" data-id=\"823fac2\" data-element_type=\"widget\" data-e-type=\"widget\" data-widget_type=\"text-editor.default\">\n\t\t\t\t<div class=\"elementor-widget-container\">\n\t\t\t\t\t\t\t\t\t<p>Prvi video kojim sam predstavila rad Anish Kapoora snimljen je u jednom od najpresti\u017enijih muzeja u Veneciji. <a href=\"https:\/\/arxxitektura.rs\/en\/malevic-ili-sta-predstavlja-crni-kvadrat\/\" target=\"_blank\" rel=\"noopener\"><strong>Motiv kruga, po kome je poznat, stavljen je u kontrast sa Malevi\u010devim \u201cCrnim kvadratom\u201d.<\/strong><\/a> Tu je temu detaljno razradio igraju\u0107i se sa nereflektuju\u0107om crnom bojom kojom je stavaro Iluziju dvodimenzionalnosti. Tako je navodio posmatra\u010da da proveri da li je predstavljeni objekat zaista kompletan ili treba pro\u0161etati uokolo i sagledati ga iz vi\u0161e uglova.<\/p>\t\t\t\t\t\t\t\t<\/div>\n\t\t\t\t<\/div>\n\t\t\t\t\t<\/div>\n\t\t<\/div>\n\t\t\t\t\t<\/div>\n\t\t<\/section>\n\t\t\t\t<section class=\"elementor-section elementor-top-section elementor-element elementor-element-8e34a23 elementor-section-boxed elementor-section-height-default elementor-section-height-default qodef-elementor-content-no\" data-id=\"8e34a23\" data-element_type=\"section\" data-e-type=\"section\">\n\t\t\t\t\t\t<div class=\"elementor-container elementor-column-gap-default\">\n\t\t\t\t\t<div class=\"elementor-column elementor-col-100 elementor-top-column elementor-element elementor-element-f41383b\" data-id=\"f41383b\" data-element_type=\"column\" data-e-type=\"column\">\n\t\t\t<div class=\"elementor-widget-wrap elementor-element-populated\">\n\t\t\t\t\t\t<div class=\"elementor-element elementor-element-a33cab7 elementor-widget elementor-widget-video\" data-id=\"a33cab7\" data-element_type=\"widget\" data-e-type=\"widget\" data-settings=\"{&quot;youtube_url&quot;:&quot;https:\\\/\\\/youtu.be\\\/Z7FvP9TdH68&quot;,&quot;video_type&quot;:&quot;youtube&quot;,&quot;controls&quot;:&quot;yes&quot;}\" data-widget_type=\"video.default\">\n\t\t\t\t<div class=\"elementor-widget-container\">\n\t\t\t\t\t\t\t<div class=\"elementor-wrapper elementor-open-inline\">\n\t\t\t<div class=\"elementor-video\"><\/div>\t\t<\/div>\n\t\t\t\t\t\t<\/div>\n\t\t\t\t<\/div>\n\t\t\t\t\t<\/div>\n\t\t<\/div>\n\t\t\t\t\t<\/div>\n\t\t<\/section>\n\t\t\t\t<section class=\"elementor-section elementor-top-section elementor-element elementor-element-4ae0e06 elementor-section-boxed elementor-section-height-default elementor-section-height-default qodef-elementor-content-no\" data-id=\"4ae0e06\" data-element_type=\"section\" data-e-type=\"section\">\n\t\t\t\t\t\t<div class=\"elementor-container elementor-column-gap-default\">\n\t\t\t\t\t<div class=\"elementor-column elementor-col-100 elementor-top-column elementor-element elementor-element-233d510\" data-id=\"233d510\" data-element_type=\"column\" data-e-type=\"column\">\n\t\t\t<div class=\"elementor-widget-wrap elementor-element-populated\">\n\t\t\t\t\t\t<div class=\"elementor-element elementor-element-2e1c008 elementor-widget elementor-widget-heading\" data-id=\"2e1c008\" data-element_type=\"widget\" data-e-type=\"widget\" data-widget_type=\"heading.default\">\n\t\t\t\t<div class=\"elementor-widget-container\">\n\t\t\t\t\t<h4 class=\"elementor-heading-title elementor-size-default\">Izlo\u017eba Anish Kapoor u Palati Manfrin, Venecija 2026.<\/h4>\t\t\t\t<\/div>\n\t\t\t\t<\/div>\n\t\t\t\t\t<\/div>\n\t\t<\/div>\n\t\t\t\t\t<\/div>\n\t\t<\/section>\n\t\t\t\t<section class=\"elementor-section elementor-top-section elementor-element elementor-element-0c45456 elementor-section-boxed elementor-section-height-default elementor-section-height-default qodef-elementor-content-no\" data-id=\"0c45456\" data-element_type=\"section\" data-e-type=\"section\">\n\t\t\t\t\t\t<div class=\"elementor-container elementor-column-gap-default\">\n\t\t\t\t\t<div class=\"elementor-column elementor-col-50 elementor-top-column elementor-element elementor-element-7900175\" data-id=\"7900175\" data-element_type=\"column\" data-e-type=\"column\">\n\t\t\t<div class=\"elementor-widget-wrap elementor-element-populated\">\n\t\t\t\t\t\t<div class=\"elementor-element elementor-element-345cb63 elementor-widget elementor-widget-video\" data-id=\"345cb63\" data-element_type=\"widget\" data-e-type=\"widget\" data-settings=\"{&quot;video_type&quot;:&quot;hosted&quot;,&quot;controls&quot;:&quot;yes&quot;}\" data-widget_type=\"video.default\">\n\t\t\t\t<div class=\"elementor-widget-container\">\n\t\t\t\t\t\t\t<div class=\"e-hosted-video elementor-wrapper elementor-open-inline\">\n\t\t\t\t\t<video class=\"elementor-video\" src=\"https:\/\/arxxitektura.rs\/wp-content\/uploads\/2026\/06\/Anish-Kapoor-in-contrast-rs.mp4\" controls=\"\" preload=\"metadata\" controlslist=\"nodownload\" poster=\"https:\/\/arxxitektura.rs\/wp-content\/uploads\/2026\/06\/Anish-Kapoor-lopta.jpg\"><\/video>\n\t\t\t\t<\/div>\n\t\t\t\t\t\t<\/div>\n\t\t\t\t<\/div>\n\t\t\t\t\t<\/div>\n\t\t<\/div>\n\t\t\t\t<div class=\"elementor-column elementor-col-50 elementor-top-column elementor-element elementor-element-f62d33a\" data-id=\"f62d33a\" data-element_type=\"column\" data-e-type=\"column\">\n\t\t\t<div class=\"elementor-widget-wrap elementor-element-populated\">\n\t\t\t\t\t\t<div class=\"elementor-element elementor-element-a677f4b elementor-widget elementor-widget-text-editor\" data-id=\"a677f4b\" data-element_type=\"widget\" data-e-type=\"widget\" data-widget_type=\"text-editor.default\">\n\t\t\t\t<div class=\"elementor-widget-container\">\n\t\t\t\t\t\t\t\t\t<p>Umetnik se ponovo poigrao ovim opti\u010dkim iluzijama na izlo\u017ebi. Ali krenimo od po\u010detka, jer ve\u0107 od prizemlja kontrast je prisutan.<\/p><p>Ulazna prostorija skoro u potpunosti je ispunjena gomilama organskog oblika. Naslage materijala izgledaju kao da ih je izbacio pokvareni 3D \u0161tamapa\u010d.<\/p><p>\u00a0Odavde se pristupa prostoriji sa najprepoznatljivijim skulpturama za ovog umetnika- ogledalski perfektnih povr\u0161ina. Lopta krije iznenadjenje i treba je sagledati sa svih strana. Sa njene druge strane nalazi se pravilno udubljenje koje stvara obrnutu sliku u ogledalu.<\/p><p>Loptasti i elipsoidni polirani oblici su vrhunac rada Anish Kapoora. On se posvetio toj igri konkavno\/ konveksno i perfektna ogledalska refleksija\/ ukidanje refleksija kori\u0161\u0107enjem upijaju\u0107e boje.<\/p>\t\t\t\t\t\t\t\t<\/div>\n\t\t\t\t<\/div>\n\t\t\t\t\t<\/div>\n\t\t<\/div>\n\t\t\t\t\t<\/div>\n\t\t<\/section>\n\t\t\t\t<section class=\"elementor-section elementor-top-section elementor-element elementor-element-a98d1df elementor-section-boxed elementor-section-height-default elementor-section-height-default qodef-elementor-content-no\" data-id=\"a98d1df\" data-element_type=\"section\" data-e-type=\"section\">\n\t\t\t\t\t\t<div class=\"elementor-container elementor-column-gap-default\">\n\t\t\t\t\t<div class=\"elementor-column elementor-col-100 elementor-top-column elementor-element elementor-element-512b51b\" data-id=\"512b51b\" data-element_type=\"column\" data-e-type=\"column\">\n\t\t\t<div class=\"elementor-widget-wrap elementor-element-populated\">\n\t\t\t\t\t\t<div class=\"elementor-element elementor-element-7dc738f elementor-widget elementor-widget-heading\" data-id=\"7dc738f\" data-element_type=\"widget\" data-e-type=\"widget\" data-widget_type=\"heading.default\">\n\t\t\t\t<div class=\"elementor-widget-container\">\n\t\t\t\t\t<h4 class=\"elementor-heading-title elementor-size-default\">Najcrnja crna boja Vantam black <\/h4>\t\t\t\t<\/div>\n\t\t\t\t<\/div>\n\t\t\t\t<section class=\"elementor-section elementor-inner-section elementor-element elementor-element-d38e865 elementor-section-boxed elementor-section-height-default elementor-section-height-default qodef-elementor-content-no\" data-id=\"d38e865\" data-element_type=\"section\" data-e-type=\"section\">\n\t\t\t\t\t\t<div class=\"elementor-container elementor-column-gap-default\">\n\t\t\t\t\t<div class=\"elementor-column elementor-col-50 elementor-inner-column elementor-element elementor-element-1430bf2\" data-id=\"1430bf2\" data-element_type=\"column\" data-e-type=\"column\">\n\t\t\t<div class=\"elementor-widget-wrap elementor-element-populated\">\n\t\t\t\t\t\t<div class=\"elementor-element elementor-element-5df1eb9 elementor-widget elementor-widget-video\" data-id=\"5df1eb9\" data-element_type=\"widget\" data-e-type=\"widget\" data-settings=\"{&quot;video_type&quot;:&quot;hosted&quot;,&quot;controls&quot;:&quot;yes&quot;}\" data-widget_type=\"video.default\">\n\t\t\t\t<div class=\"elementor-widget-container\">\n\t\t\t\t\t\t\t<div class=\"e-hosted-video elementor-wrapper elementor-open-inline\">\n\t\t\t\t\t<video class=\"elementor-video\" src=\"https:\/\/arxxitektura.rs\/wp-content\/uploads\/2026\/06\/Anish-Kapoor-vantam-black-venice-rs.mp4\" controls=\"\" preload=\"metadata\" controlslist=\"nodownload\" poster=\"https:\/\/arxxitektura.rs\/wp-content\/uploads\/2026\/06\/Soba-sa-zvonom-Palazzo-Manfrin.jpg\"><\/video>\n\t\t\t\t<\/div>\n\t\t\t\t\t\t<\/div>\n\t\t\t\t<\/div>\n\t\t\t\t\t<\/div>\n\t\t<\/div>\n\t\t\t\t<div class=\"elementor-column elementor-col-50 elementor-inner-column elementor-element elementor-element-b3523ae\" data-id=\"b3523ae\" data-element_type=\"column\" data-e-type=\"column\">\n\t\t\t<div class=\"elementor-widget-wrap elementor-element-populated\">\n\t\t\t\t\t\t<div class=\"elementor-element elementor-element-40f754c elementor-widget__width-initial elementor-widget elementor-widget-video\" data-id=\"40f754c\" data-element_type=\"widget\" data-e-type=\"widget\" data-settings=\"{&quot;video_type&quot;:&quot;hosted&quot;,&quot;controls&quot;:&quot;yes&quot;}\" data-widget_type=\"video.default\">\n\t\t\t\t<div class=\"elementor-widget-container\">\n\t\t\t\t\t\t\t<div class=\"e-hosted-video elementor-wrapper elementor-open-inline\">\n\t\t\t\t\t<video class=\"elementor-video\" src=\"https:\/\/arxxitektura.rs\/wp-content\/uploads\/2026\/06\/Crna-skulptura-Anish-Kapoor.mp4\" controls=\"\" preload=\"metadata\" controlslist=\"nodownload\" poster=\"https:\/\/arxxitektura.rs\/wp-content\/uploads\/2026\/06\/Anish-Kapoor-crna-skulptura.jpg\"><\/video>\n\t\t\t\t<\/div>\n\t\t\t\t\t\t<\/div>\n\t\t\t\t<\/div>\n\t\t\t\t\t<\/div>\n\t\t<\/div>\n\t\t\t\t\t<\/div>\n\t\t<\/section>\n\t\t\t\t<div class=\"elementor-element elementor-element-4e47b83 elementor-widget elementor-widget-text-editor\" data-id=\"4e47b83\" data-element_type=\"widget\" data-e-type=\"widget\" data-widget_type=\"text-editor.default\">\n\t\t\t\t<div class=\"elementor-widget-container\">\n\t\t\t\t\t\t\t\t\t<p>Glavna izlo\u017ebena prostorija u Palati Manfrin na gornjem spratu posve\u0107ena je ogromnom vise\u0107em zvonu, \u010dija je unutra\u0161njost obojena upijaju\u0107om crnom bojom Vantam, napravljenoj specijalno za ovog umetnika. Kada udjete u centar prostora ispod zvona i pogledate nagore vide\u0107ete perfektan mrak.<\/p><p>Slede\u0107a skulptura predstavljena u videu je opti\u010dka iluzija zasnovana na ve\u0107 opisanoj boji \u010dija su svojstva upijanje refleksija. To omogu\u0107ava da se oblik objekta ne mo\u017ee naslutiti, ve\u0107 se mora sagledati sa svih strana.<\/p>\t\t\t\t\t\t\t\t<\/div>\n\t\t\t\t<\/div>\n\t\t\t\t<div class=\"elementor-element elementor-element-257ab29 elementor-widget elementor-widget-heading\" data-id=\"257ab29\" data-element_type=\"widget\" data-e-type=\"widget\" data-widget_type=\"heading.default\">\n\t\t\t\t<div class=\"elementor-widget-container\">\n\t\t\t\t\t<h3 class=\"elementor-heading-title elementor-size-default\">Crvena boja u svim  nijansama<\/h3>\t\t\t\t<\/div>\n\t\t\t\t<\/div>\n\t\t\t\t\t<\/div>\n\t\t<\/div>\n\t\t\t\t\t<\/div>\n\t\t<\/section>\n\t\t\t\t<section class=\"elementor-section elementor-top-section elementor-element elementor-element-ae4bc29 elementor-section-boxed elementor-section-height-default elementor-section-height-default qodef-elementor-content-no\" data-id=\"ae4bc29\" data-element_type=\"section\" data-e-type=\"section\">\n\t\t\t\t\t\t<div class=\"elementor-container elementor-column-gap-default\">\n\t\t\t\t\t<div class=\"elementor-column elementor-col-33 elementor-top-column elementor-element elementor-element-ad0ef73\" data-id=\"ad0ef73\" data-element_type=\"column\" data-e-type=\"column\">\n\t\t\t<div class=\"elementor-widget-wrap elementor-element-populated\">\n\t\t\t\t\t\t<div class=\"elementor-element elementor-element-4a20752 elementor-widget elementor-widget-image\" data-id=\"4a20752\" data-element_type=\"widget\" data-e-type=\"widget\" data-widget_type=\"image.default\">\n\t\t\t\t<div class=\"elementor-widget-container\">\n\t\t\t\t\t\t\t\t\t\t\t\t<figure class=\"wp-caption\">\n\t\t\t\t\t\t\t\t\t\t<img fetchpriority=\"high\" decoding=\"async\" width=\"574\" height=\"1020\" src=\"https:\/\/arxxitektura.rs\/wp-content\/uploads\/2026\/06\/soba-sa-masom.jpg\" class=\"attachment-qi_addons_for_elementor_image_size_portrait size-qi_addons_for_elementor_image_size_portrait wp-image-18168\" alt=\"Soba sa masom, Anish Kapoor\" srcset=\"https:\/\/arxxitektura.rs\/wp-content\/uploads\/2026\/06\/soba-sa-masom.jpg 574w, https:\/\/arxxitektura.rs\/wp-content\/uploads\/2026\/06\/soba-sa-masom-169x300.jpg 169w, https:\/\/arxxitektura.rs\/wp-content\/uploads\/2026\/06\/soba-sa-masom-7x12.jpg 7w\" sizes=\"(max-width: 574px) 100vw, 574px\" \/>\t\t\t\t\t\t\t\t\t\t\t<figcaption class=\"widget-image-caption wp-caption-text\">Soba sa masom, Anish Kapoor<\/figcaption>\n\t\t\t\t\t\t\t\t\t\t<\/figure>\n\t\t\t\t\t\t\t\t\t<\/div>\n\t\t\t\t<\/div>\n\t\t\t\t\t<\/div>\n\t\t<\/div>\n\t\t\t\t<div class=\"elementor-column elementor-col-33 elementor-top-column elementor-element elementor-element-8cd0acb\" data-id=\"8cd0acb\" data-element_type=\"column\" data-e-type=\"column\">\n\t\t\t<div class=\"elementor-widget-wrap elementor-element-populated\">\n\t\t\t\t\t\t<div class=\"elementor-element elementor-element-9675e69 elementor-widget elementor-widget-image\" data-id=\"9675e69\" data-element_type=\"widget\" data-e-type=\"widget\" data-widget_type=\"image.default\">\n\t\t\t\t<div class=\"elementor-widget-container\">\n\t\t\t\t\t\t\t\t\t\t\t\t<figure class=\"wp-caption\">\n\t\t\t\t\t\t\t\t\t\t<img decoding=\"async\" width=\"574\" height=\"1020\" src=\"https:\/\/arxxitektura.rs\/wp-content\/uploads\/2026\/06\/Crvena-ogledalska-skulptura.jpg\" class=\"attachment-qi_addons_for_elementor_image_size_portrait size-qi_addons_for_elementor_image_size_portrait wp-image-18169\" alt=\"Prototip neostvarenog projekta\" srcset=\"https:\/\/arxxitektura.rs\/wp-content\/uploads\/2026\/06\/Crvena-ogledalska-skulptura.jpg 574w, https:\/\/arxxitektura.rs\/wp-content\/uploads\/2026\/06\/Crvena-ogledalska-skulptura-169x300.jpg 169w, https:\/\/arxxitektura.rs\/wp-content\/uploads\/2026\/06\/Crvena-ogledalska-skulptura-7x12.jpg 7w\" sizes=\"(max-width: 574px) 100vw, 574px\" \/>\t\t\t\t\t\t\t\t\t\t\t<figcaption class=\"widget-image-caption wp-caption-text\">Prototip neostvarenog projekta<\/figcaption>\n\t\t\t\t\t\t\t\t\t\t<\/figure>\n\t\t\t\t\t\t\t\t\t<\/div>\n\t\t\t\t<\/div>\n\t\t\t\t\t<\/div>\n\t\t<\/div>\n\t\t\t\t<div class=\"elementor-column elementor-col-33 elementor-top-column elementor-element elementor-element-008b541\" data-id=\"008b541\" data-element_type=\"column\" data-e-type=\"column\">\n\t\t\t<div class=\"elementor-widget-wrap elementor-element-populated\">\n\t\t\t\t\t\t<div class=\"elementor-element elementor-element-f4dc741 elementor-widget elementor-widget-image\" data-id=\"f4dc741\" data-element_type=\"widget\" data-e-type=\"widget\" data-widget_type=\"image.default\">\n\t\t\t\t<div class=\"elementor-widget-container\">\n\t\t\t\t\t\t\t\t\t\t\t\t<figure class=\"wp-caption\">\n\t\t\t\t\t\t\t\t\t\t<img decoding=\"async\" width=\"574\" height=\"1020\" src=\"https:\/\/arxxitektura.rs\/wp-content\/uploads\/2026\/06\/Neostvareni-projekat-Anish-Kapoor.jpg\" class=\"attachment-qi_addons_for_elementor_image_size_portrait size-qi_addons_for_elementor_image_size_portrait wp-image-18170\" alt=\"Maketa neostvarenog projekta\" srcset=\"https:\/\/arxxitektura.rs\/wp-content\/uploads\/2026\/06\/Neostvareni-projekat-Anish-Kapoor.jpg 574w, https:\/\/arxxitektura.rs\/wp-content\/uploads\/2026\/06\/Neostvareni-projekat-Anish-Kapoor-169x300.jpg 169w, https:\/\/arxxitektura.rs\/wp-content\/uploads\/2026\/06\/Neostvareni-projekat-Anish-Kapoor-7x12.jpg 7w\" sizes=\"(max-width: 574px) 100vw, 574px\" \/>\t\t\t\t\t\t\t\t\t\t\t<figcaption class=\"widget-image-caption wp-caption-text\">Maketa neostvarenog projekta<\/figcaption>\n\t\t\t\t\t\t\t\t\t\t<\/figure>\n\t\t\t\t\t\t\t\t\t<\/div>\n\t\t\t\t<\/div>\n\t\t\t\t\t<\/div>\n\t\t<\/div>\n\t\t\t\t\t<\/div>\n\t\t<\/section>\n\t\t\t\t<section class=\"elementor-section elementor-top-section elementor-element elementor-element-83bec82 elementor-section-boxed elementor-section-height-default elementor-section-height-default qodef-elementor-content-no\" data-id=\"83bec82\" data-element_type=\"section\" data-e-type=\"section\">\n\t\t\t\t\t\t<div class=\"elementor-container elementor-column-gap-default\">\n\t\t\t\t\t<div class=\"elementor-column elementor-col-100 elementor-top-column elementor-element elementor-element-299096e\" data-id=\"299096e\" data-element_type=\"column\" data-e-type=\"column\">\n\t\t\t<div class=\"elementor-widget-wrap elementor-element-populated\">\n\t\t\t\t\t\t<div class=\"elementor-element elementor-element-9e3bd26 elementor-widget elementor-widget-text-editor\" data-id=\"9e3bd26\" data-element_type=\"widget\" data-e-type=\"widget\" data-widget_type=\"text-editor.default\">\n\t\t\t\t<div class=\"elementor-widget-container\">\n\t\t\t\t\t\t\t\t\t<p>Pored ovog \u201cekperimenta re\u017eirane stvarnosti\u201d, ulazite u prostoriju \u010diji su zidovi ispunjeni masom neprijatnog izgleda. Crveno- crna masa podse\u0107a na neke neopisive krvave dogadjaje.<\/p><p>Pored crne, crvena boja je izuzetno interesantna za Anish Kapoora. Ponovo je skoro cela prostorija ispunjena ovom bojom u svom naj\u010distijem obliku.<\/p><p>Jo\u0161 jedan primer crvene sa ogledalskom refleksijom mo\u017ee se videti na skulpturi koja pripada delu izlo\u017ebe koji se bavi neostvarenim projektima.<\/p><p>Prototipovi neostvarenih objekata su veliki deo izlo\u017ebe. Uglavnom se odnose na skoro graditeljske projekte, gigantskih dimenzija. Loptasti prodori u stenama, zemlji i pe\u0161a\u010dki tuneli perfektnih zakrivljenja \u010dekaju na svoju realizaciju.<\/p>\t\t\t\t\t\t\t\t<\/div>\n\t\t\t\t<\/div>\n\t\t\t\t\t<\/div>\n\t\t<\/div>\n\t\t\t\t\t<\/div>\n\t\t<\/section>\n\t\t\t\t<section class=\"elementor-section elementor-top-section elementor-element elementor-element-2f68647 elementor-section-boxed elementor-section-height-default elementor-section-height-default qodef-elementor-content-no\" data-id=\"2f68647\" data-element_type=\"section\" data-e-type=\"section\">\n\t\t\t\t\t\t<div class=\"elementor-container elementor-column-gap-default\">\n\t\t\t\t\t<div class=\"elementor-column elementor-col-33 elementor-top-column elementor-element elementor-element-7d52608\" data-id=\"7d52608\" data-element_type=\"column\" data-e-type=\"column\">\n\t\t\t<div class=\"elementor-widget-wrap elementor-element-populated\">\n\t\t\t\t\t\t<div class=\"elementor-element elementor-element-11b23c2 elementor-widget elementor-widget-image\" data-id=\"11b23c2\" data-element_type=\"widget\" data-e-type=\"widget\" data-widget_type=\"image.default\">\n\t\t\t\t<div class=\"elementor-widget-container\">\n\t\t\t\t\t\t\t\t\t\t\t\t<figure class=\"wp-caption\">\n\t\t\t\t\t\t\t\t\t\t<img loading=\"lazy\" decoding=\"async\" width=\"574\" height=\"1020\" src=\"https:\/\/arxxitektura.rs\/wp-content\/uploads\/2026\/06\/Soba-sa-krvavim-nebom-1.jpg\" class=\"attachment-qi_addons_for_elementor_image_size_portrait size-qi_addons_for_elementor_image_size_portrait wp-image-18161\" alt=\"Soba Krv na nebu, Anish Kapoor, Palazzo Manfrin\" srcset=\"https:\/\/arxxitektura.rs\/wp-content\/uploads\/2026\/06\/Soba-sa-krvavim-nebom-1.jpg 574w, https:\/\/arxxitektura.rs\/wp-content\/uploads\/2026\/06\/Soba-sa-krvavim-nebom-1-169x300.jpg 169w, https:\/\/arxxitektura.rs\/wp-content\/uploads\/2026\/06\/Soba-sa-krvavim-nebom-1-7x12.jpg 7w\" sizes=\"(max-width: 574px) 100vw, 574px\" \/>\t\t\t\t\t\t\t\t\t\t\t<figcaption class=\"widget-image-caption wp-caption-text\">Soba Krv na nebu, Anish Kapoor, Palazzo Manfrin<\/figcaption>\n\t\t\t\t\t\t\t\t\t\t<\/figure>\n\t\t\t\t\t\t\t\t\t<\/div>\n\t\t\t\t<\/div>\n\t\t\t\t\t<\/div>\n\t\t<\/div>\n\t\t\t\t<div class=\"elementor-column elementor-col-33 elementor-top-column elementor-element elementor-element-cc2ccde\" data-id=\"cc2ccde\" data-element_type=\"column\" data-e-type=\"column\">\n\t\t\t<div class=\"elementor-widget-wrap elementor-element-populated\">\n\t\t\t\t\t\t<div class=\"elementor-element elementor-element-1a693ac elementor-widget elementor-widget-image\" data-id=\"1a693ac\" data-element_type=\"widget\" data-e-type=\"widget\" data-widget_type=\"image.default\">\n\t\t\t\t<div class=\"elementor-widget-container\">\n\t\t\t\t\t\t\t\t\t\t\t\t\t\t\t<img loading=\"lazy\" decoding=\"async\" width=\"574\" height=\"1020\" src=\"https:\/\/arxxitektura.rs\/wp-content\/uploads\/2026\/06\/Soba-sa-krvavim-nebom-2.jpg\" class=\"attachment-qi_addons_for_elementor_image_size_portrait size-qi_addons_for_elementor_image_size_portrait wp-image-18162\" alt=\"Krv na nebu\" srcset=\"https:\/\/arxxitektura.rs\/wp-content\/uploads\/2026\/06\/Soba-sa-krvavim-nebom-2.jpg 574w, https:\/\/arxxitektura.rs\/wp-content\/uploads\/2026\/06\/Soba-sa-krvavim-nebom-2-169x300.jpg 169w, https:\/\/arxxitektura.rs\/wp-content\/uploads\/2026\/06\/Soba-sa-krvavim-nebom-2-7x12.jpg 7w\" sizes=\"(max-width: 574px) 100vw, 574px\" \/>\t\t\t\t\t\t\t\t\t\t\t\t\t\t\t<\/div>\n\t\t\t\t<\/div>\n\t\t\t\t\t<\/div>\n\t\t<\/div>\n\t\t\t\t<div class=\"elementor-column elementor-col-33 elementor-top-column elementor-element elementor-element-b955d25\" data-id=\"b955d25\" data-element_type=\"column\" data-e-type=\"column\">\n\t\t\t<div class=\"elementor-widget-wrap elementor-element-populated\">\n\t\t\t\t\t\t<div class=\"elementor-element elementor-element-08bce9e elementor-widget elementor-widget-image\" data-id=\"08bce9e\" data-element_type=\"widget\" data-e-type=\"widget\" data-widget_type=\"image.default\">\n\t\t\t\t<div class=\"elementor-widget-container\">\n\t\t\t\t\t\t\t\t\t\t\t\t\t\t\t<img loading=\"lazy\" decoding=\"async\" width=\"574\" height=\"1020\" src=\"https:\/\/arxxitektura.rs\/wp-content\/uploads\/2026\/06\/soba-sa-krvavim-nebom-3.jpg\" class=\"attachment-qi_addons_for_elementor_image_size_portrait size-qi_addons_for_elementor_image_size_portrait wp-image-18163\" alt=\"Krv na nebu detalj\" srcset=\"https:\/\/arxxitektura.rs\/wp-content\/uploads\/2026\/06\/soba-sa-krvavim-nebom-3.jpg 574w, https:\/\/arxxitektura.rs\/wp-content\/uploads\/2026\/06\/soba-sa-krvavim-nebom-3-169x300.jpg 169w, https:\/\/arxxitektura.rs\/wp-content\/uploads\/2026\/06\/soba-sa-krvavim-nebom-3-7x12.jpg 7w\" sizes=\"(max-width: 574px) 100vw, 574px\" \/>\t\t\t\t\t\t\t\t\t\t\t\t\t\t\t<\/div>\n\t\t\t\t<\/div>\n\t\t\t\t\t<\/div>\n\t\t<\/div>\n\t\t\t\t\t<\/div>\n\t\t<\/section>\n\t\t\t\t<\/div>","protected":false},"excerpt":{"rendered":"<p>Anish Kapoor britanac, indijskog porekla jedan je od vode\u0107ih svetskih umetnika danas. <\/p>","protected":false},"author":1,"featured_media":18088,"comment_status":"closed","ping_status":"open","sticky":false,"template":"","format":"standard","meta":{"_jetpack_newsletter_access":"","_jetpack_dont_email_post_to_subs":false,"_jetpack_newsletter_tier_id":0,"_jetpack_memberships_contains_paywalled_content":false,"_jetpack_memberships_contains_paid_content":false,"footnotes":""},"categories":[16],"tags":[],"class_list":["post-18079","post","type-post","status-publish","format-standard","has-post-thumbnail","hentry","category-art"],"yoast_head":"<!-- This site is optimized with the Yoast SEO plugin v28.4 - https:\/\/yoast.com\/product\/yoast-seo-wordpress\/ -->\n<title>Anish Kapoor je svetska umetni\u010dka zvezda &#8902; ARXXITEKTURA<\/title>\n<meta name=\"description\" content=\"Anish Kapoor se ponovo poigrao ovim opti\u010dkim iluzijama na izlo\u017ebi. Ali krenimo od po\u010detka, jer ve\u0107 od prizemlja kontrast je prisutan.\" \/>\n<meta name=\"robots\" content=\"index, follow, max-snippet:-1, max-image-preview:large, max-video-preview:-1\" \/>\n<link rel=\"canonical\" href=\"https:\/\/arxxitektura.rs\/en\/anish-kapoor-je-svetska-umetnicka-zvezda\/\" \/>\n<meta property=\"og:locale\" content=\"en_US\" \/>\n<meta property=\"og:type\" content=\"article\" \/>\n<meta property=\"og:title\" content=\"Anish Kapoor je svetska umetni\u010dka zvezda &#8902; ARXXITEKTURA\" \/>\n<meta property=\"og:description\" content=\"Anish Kapoor se ponovo poigrao ovim opti\u010dkim iluzijama na izlo\u017ebi. Ali krenimo od po\u010detka, jer ve\u0107 od prizemlja kontrast je prisutan.\" \/>\n<meta property=\"og:url\" content=\"https:\/\/arxxitektura.rs\/en\/anish-kapoor-je-svetska-umetnicka-zvezda\/\" \/>\n<meta property=\"og:site_name\" content=\"ARXXITEKTURA\" \/>\n<meta property=\"article:published_time\" content=\"2026-06-22T11:00:00+00:00\" \/>\n<meta property=\"article:modified_time\" content=\"2026-06-22T11:01:19+00:00\" \/>\n<meta property=\"og:image\" content=\"https:\/\/arxxitektura.rs\/wp-content\/uploads\/2026\/06\/Anish-Kapoor-Venice-2026.jpg\" \/>\n\t<meta property=\"og:image:width\" content=\"1028\" \/>\n\t<meta property=\"og:image:height\" content=\"578\" \/>\n\t<meta property=\"og:image:type\" content=\"image\/jpeg\" \/>\n<meta name=\"author\" content=\"arxxi_admin\" \/>\n<meta name=\"twitter:card\" content=\"summary_large_image\" \/>\n<meta name=\"twitter:label1\" content=\"Written by\" \/>\n\t<meta name=\"twitter:data1\" content=\"arxxi_admin\" \/>\n\t<meta name=\"twitter:label2\" content=\"Est. reading time\" \/>\n\t<meta name=\"twitter:data2\" content=\"2 minutes\" \/>\n<script type=\"application\/ld+json\" class=\"yoast-schema-graph\">{\"@context\":\"https:\\\/\\\/schema.org\",\"@graph\":[{\"@type\":\"Article\",\"@id\":\"https:\\\/\\\/arxxitektura.rs\\\/anish-kapoor-je-svetska-umetnicka-zvezda\\\/#article\",\"isPartOf\":{\"@id\":\"https:\\\/\\\/arxxitektura.rs\\\/anish-kapoor-je-svetska-umetnicka-zvezda\\\/\"},\"author\":{\"name\":\"arxxi_admin\",\"@id\":\"https:\\\/\\\/arxxitektura.rs\\\/#\\\/schema\\\/person\\\/4d705f725a59e45c7211c1b818ba95c1\"},\"headline\":\"Anish Kapoor je svetska umetni\u010dka zvezda\",\"datePublished\":\"2026-06-22T11:00:00+00:00\",\"dateModified\":\"2026-06-22T11:01:19+00:00\",\"mainEntityOfPage\":{\"@id\":\"https:\\\/\\\/arxxitektura.rs\\\/anish-kapoor-je-svetska-umetnicka-zvezda\\\/\"},\"wordCount\":501,\"publisher\":{\"@id\":\"https:\\\/\\\/arxxitektura.rs\\\/#\\\/schema\\\/person\\\/4d705f725a59e45c7211c1b818ba95c1\"},\"image\":{\"@id\":\"https:\\\/\\\/arxxitektura.rs\\\/anish-kapoor-je-svetska-umetnicka-zvezda\\\/#primaryimage\"},\"thumbnailUrl\":\"https:\\\/\\\/arxxitektura.rs\\\/wp-content\\\/uploads\\\/2026\\\/06\\\/Anish-Kapoor-Venice-2026.jpg\",\"articleSection\":[\"Art\"],\"inLanguage\":\"en-US\"},{\"@type\":\"WebPage\",\"@id\":\"https:\\\/\\\/arxxitektura.rs\\\/anish-kapoor-je-svetska-umetnicka-zvezda\\\/\",\"url\":\"https:\\\/\\\/arxxitektura.rs\\\/anish-kapoor-je-svetska-umetnicka-zvezda\\\/\",\"name\":\"Anish Kapoor je svetska umetni\u010dka zvezda &#8902; ARXXITEKTURA\",\"isPartOf\":{\"@id\":\"https:\\\/\\\/arxxitektura.rs\\\/#website\"},\"primaryImageOfPage\":{\"@id\":\"https:\\\/\\\/arxxitektura.rs\\\/anish-kapoor-je-svetska-umetnicka-zvezda\\\/#primaryimage\"},\"image\":{\"@id\":\"https:\\\/\\\/arxxitektura.rs\\\/anish-kapoor-je-svetska-umetnicka-zvezda\\\/#primaryimage\"},\"thumbnailUrl\":\"https:\\\/\\\/arxxitektura.rs\\\/wp-content\\\/uploads\\\/2026\\\/06\\\/Anish-Kapoor-Venice-2026.jpg\",\"datePublished\":\"2026-06-22T11:00:00+00:00\",\"dateModified\":\"2026-06-22T11:01:19+00:00\",\"description\":\"Anish Kapoor se ponovo poigrao ovim opti\u010dkim iluzijama na izlo\u017ebi. Ali krenimo od po\u010detka, jer ve\u0107 od prizemlja kontrast je prisutan.\",\"breadcrumb\":{\"@id\":\"https:\\\/\\\/arxxitektura.rs\\\/anish-kapoor-je-svetska-umetnicka-zvezda\\\/#breadcrumb\"},\"inLanguage\":\"en-US\",\"potentialAction\":[{\"@type\":\"ReadAction\",\"target\":[\"https:\\\/\\\/arxxitektura.rs\\\/anish-kapoor-je-svetska-umetnicka-zvezda\\\/\"]}]},{\"@type\":\"ImageObject\",\"inLanguage\":\"en-US\",\"@id\":\"https:\\\/\\\/arxxitektura.rs\\\/anish-kapoor-je-svetska-umetnicka-zvezda\\\/#primaryimage\",\"url\":\"https:\\\/\\\/arxxitektura.rs\\\/wp-content\\\/uploads\\\/2026\\\/06\\\/Anish-Kapoor-Venice-2026.jpg\",\"contentUrl\":\"https:\\\/\\\/arxxitektura.rs\\\/wp-content\\\/uploads\\\/2026\\\/06\\\/Anish-Kapoor-Venice-2026.jpg\",\"width\":1028,\"height\":578,\"caption\":\"Anish Kapoor Venecija 2026\"},{\"@type\":\"BreadcrumbList\",\"@id\":\"https:\\\/\\\/arxxitektura.rs\\\/anish-kapoor-je-svetska-umetnicka-zvezda\\\/#breadcrumb\",\"itemListElement\":[{\"@type\":\"ListItem\",\"position\":1,\"name\":\"Home\",\"item\":\"https:\\\/\\\/arxxitektura.rs\\\/\"},{\"@type\":\"ListItem\",\"position\":2,\"name\":\"Anish Kapoor je svetska umetni\u010dka zvezda\"}]},{\"@type\":\"WebSite\",\"@id\":\"https:\\\/\\\/arxxitektura.rs\\\/#website\",\"url\":\"https:\\\/\\\/arxxitektura.rs\\\/\",\"name\":\"ARXXITEKTURA\",\"description\":\"Blog  Umetnost Kontrasta\",\"publisher\":{\"@id\":\"https:\\\/\\\/arxxitektura.rs\\\/#\\\/schema\\\/person\\\/4d705f725a59e45c7211c1b818ba95c1\"},\"potentialAction\":[{\"@type\":\"SearchAction\",\"target\":{\"@type\":\"EntryPoint\",\"urlTemplate\":\"https:\\\/\\\/arxxitektura.rs\\\/?s={search_term_string}\"},\"query-input\":{\"@type\":\"PropertyValueSpecification\",\"valueRequired\":true,\"valueName\":\"search_term_string\"}}],\"inLanguage\":\"en-US\"},{\"@type\":[\"Person\",\"Organization\"],\"@id\":\"https:\\\/\\\/arxxitektura.rs\\\/#\\\/schema\\\/person\\\/4d705f725a59e45c7211c1b818ba95c1\",\"name\":\"arxxi_admin\",\"image\":{\"@type\":\"ImageObject\",\"inLanguage\":\"en-US\",\"@id\":\"https:\\\/\\\/arxxitektura.rs\\\/wp-content\\\/uploads\\\/2021\\\/06\\\/portret-za-avatar.jpg\",\"url\":\"https:\\\/\\\/arxxitektura.rs\\\/wp-content\\\/uploads\\\/2021\\\/06\\\/portret-za-avatar.jpg\",\"contentUrl\":\"https:\\\/\\\/arxxitektura.rs\\\/wp-content\\\/uploads\\\/2021\\\/06\\\/portret-za-avatar.jpg\",\"width\":281,\"height\":500,\"caption\":\"arxxi_admin\"},\"logo\":{\"@id\":\"https:\\\/\\\/arxxitektura.rs\\\/wp-content\\\/uploads\\\/2021\\\/06\\\/portret-za-avatar.jpg\"},\"description\":\"Arhitekta po obrazovanju . Istra\u017eujem teoretske osnove izgradnje savremenih objekata u istorijskom gradskom jezgru . Za\u0161tita istorijskog nasle\u0111a kroz revitalizaciju - novi \u017eivot za stare objekte .\",\"sameAs\":[\"https:\\\/\\\/arxxitektura.rs\",\"https:\\\/\\\/www.instagram.com\\\/arxxitekt\\\/\",\"https:\\\/\\\/www.pinterest.com\\\/artofcontrasting\\\/\",\"https:\\\/\\\/www.youtube.com\\\/channel\\\/UCAQHSoecXQ2ppMNFcrAO-4w\"]}]}<\/script>\n<!-- \/ Yoast SEO plugin. -->","yoast_head_json":{"title":"Anish Kapoor je svetska umetni\u010dka zvezda &#8902; ARXXITEKTURA","description":"Anish Kapoor se ponovo poigrao ovim opti\u010dkim iluzijama na izlo\u017ebi. Ali krenimo od po\u010detka, jer ve\u0107 od prizemlja kontrast je prisutan.","robots":{"index":"index","follow":"follow","max-snippet":"max-snippet:-1","max-image-preview":"max-image-preview:large","max-video-preview":"max-video-preview:-1"},"canonical":"https:\/\/arxxitektura.rs\/en\/anish-kapoor-je-svetska-umetnicka-zvezda\/","og_locale":"en_US","og_type":"article","og_title":"Anish Kapoor je svetska umetni\u010dka zvezda &#8902; ARXXITEKTURA","og_description":"Anish Kapoor se ponovo poigrao ovim opti\u010dkim iluzijama na izlo\u017ebi. Ali krenimo od po\u010detka, jer ve\u0107 od prizemlja kontrast je prisutan.","og_url":"https:\/\/arxxitektura.rs\/en\/anish-kapoor-je-svetska-umetnicka-zvezda\/","og_site_name":"ARXXITEKTURA","article_published_time":"2026-06-22T11:00:00+00:00","article_modified_time":"2026-06-22T11:01:19+00:00","og_image":[{"width":1028,"height":578,"url":"https:\/\/arxxitektura.rs\/wp-content\/uploads\/2026\/06\/Anish-Kapoor-Venice-2026.jpg","type":"image\/jpeg"}],"author":"arxxi_admin","twitter_card":"summary_large_image","twitter_misc":{"Written by":"arxxi_admin","Est. reading time":"2 minutes"},"schema":{"@context":"https:\/\/schema.org","@graph":[{"@type":"Article","@id":"https:\/\/arxxitektura.rs\/anish-kapoor-je-svetska-umetnicka-zvezda\/#article","isPartOf":{"@id":"https:\/\/arxxitektura.rs\/anish-kapoor-je-svetska-umetnicka-zvezda\/"},"author":{"name":"arxxi_admin","@id":"https:\/\/arxxitektura.rs\/#\/schema\/person\/4d705f725a59e45c7211c1b818ba95c1"},"headline":"Anish Kapoor je svetska umetni\u010dka zvezda","datePublished":"2026-06-22T11:00:00+00:00","dateModified":"2026-06-22T11:01:19+00:00","mainEntityOfPage":{"@id":"https:\/\/arxxitektura.rs\/anish-kapoor-je-svetska-umetnicka-zvezda\/"},"wordCount":501,"publisher":{"@id":"https:\/\/arxxitektura.rs\/#\/schema\/person\/4d705f725a59e45c7211c1b818ba95c1"},"image":{"@id":"https:\/\/arxxitektura.rs\/anish-kapoor-je-svetska-umetnicka-zvezda\/#primaryimage"},"thumbnailUrl":"https:\/\/arxxitektura.rs\/wp-content\/uploads\/2026\/06\/Anish-Kapoor-Venice-2026.jpg","articleSection":["Art"],"inLanguage":"en-US"},{"@type":"WebPage","@id":"https:\/\/arxxitektura.rs\/anish-kapoor-je-svetska-umetnicka-zvezda\/","url":"https:\/\/arxxitektura.rs\/anish-kapoor-je-svetska-umetnicka-zvezda\/","name":"Anish Kapoor je svetska umetni\u010dka zvezda &#8902; ARXXITEKTURA","isPartOf":{"@id":"https:\/\/arxxitektura.rs\/#website"},"primaryImageOfPage":{"@id":"https:\/\/arxxitektura.rs\/anish-kapoor-je-svetska-umetnicka-zvezda\/#primaryimage"},"image":{"@id":"https:\/\/arxxitektura.rs\/anish-kapoor-je-svetska-umetnicka-zvezda\/#primaryimage"},"thumbnailUrl":"https:\/\/arxxitektura.rs\/wp-content\/uploads\/2026\/06\/Anish-Kapoor-Venice-2026.jpg","datePublished":"2026-06-22T11:00:00+00:00","dateModified":"2026-06-22T11:01:19+00:00","description":"Anish Kapoor se ponovo poigrao ovim opti\u010dkim iluzijama na izlo\u017ebi. Ali krenimo od po\u010detka, jer ve\u0107 od prizemlja kontrast je prisutan.","breadcrumb":{"@id":"https:\/\/arxxitektura.rs\/anish-kapoor-je-svetska-umetnicka-zvezda\/#breadcrumb"},"inLanguage":"en-US","potentialAction":[{"@type":"ReadAction","target":["https:\/\/arxxitektura.rs\/anish-kapoor-je-svetska-umetnicka-zvezda\/"]}]},{"@type":"ImageObject","inLanguage":"en-US","@id":"https:\/\/arxxitektura.rs\/anish-kapoor-je-svetska-umetnicka-zvezda\/#primaryimage","url":"https:\/\/arxxitektura.rs\/wp-content\/uploads\/2026\/06\/Anish-Kapoor-Venice-2026.jpg","contentUrl":"https:\/\/arxxitektura.rs\/wp-content\/uploads\/2026\/06\/Anish-Kapoor-Venice-2026.jpg","width":1028,"height":578,"caption":"Anish Kapoor Venecija 2026"},{"@type":"BreadcrumbList","@id":"https:\/\/arxxitektura.rs\/anish-kapoor-je-svetska-umetnicka-zvezda\/#breadcrumb","itemListElement":[{"@type":"ListItem","position":1,"name":"Home","item":"https:\/\/arxxitektura.rs\/"},{"@type":"ListItem","position":2,"name":"Anish Kapoor je svetska umetni\u010dka zvezda"}]},{"@type":"WebSite","@id":"https:\/\/arxxitektura.rs\/#website","url":"https:\/\/arxxitektura.rs\/","name":"ARXXITEKTURA","description":"Blog  Umetnost Kontrasta","publisher":{"@id":"https:\/\/arxxitektura.rs\/#\/schema\/person\/4d705f725a59e45c7211c1b818ba95c1"},"potentialAction":[{"@type":"SearchAction","target":{"@type":"EntryPoint","urlTemplate":"https:\/\/arxxitektura.rs\/?s={search_term_string}"},"query-input":{"@type":"PropertyValueSpecification","valueRequired":true,"valueName":"search_term_string"}}],"inLanguage":"en-US"},{"@type":["Person","Organization"],"@id":"https:\/\/arxxitektura.rs\/#\/schema\/person\/4d705f725a59e45c7211c1b818ba95c1","name":"arxxi_admin","image":{"@type":"ImageObject","inLanguage":"en-US","@id":"https:\/\/arxxitektura.rs\/wp-content\/uploads\/2021\/06\/portret-za-avatar.jpg","url":"https:\/\/arxxitektura.rs\/wp-content\/uploads\/2021\/06\/portret-za-avatar.jpg","contentUrl":"https:\/\/arxxitektura.rs\/wp-content\/uploads\/2021\/06\/portret-za-avatar.jpg","width":281,"height":500,"caption":"arxxi_admin"},"logo":{"@id":"https:\/\/arxxitektura.rs\/wp-content\/uploads\/2021\/06\/portret-za-avatar.jpg"},"description":"Architect by education. I am researching the theoretical foundations of the construction of modern buildings in the historic city core. Protection of historical heritage through revitalization - new life for old buildings.","sameAs":["https:\/\/arxxitektura.rs","https:\/\/www.instagram.com\/arxxitekt\/","https:\/\/www.pinterest.com\/artofcontrasting\/","https:\/\/www.youtube.com\/channel\/UCAQHSoecXQ2ppMNFcrAO-4w"]}]}},"jetpack_sharing_enabled":true,"jetpack_featured_media_url":"https:\/\/arxxitektura.rs\/wp-content\/uploads\/2026\/06\/Anish-Kapoor-Venice-2026.jpg","_links":{"self":[{"href":"https:\/\/arxxitektura.rs\/en\/wp-json\/wp\/v2\/posts\/18079","targetHints":{"allow":["GET"]}}],"collection":[{"href":"https:\/\/arxxitektura.rs\/en\/wp-json\/wp\/v2\/posts"}],"about":[{"href":"https:\/\/arxxitektura.rs\/en\/wp-json\/wp\/v2\/types\/post"}],"author":[{"embeddable":true,"href":"https:\/\/arxxitektura.rs\/en\/wp-json\/wp\/v2\/users\/1"}],"replies":[{"embeddable":true,"href":"https:\/\/arxxitektura.rs\/en\/wp-json\/wp\/v2\/comments?post=18079"}],"version-history":[{"count":145,"href":"https:\/\/arxxitektura.rs\/en\/wp-json\/wp\/v2\/posts\/18079\/revisions"}],"predecessor-version":[{"id":18239,"href":"https:\/\/arxxitektura.rs\/en\/wp-json\/wp\/v2\/posts\/18079\/revisions\/18239"}],"wp:featuredmedia":[{"embeddable":true,"href":"https:\/\/arxxitektura.rs\/en\/wp-json\/wp\/v2\/media\/18088"}],"wp:attachment":[{"href":"https:\/\/arxxitektura.rs\/en\/wp-json\/wp\/v2\/media?parent=18079"}],"wp:term":[{"taxonomy":"category","embeddable":true,"href":"https:\/\/arxxitektura.rs\/en\/wp-json\/wp\/v2\/categories?post=18079"},{"taxonomy":"post_tag","embeddable":true,"href":"https:\/\/arxxitektura.rs\/en\/wp-json\/wp\/v2\/tags?post=18079"}],"curies":[{"name":"wp","href":"https:\/\/api.w.org\/{rel}","templated":true}]}}