{"id":18250,"date":"2026-08-05T11:37:56","date_gmt":"2026-08-05T09:37:56","guid":{"rendered":"https:\/\/arxxitektura.rs\/?p=18250"},"modified":"2026-08-05T11:37:56","modified_gmt":"2026-08-05T09:37:56","slug":"djenova-u-kontrastu","status":"publish","type":"post","link":"https:\/\/arxxitektura.rs\/en\/djenova-u-kontrastu\/","title":{"rendered":"Genoa in contrast"},"content":{"rendered":"<div data-elementor-type=\"wp-post\" data-elementor-id=\"18250\" class=\"elementor elementor-18250\">\n\t\t\t\t\t\t<section class=\"elementor-section elementor-top-section elementor-element elementor-element-1d582b3 elementor-section-boxed elementor-section-height-default elementor-section-height-default qodef-elementor-content-no\" data-id=\"1d582b3\" data-element_type=\"section\" data-e-type=\"section\">\n\t\t\t\t\t\t<div class=\"elementor-container elementor-column-gap-default\">\n\t\t\t\t\t<div class=\"elementor-column elementor-col-100 elementor-top-column elementor-element elementor-element-c9afcb5\" data-id=\"c9afcb5\" data-element_type=\"column\" data-e-type=\"column\">\n\t\t\t<div class=\"elementor-widget-wrap elementor-element-populated\">\n\t\t\t\t\t\t<div class=\"elementor-element elementor-element-0eefaf5 elementor-widget elementor-widget-elipsa_core_dropcaps\" data-id=\"0eefaf5\" data-element_type=\"widget\" data-e-type=\"widget\" data-widget_type=\"elipsa_core_dropcaps.default\">\n\t\t\t\t<div class=\"elementor-widget-container\">\n\t\t\t\t\t<div class=\"qodef-shortcode qodef-m qodef-dropcaps qodef-type--simple\">\n\t<span class=\"qodef-m-letter\" >G<\/span>\n\t\t\t<p class=\"qodef-m-text\" >enoa is a Mediterranean port city that will enchant you and sober you up.\nContrasts and preserved architectural remains revive the imagination. The city from which Christopher Columbus came and to which Master Paganini bequeathed his violins. The city of exceptional financial power has left clear signs for future generations.\n<\/p>\n\t<\/div>\t\t\t\t<\/div>\n\t\t\t\t<\/div>\n\t\t\t\t<section class=\"elementor-section elementor-inner-section elementor-element elementor-element-ad49121 elementor-section-boxed elementor-section-height-default elementor-section-height-default qodef-elementor-content-no\" data-id=\"ad49121\" data-element_type=\"section\" data-e-type=\"section\">\n\t\t\t\t\t\t<div class=\"elementor-container elementor-column-gap-default\">\n\t\t\t\t\t<div class=\"elementor-column elementor-col-50 elementor-inner-column elementor-element elementor-element-d47a09b\" data-id=\"d47a09b\" data-element_type=\"column\" data-e-type=\"column\">\n\t\t\t<div class=\"elementor-widget-wrap elementor-element-populated\">\n\t\t\t\t\t\t<div class=\"elementor-element elementor-element-d2352fb elementor-widget elementor-widget-image\" data-id=\"d2352fb\" data-element_type=\"widget\" data-e-type=\"widget\" data-widget_type=\"image.default\">\n\t\t\t\t<div class=\"elementor-widget-container\">\n\t\t\t\t\t\t\t\t\t\t\t\t<figure class=\"wp-caption\">\n\t\t\t\t\t\t\t\t\t\t<img fetchpriority=\"high\" decoding=\"async\" width=\"1024\" height=\"657\" src=\"https:\/\/arxxitektura.rs\/wp-content\/uploads\/2026\/07\/Kristofer-Kolumbo.jpg\" class=\"attachment-large size-large wp-image-18308\" alt=\"Djenova ku\u0107a u kojoj je odrastao Kristofer Kolumbo\" srcset=\"https:\/\/arxxitektura.rs\/wp-content\/uploads\/2026\/07\/Kristofer-Kolumbo.jpg 1024w, https:\/\/arxxitektura.rs\/wp-content\/uploads\/2026\/07\/Kristofer-Kolumbo-300x192.jpg 300w, https:\/\/arxxitektura.rs\/wp-content\/uploads\/2026\/07\/Kristofer-Kolumbo-768x493.jpg 768w, https:\/\/arxxitektura.rs\/wp-content\/uploads\/2026\/07\/Kristofer-Kolumbo-18x12.jpg 18w\" sizes=\"(max-width: 1024px) 100vw, 1024px\" \/>\t\t\t\t\t\t\t\t\t\t\t<figcaption class=\"widget-image-caption wp-caption-text\">Genoa, the house where Christopher Columbus grew up<\/figcaption>\n\t\t\t\t\t\t\t\t\t\t<\/figure>\n\t\t\t\t\t\t\t\t\t<\/div>\n\t\t\t\t<\/div>\n\t\t\t\t\t<\/div>\n\t\t<\/div>\n\t\t\t\t<div class=\"elementor-column elementor-col-50 elementor-inner-column elementor-element elementor-element-d75cf48\" data-id=\"d75cf48\" data-element_type=\"column\" data-e-type=\"column\">\n\t\t\t<div class=\"elementor-widget-wrap elementor-element-populated\">\n\t\t\t\t\t\t<div class=\"elementor-element elementor-element-ffef841 elementor-widget elementor-widget-image\" data-id=\"ffef841\" data-element_type=\"widget\" data-e-type=\"widget\" data-widget_type=\"image.default\">\n\t\t\t\t<div class=\"elementor-widget-container\">\n\t\t\t\t\t\t\t\t\t\t\t\t<figure class=\"wp-caption\">\n\t\t\t\t\t\t\t\t\t\t<img decoding=\"async\" width=\"1024\" height=\"576\" src=\"https:\/\/arxxitektura.rs\/wp-content\/uploads\/2026\/07\/nikolo-paganini.jpg\" class=\"attachment-large size-large wp-image-18309\" alt=\"Nikolo Paganini, Palazzo Bianco\" srcset=\"https:\/\/arxxitektura.rs\/wp-content\/uploads\/2026\/07\/nikolo-paganini.jpg 1024w, https:\/\/arxxitektura.rs\/wp-content\/uploads\/2026\/07\/nikolo-paganini-300x169.jpg 300w, https:\/\/arxxitektura.rs\/wp-content\/uploads\/2026\/07\/nikolo-paganini-768x432.jpg 768w, https:\/\/arxxitektura.rs\/wp-content\/uploads\/2026\/07\/nikolo-paganini-18x10.jpg 18w\" sizes=\"(max-width: 1024px) 100vw, 1024px\" \/>\t\t\t\t\t\t\t\t\t\t\t<figcaption class=\"widget-image-caption wp-caption-text\">Nikolo Paganini, Palazzo Bianco, Djenova<\/figcaption>\n\t\t\t\t\t\t\t\t\t\t<\/figure>\n\t\t\t\t\t\t\t\t\t<\/div>\n\t\t\t\t<\/div>\n\t\t\t\t\t<\/div>\n\t\t<\/div>\n\t\t\t\t\t<\/div>\n\t\t<\/section>\n\t\t\t\t<div class=\"elementor-element elementor-element-0d26c42 elementor-widget elementor-widget-text-editor\" data-id=\"0d26c42\" data-element_type=\"widget\" data-e-type=\"widget\" data-widget_type=\"text-editor.default\">\n\t\t\t\t<div class=\"elementor-widget-container\">\n\t\t\t\t\t\t\t\t\t<p>In addition, he left a message: money likes to change hands, and not every risk always pays off. The powerful people of Djenova, given their historical role as financiers and investors for the European aristocracy, often went bankrupt, and even the most important objects changed hands. They change them even today.<\/p>\t\t\t\t\t\t\t\t<\/div>\n\t\t\t\t<\/div>\n\t\t\t\t<div class=\"elementor-element elementor-element-9a5388e elementor-widget elementor-widget-heading\" data-id=\"9a5388e\" data-element_type=\"widget\" data-e-type=\"widget\" data-widget_type=\"heading.default\">\n\t\t\t\t<div class=\"elementor-widget-container\">\n\t\t\t\t\t<h4 class=\"elementor-heading-title elementor-size-default\">Medieval architectural jewelry of Genoa<\/h4>\t\t\t\t<\/div>\n\t\t\t\t<\/div>\n\t\t\t\t<div class=\"elementor-element elementor-element-823fac2 elementor-widget elementor-widget-text-editor\" data-id=\"823fac2\" data-element_type=\"widget\" data-e-type=\"widget\" data-widget_type=\"text-editor.default\">\n\t\t\t\t<div class=\"elementor-widget-container\">\n\t\t\t\t\t\t\t\t\t<p>Abbazia di Santo Stefano represents the first of the three golden periods of Genoa - the Middle Ages.<\/p><p>Medieval architectural \"records\" on the buildings give the city the taste of an open-air museum. <span style=\"text-decoration: underline;\"><strong><a href=\"https:\/\/arxxitektura.rs\/en\/mikelandjelo-buonaroti-i-dioklecijanove-terme\/\" target=\"_blank\" rel=\"noopener\">Geological principle<\/a><\/strong><\/span> Spontaneous growth and deposits of memory are visible in the old town. Wherever you look, you will come across these memories, preserved in fragments on the facades.<\/p><p>The collaged appearance of the facades is attributed to a deep respect for past times.<\/p>\t\t\t\t\t\t\t\t<\/div>\n\t\t\t\t<\/div>\n\t\t\t\t\t<\/div>\n\t\t<\/div>\n\t\t\t\t\t<\/div>\n\t\t<\/section>\n\t\t\t\t<section class=\"elementor-section elementor-top-section elementor-element elementor-element-0bd075e elementor-section-boxed elementor-section-height-default elementor-section-height-default qodef-elementor-content-no\" data-id=\"0bd075e\" data-element_type=\"section\" data-e-type=\"section\">\n\t\t\t\t\t\t<div class=\"elementor-container elementor-column-gap-default\">\n\t\t\t\t\t<div class=\"elementor-column elementor-col-100 elementor-top-column elementor-element elementor-element-ada8007\" data-id=\"ada8007\" data-element_type=\"column\" data-e-type=\"column\">\n\t\t\t<div class=\"elementor-widget-wrap elementor-element-populated\">\n\t\t\t\t\t\t<div class=\"elementor-element elementor-element-925cebd elementor-widget elementor-widget-image\" data-id=\"925cebd\" data-element_type=\"widget\" data-e-type=\"widget\" data-widget_type=\"image.default\">\n\t\t\t\t<div class=\"elementor-widget-container\">\n\t\t\t\t\t\t\t\t\t\t\t\t<figure class=\"wp-caption\">\n\t\t\t\t\t\t\t\t\t\t<img decoding=\"async\" width=\"1024\" height=\"576\" src=\"https:\/\/arxxitektura.rs\/wp-content\/uploads\/2026\/07\/Srednji-vek-Djenova.jpg\" class=\"attachment-large size-large wp-image-18331\" alt=\"Abazio di Santo Stefano 972. Piazza Santo Stefano, Genoa\" srcset=\"https:\/\/arxxitektura.rs\/wp-content\/uploads\/2026\/07\/Srednji-vek-Djenova.jpg 1024w, https:\/\/arxxitektura.rs\/wp-content\/uploads\/2026\/07\/Srednji-vek-Djenova-300x169.jpg 300w, https:\/\/arxxitektura.rs\/wp-content\/uploads\/2026\/07\/Srednji-vek-Djenova-768x432.jpg 768w, https:\/\/arxxitektura.rs\/wp-content\/uploads\/2026\/07\/Srednji-vek-Djenova-18x10.jpg 18w\" sizes=\"(max-width: 1024px) 100vw, 1024px\" \/>\t\t\t\t\t\t\t\t\t\t\t<figcaption class=\"widget-image-caption wp-caption-text\">Abazio di Santo Stefano 972. Piazza Santo Stefano, Genoa<\/figcaption>\n\t\t\t\t\t\t\t\t\t\t<\/figure>\n\t\t\t\t\t\t\t\t\t<\/div>\n\t\t\t\t<\/div>\n\t\t\t\t\t<\/div>\n\t\t<\/div>\n\t\t\t\t\t<\/div>\n\t\t<\/section>\n\t\t\t\t<section class=\"elementor-section elementor-top-section elementor-element elementor-element-d6807ba elementor-section-boxed elementor-section-height-default elementor-section-height-default qodef-elementor-content-no\" data-id=\"d6807ba\" data-element_type=\"section\" data-e-type=\"section\">\n\t\t\t\t\t\t<div class=\"elementor-container elementor-column-gap-default\">\n\t\t\t\t\t<div class=\"elementor-column elementor-col-100 elementor-top-column elementor-element elementor-element-ce1d373\" data-id=\"ce1d373\" data-element_type=\"column\" data-e-type=\"column\">\n\t\t\t<div class=\"elementor-widget-wrap elementor-element-populated\">\n\t\t\t\t\t\t<section class=\"elementor-section elementor-inner-section elementor-element elementor-element-376a521 elementor-section-boxed elementor-section-height-default elementor-section-height-default qodef-elementor-content-no\" data-id=\"376a521\" data-element_type=\"section\" data-e-type=\"section\">\n\t\t\t\t\t\t<div class=\"elementor-container elementor-column-gap-default\">\n\t\t\t\t\t<div class=\"elementor-column elementor-col-100 elementor-inner-column elementor-element elementor-element-1a93cdd\" data-id=\"1a93cdd\" data-element_type=\"column\" data-e-type=\"column\">\n\t\t\t<div class=\"elementor-widget-wrap elementor-element-populated\">\n\t\t\t\t\t\t<div class=\"elementor-element elementor-element-ad9bcb2 elementor-widget elementor-widget-text-editor\" data-id=\"ad9bcb2\" data-element_type=\"widget\" data-e-type=\"widget\" data-widget_type=\"text-editor.default\">\n\t\t\t\t<div class=\"elementor-widget-container\">\n\t\t\t\t\t\t\t\t\t<p>It can be concluded that solid, representative buildings from the Middle Ages were not demolished - they were adapted and upgraded. Walled striped arches are particularly attractive. The closure with new walls is clearly visible. This approach appears to be professional-conservative, retaining the original parts with period-appropriate material and clearly emphasizing the new, added parts in more modern materials.<\/p><p>The somewhat chaotic look that was created in this way, however, has its justified reason - and that is the preservation of historical facts in their raw, unprocessed state.<\/p>\t\t\t\t\t\t\t\t<\/div>\n\t\t\t\t<\/div>\n\t\t\t\t\t<\/div>\n\t\t<\/div>\n\t\t\t\t\t<\/div>\n\t\t<\/section>\n\t\t\t\t<div class=\"elementor-element elementor-element-bb6a354 elementor-widget elementor-widget-text-editor\" data-id=\"bb6a354\" data-element_type=\"widget\" data-e-type=\"widget\" data-widget_type=\"text-editor.default\">\n\t\t\t\t<div class=\"elementor-widget-container\">\n\t\t\t\t\t\t\t\t\t<p>For a longer walk and more complete enjoyment in the streets and landscapes of Genoa, watch the three-part video \"Genoa in contrast\" on the YouTube channel arxxi.<\/p>\t\t\t\t\t\t\t\t<\/div>\n\t\t\t\t<\/div>\n\t\t\t\t\t<\/div>\n\t\t<\/div>\n\t\t\t\t\t<\/div>\n\t\t<\/section>\n\t\t\t\t<section class=\"elementor-section elementor-top-section elementor-element elementor-element-4ae0e06 elementor-section-boxed elementor-section-height-default elementor-section-height-default qodef-elementor-content-no\" data-id=\"4ae0e06\" data-element_type=\"section\" data-e-type=\"section\">\n\t\t\t\t\t\t<div class=\"elementor-container elementor-column-gap-default\">\n\t\t\t\t\t<div class=\"elementor-column elementor-col-100 elementor-top-column elementor-element elementor-element-233d510\" data-id=\"233d510\" data-element_type=\"column\" data-e-type=\"column\">\n\t\t\t<div class=\"elementor-widget-wrap elementor-element-populated\">\n\t\t\t\t\t\t<div class=\"elementor-element elementor-element-2e1c008 elementor-widget elementor-widget-heading\" data-id=\"2e1c008\" data-element_type=\"widget\" data-e-type=\"widget\" data-widget_type=\"heading.default\">\n\t\t\t\t<div class=\"elementor-widget-container\">\n\t\t\t\t\t<h4 class=\"elementor-heading-title elementor-size-default\">Facades with geological deposits<\/h4>\t\t\t\t<\/div>\n\t\t\t\t<\/div>\n\t\t\t\t\t<\/div>\n\t\t<\/div>\n\t\t\t\t\t<\/div>\n\t\t<\/section>\n\t\t\t\t<section class=\"elementor-section elementor-top-section elementor-element elementor-element-3568b76 elementor-section-boxed elementor-section-height-default elementor-section-height-default qodef-elementor-content-no\" data-id=\"3568b76\" data-element_type=\"section\" data-e-type=\"section\">\n\t\t\t\t\t\t<div class=\"elementor-container elementor-column-gap-default\">\n\t\t\t\t\t<div class=\"elementor-column elementor-col-100 elementor-top-column elementor-element elementor-element-ddee720\" data-id=\"ddee720\" data-element_type=\"column\" data-e-type=\"column\">\n\t\t\t<div class=\"elementor-widget-wrap elementor-element-populated\">\n\t\t\t\t\t\t<div class=\"elementor-element elementor-element-7bc2576 elementor-widget elementor-widget-image\" data-id=\"7bc2576\" data-element_type=\"widget\" data-e-type=\"widget\" data-widget_type=\"image.default\">\n\t\t\t\t<div class=\"elementor-widget-container\">\n\t\t\t\t\t\t\t\t\t\t\t\t\t\t\t<img loading=\"lazy\" decoding=\"async\" width=\"1024\" height=\"576\" src=\"https:\/\/arxxitektura.rs\/wp-content\/uploads\/2026\/07\/kolaz-arhitektonskih-ostataka-Djenova.jpg\" class=\"attachment-large size-large wp-image-18321\" alt=\"Djenova , kola\u017e na fasadi\" srcset=\"https:\/\/arxxitektura.rs\/wp-content\/uploads\/2026\/07\/kolaz-arhitektonskih-ostataka-Djenova.jpg 1024w, https:\/\/arxxitektura.rs\/wp-content\/uploads\/2026\/07\/kolaz-arhitektonskih-ostataka-Djenova-300x169.jpg 300w, https:\/\/arxxitektura.rs\/wp-content\/uploads\/2026\/07\/kolaz-arhitektonskih-ostataka-Djenova-768x432.jpg 768w, https:\/\/arxxitektura.rs\/wp-content\/uploads\/2026\/07\/kolaz-arhitektonskih-ostataka-Djenova-18x10.jpg 18w\" sizes=\"(max-width: 1024px) 100vw, 1024px\" \/>\t\t\t\t\t\t\t\t\t\t\t\t\t\t\t<\/div>\n\t\t\t\t<\/div>\n\t\t\t\t\t<\/div>\n\t\t<\/div>\n\t\t\t\t\t<\/div>\n\t\t<\/section>\n\t\t\t\t<section class=\"elementor-section elementor-top-section elementor-element elementor-element-0c45456 elementor-section-boxed elementor-section-height-default elementor-section-height-default qodef-elementor-content-no\" data-id=\"0c45456\" data-element_type=\"section\" data-e-type=\"section\">\n\t\t\t\t\t\t<div class=\"elementor-container elementor-column-gap-default\">\n\t\t\t\t\t<div class=\"elementor-column elementor-col-100 elementor-top-column elementor-element elementor-element-f62d33a\" data-id=\"f62d33a\" data-element_type=\"column\" data-e-type=\"column\">\n\t\t\t<div class=\"elementor-widget-wrap elementor-element-populated\">\n\t\t\t\t\t\t<div class=\"elementor-element elementor-element-a677f4b elementor-widget elementor-widget-text-editor\" data-id=\"a677f4b\" data-element_type=\"widget\" data-e-type=\"widget\" data-widget_type=\"text-editor.default\">\n\t\t\t\t<div class=\"elementor-widget-container\">\n\t\t\t\t\t\t\t\t\t<p>The conservation approach of preserving the original parts is the basis of today's approach to building new houses in inherited cores. History cannot be imitated; it must remain clearly visible, conspicuous at any cost.<\/p><p>This is one reason why many of the painted facades from after the Middle Ages, for which Genoa is well known, remain unrestored. The desire to preserve their originality shows that owners, residents, and the city government appreciate the distinction.<\/p><p>Weathered, painted buildings carry the lingering scent of past wealth, hinting at the gravity of the lives once lived there and the distinguished owners and guests who walked their halls.<\/p>\t\t\t\t\t\t\t\t<\/div>\n\t\t\t\t<\/div>\n\t\t\t\t\t<\/div>\n\t\t<\/div>\n\t\t\t\t\t<\/div>\n\t\t<\/section>\n\t\t\t\t<section class=\"elementor-section elementor-top-section elementor-element elementor-element-f952a9b elementor-section-boxed elementor-section-height-default elementor-section-height-default qodef-elementor-content-no\" data-id=\"f952a9b\" data-element_type=\"section\" data-e-type=\"section\">\n\t\t\t\t\t\t<div class=\"elementor-container elementor-column-gap-default\">\n\t\t\t\t\t<div class=\"elementor-column elementor-col-100 elementor-top-column elementor-element elementor-element-7e9e288\" data-id=\"7e9e288\" data-element_type=\"column\" data-e-type=\"column\">\n\t\t\t<div class=\"elementor-widget-wrap elementor-element-populated\">\n\t\t\t\t\t\t<div class=\"elementor-element elementor-element-8e3b105 elementor-widget elementor-widget-image\" data-id=\"8e3b105\" data-element_type=\"widget\" data-e-type=\"widget\" data-widget_type=\"image.default\">\n\t\t\t\t<div class=\"elementor-widget-container\">\n\t\t\t\t\t\t\t\t\t\t\t\t\t\t\t<img loading=\"lazy\" decoding=\"async\" width=\"1024\" height=\"576\" src=\"https:\/\/arxxitektura.rs\/wp-content\/uploads\/2026\/07\/konzervirane_fasade-Djenova.jpg\" class=\"attachment-large size-large wp-image-18336\" alt=\"Oslikana fasada palate pod za\u0161titom UNESCO\" srcset=\"https:\/\/arxxitektura.rs\/wp-content\/uploads\/2026\/07\/konzervirane_fasade-Djenova.jpg 1024w, https:\/\/arxxitektura.rs\/wp-content\/uploads\/2026\/07\/konzervirane_fasade-Djenova-300x169.jpg 300w, https:\/\/arxxitektura.rs\/wp-content\/uploads\/2026\/07\/konzervirane_fasade-Djenova-768x432.jpg 768w, https:\/\/arxxitektura.rs\/wp-content\/uploads\/2026\/07\/konzervirane_fasade-Djenova-18x10.jpg 18w\" sizes=\"(max-width: 1024px) 100vw, 1024px\" \/>\t\t\t\t\t\t\t\t\t\t\t\t\t\t\t<\/div>\n\t\t\t\t<\/div>\n\t\t\t\t\t<\/div>\n\t\t<\/div>\n\t\t\t\t\t<\/div>\n\t\t<\/section>\n\t\t\t\t<section class=\"elementor-section elementor-top-section elementor-element elementor-element-a98d1df elementor-section-boxed elementor-section-height-default elementor-section-height-default qodef-elementor-content-no\" data-id=\"a98d1df\" data-element_type=\"section\" data-e-type=\"section\">\n\t\t\t\t\t\t<div class=\"elementor-container elementor-column-gap-default\">\n\t\t\t\t\t<div class=\"elementor-column elementor-col-100 elementor-top-column elementor-element elementor-element-512b51b\" data-id=\"512b51b\" data-element_type=\"column\" data-e-type=\"column\">\n\t\t\t<div class=\"elementor-widget-wrap elementor-element-populated\">\n\t\t\t\t\t\t<div class=\"elementor-element elementor-element-7dc738f elementor-widget elementor-widget-heading\" data-id=\"7dc738f\" data-element_type=\"widget\" data-e-type=\"widget\" data-widget_type=\"heading.default\">\n\t\t\t\t<div class=\"elementor-widget-container\">\n\t\t\t\t\t<h4 class=\"elementor-heading-title elementor-size-default\">The second golden period of the 16th and 17th centuries<\/h4>\t\t\t\t<\/div>\n\t\t\t\t<\/div>\n\t\t\t\t<section class=\"elementor-section elementor-inner-section elementor-element elementor-element-bc347a2 elementor-section-boxed elementor-section-height-default elementor-section-height-default qodef-elementor-content-no\" data-id=\"bc347a2\" data-element_type=\"section\" data-e-type=\"section\">\n\t\t\t\t\t\t<div class=\"elementor-container elementor-column-gap-default\">\n\t\t\t\t\t<div class=\"elementor-column elementor-col-50 elementor-inner-column elementor-element elementor-element-a3058dd\" data-id=\"a3058dd\" data-element_type=\"column\" data-e-type=\"column\">\n\t\t\t<div class=\"elementor-widget-wrap elementor-element-populated\">\n\t\t\t\t\t\t<div class=\"elementor-element elementor-element-3382e24 elementor-widget elementor-widget-image\" data-id=\"3382e24\" data-element_type=\"widget\" data-e-type=\"widget\" data-widget_type=\"image.default\">\n\t\t\t\t<div class=\"elementor-widget-container\">\n\t\t\t\t\t\t\t\t\t\t\t\t<figure class=\"wp-caption\">\n\t\t\t\t\t\t\t\t\t\t<img loading=\"lazy\" decoding=\"async\" width=\"1024\" height=\"576\" src=\"https:\/\/arxxitektura.rs\/wp-content\/uploads\/2026\/07\/UNESCO-1-Antonio-Doria.jpg\" class=\"attachment-large size-large wp-image-18365\" alt=\"\" srcset=\"https:\/\/arxxitektura.rs\/wp-content\/uploads\/2026\/07\/UNESCO-1-Antonio-Doria.jpg 1024w, https:\/\/arxxitektura.rs\/wp-content\/uploads\/2026\/07\/UNESCO-1-Antonio-Doria-300x169.jpg 300w, https:\/\/arxxitektura.rs\/wp-content\/uploads\/2026\/07\/UNESCO-1-Antonio-Doria-768x432.jpg 768w, https:\/\/arxxitektura.rs\/wp-content\/uploads\/2026\/07\/UNESCO-1-Antonio-Doria-18x10.jpg 18w\" sizes=\"(max-width: 1024px) 100vw, 1024px\" \/>\t\t\t\t\t\t\t\t\t\t\t<figcaption class=\"widget-image-caption wp-caption-text\">UNESCO 1, Antonio Doria<\/figcaption>\n\t\t\t\t\t\t\t\t\t\t<\/figure>\n\t\t\t\t\t\t\t\t\t<\/div>\n\t\t\t\t<\/div>\n\t\t\t\t\t<\/div>\n\t\t<\/div>\n\t\t\t\t<div class=\"elementor-column elementor-col-50 elementor-inner-column elementor-element elementor-element-71e54b6\" data-id=\"71e54b6\" data-element_type=\"column\" data-e-type=\"column\">\n\t\t\t<div class=\"elementor-widget-wrap elementor-element-populated\">\n\t\t\t\t\t\t<div class=\"elementor-element elementor-element-537211b elementor-widget elementor-widget-image\" data-id=\"537211b\" data-element_type=\"widget\" data-e-type=\"widget\" data-widget_type=\"image.default\">\n\t\t\t\t<div class=\"elementor-widget-container\">\n\t\t\t\t\t\t\t\t\t\t\t\t<figure class=\"wp-caption\">\n\t\t\t\t\t\t\t\t\t\t<img loading=\"lazy\" decoding=\"async\" width=\"1024\" height=\"576\" src=\"https:\/\/arxxitektura.rs\/wp-content\/uploads\/2026\/08\/Via-Garibaldi-kraj.jpg\" class=\"attachment-large size-large wp-image-18564\" alt=\"Via Garibaldi, Djenova\" srcset=\"https:\/\/arxxitektura.rs\/wp-content\/uploads\/2026\/08\/Via-Garibaldi-kraj.jpg 1024w, https:\/\/arxxitektura.rs\/wp-content\/uploads\/2026\/08\/Via-Garibaldi-kraj-300x169.jpg 300w, https:\/\/arxxitektura.rs\/wp-content\/uploads\/2026\/08\/Via-Garibaldi-kraj-768x432.jpg 768w, https:\/\/arxxitektura.rs\/wp-content\/uploads\/2026\/08\/Via-Garibaldi-kraj-18x10.jpg 18w\" sizes=\"(max-width: 1024px) 100vw, 1024px\" \/>\t\t\t\t\t\t\t\t\t\t\t<figcaption class=\"widget-image-caption wp-caption-text\">Via Garibaldi, Djenova<\/figcaption>\n\t\t\t\t\t\t\t\t\t\t<\/figure>\n\t\t\t\t\t\t\t\t\t<\/div>\n\t\t\t\t<\/div>\n\t\t\t\t\t<\/div>\n\t\t<\/div>\n\t\t\t\t\t<\/div>\n\t\t<\/section>\n\t\t\t\t<div class=\"elementor-element elementor-element-4e47b83 elementor-widget elementor-widget-text-editor\" data-id=\"4e47b83\" data-element_type=\"widget\" data-e-type=\"widget\" data-widget_type=\"text-editor.default\">\n\t\t\t\t<div class=\"elementor-widget-container\">\n\t\t\t\t\t\t\t\t\t<p>After the Ottoman Empire took over Genoa\u2019s colonies, the wealthy Genoese returned home, bringing their fortunes with them. This shaped Genoa\u2019s historical reputation for financing, investment, and providing financial support, even to the most prominent royal families.<\/p><p>The new reality demanded new representative facilities, both for the wealthy returnees and for their respected clientele with whom they would make deals.<\/p>\t\t\t\t\t\t\t\t<\/div>\n\t\t\t\t<\/div>\n\t\t\t\t<div class=\"elementor-element elementor-element-a539c95 elementor-widget elementor-widget-video\" data-id=\"a539c95\" data-element_type=\"widget\" data-e-type=\"widget\" data-settings=\"{&quot;youtube_url&quot;:&quot;https:\\\/\\\/youtu.be\\\/Ak-DyqtuDJ0&quot;,&quot;video_type&quot;:&quot;youtube&quot;,&quot;controls&quot;:&quot;yes&quot;}\" data-widget_type=\"video.default\">\n\t\t\t\t<div class=\"elementor-widget-container\">\n\t\t\t\t\t\t\t<div class=\"elementor-wrapper elementor-open-inline\">\n\t\t\t<div class=\"elementor-video\"><\/div>\t\t<\/div>\n\t\t\t\t\t\t<\/div>\n\t\t\t\t<\/div>\n\t\t\t\t<div class=\"elementor-element elementor-element-257ab29 elementor-widget elementor-widget-heading\" data-id=\"257ab29\" data-element_type=\"widget\" data-e-type=\"widget\" data-widget_type=\"heading.default\">\n\t\t\t\t<div class=\"elementor-widget-container\">\n\t\t\t\t\t<h3 class=\"elementor-heading-title elementor-size-default\">42 objects under the protection of UNESCO<\/h3>\t\t\t\t<\/div>\n\t\t\t\t<\/div>\n\t\t\t\t\t<\/div>\n\t\t<\/div>\n\t\t\t\t\t<\/div>\n\t\t<\/section>\n\t\t\t\t<section class=\"elementor-section elementor-top-section elementor-element elementor-element-ed87b48 elementor-section-boxed elementor-section-height-default elementor-section-height-default qodef-elementor-content-no\" data-id=\"ed87b48\" data-element_type=\"section\" data-e-type=\"section\">\n\t\t\t\t\t\t<div class=\"elementor-container elementor-column-gap-default\">\n\t\t\t\t\t<div class=\"elementor-column elementor-col-100 elementor-top-column elementor-element elementor-element-79752fe\" data-id=\"79752fe\" data-element_type=\"column\" data-e-type=\"column\">\n\t\t\t<div class=\"elementor-widget-wrap elementor-element-populated\">\n\t\t\t\t\t\t<div class=\"elementor-element elementor-element-a3b7423 elementor-widget__width-initial elementor-widget elementor-widget-image\" data-id=\"a3b7423\" data-element_type=\"widget\" data-e-type=\"widget\" data-widget_type=\"image.default\">\n\t\t\t\t<div class=\"elementor-widget-container\">\n\t\t\t\t\t\t\t\t\t\t\t\t\t\t\t<img loading=\"lazy\" decoding=\"async\" width=\"768\" height=\"1016\" src=\"https:\/\/arxxitektura.rs\/wp-content\/uploads\/2026\/07\/rsz_1fotka_za_naslov_sq-768x1016.jpg\" class=\"attachment-medium_large size-medium_large wp-image-18514\" alt=\"Natpis na zgadi pod za\u0161titom UNESCO, Djenova\" srcset=\"https:\/\/arxxitektura.rs\/wp-content\/uploads\/2026\/07\/rsz_1fotka_za_naslov_sq-768x1016.jpg 768w, https:\/\/arxxitektura.rs\/wp-content\/uploads\/2026\/07\/rsz_1fotka_za_naslov_sq-227x300.jpg 227w, https:\/\/arxxitektura.rs\/wp-content\/uploads\/2026\/07\/rsz_1fotka_za_naslov_sq-774x1024.jpg 774w, https:\/\/arxxitektura.rs\/wp-content\/uploads\/2026\/07\/rsz_1fotka_za_naslov_sq-9x12.jpg 9w, https:\/\/arxxitektura.rs\/wp-content\/uploads\/2026\/07\/rsz_1fotka_za_naslov_sq.jpg 860w\" sizes=\"(max-width: 768px) 100vw, 768px\" \/>\t\t\t\t\t\t\t\t\t\t\t\t\t\t\t<\/div>\n\t\t\t\t<\/div>\n\t\t\t\t\t<\/div>\n\t\t<\/div>\n\t\t\t\t\t<\/div>\n\t\t<\/section>\n\t\t\t\t<section class=\"elementor-section elementor-top-section elementor-element elementor-element-83bec82 elementor-section-boxed elementor-section-height-default elementor-section-height-default qodef-elementor-content-no\" data-id=\"83bec82\" data-element_type=\"section\" data-e-type=\"section\">\n\t\t\t\t\t\t<div class=\"elementor-container elementor-column-gap-default\">\n\t\t\t\t\t<div class=\"elementor-column elementor-col-100 elementor-top-column elementor-element elementor-element-299096e\" data-id=\"299096e\" data-element_type=\"column\" data-e-type=\"column\">\n\t\t\t<div class=\"elementor-widget-wrap elementor-element-populated\">\n\t\t\t\t\t\t<div class=\"elementor-element elementor-element-9e3bd26 elementor-widget elementor-widget-text-editor\" data-id=\"9e3bd26\" data-element_type=\"widget\" data-e-type=\"widget\" data-widget_type=\"text-editor.default\">\n\t\t\t\t<div class=\"elementor-widget-container\">\n\t\t\t\t\t\t\t\t\t<p>This is how the project LE STRADE NUOVE, i.e., \"New streets\" with new palaces for a new time, was born. Garibaldi Street was originally called Strada Nuova. In addition, Balbi Street and San Luca Street contain most of the 42 buildings under UNESCO protection.<\/p><p>In the 16th and 17th centuries, influential families like the Spinola, Lomellini, Brignola, Balbi, Grimaldi, and Doria showcased their wealth and sophisticated taste through the impressive buildings they constructed.<\/p><p>The sumptuous but diverse facilities, which served to receive guests at the highest level, are called the Rolli Palace. There were also subsidies from the Republic for the reception of high-ranking officials, covering the full costs of hospitality services for the highest officials and partially covering the costs of middle-ranking officials' stays, which was precisely prescribed. The reception of important guests with whom deals were concluded was of state importance.<\/p>\t\t\t\t\t\t\t\t<\/div>\n\t\t\t\t<\/div>\n\t\t\t\t\t<\/div>\n\t\t<\/div>\n\t\t\t\t\t<\/div>\n\t\t<\/section>\n\t\t\t\t<section class=\"elementor-section elementor-top-section elementor-element elementor-element-2f68647 elementor-section-boxed elementor-section-height-default elementor-section-height-default qodef-elementor-content-no\" data-id=\"2f68647\" data-element_type=\"section\" data-e-type=\"section\">\n\t\t\t\t\t\t<div class=\"elementor-container elementor-column-gap-default\">\n\t\t\t\t\t<div class=\"elementor-column elementor-col-50 elementor-top-column elementor-element elementor-element-7d52608\" data-id=\"7d52608\" data-element_type=\"column\" data-e-type=\"column\">\n\t\t\t<div class=\"elementor-widget-wrap elementor-element-populated\">\n\t\t\t\t\t\t<div class=\"elementor-element elementor-element-7b5aaf2 elementor-widget elementor-widget-image\" data-id=\"7b5aaf2\" data-element_type=\"widget\" data-e-type=\"widget\" data-widget_type=\"image.default\">\n\t\t\t\t<div class=\"elementor-widget-container\">\n\t\t\t\t\t\t\t\t\t\t\t\t<figure class=\"wp-caption\">\n\t\t\t\t\t\t\t\t\t\t<img loading=\"lazy\" decoding=\"async\" width=\"1024\" height=\"576\" src=\"https:\/\/arxxitektura.rs\/wp-content\/uploads\/2026\/07\/Palazzo-Lomelini-basta.jpg\" class=\"attachment-large size-large wp-image-18388\" alt=\"Palazzo Lomelini, Via Garibaldi\" srcset=\"https:\/\/arxxitektura.rs\/wp-content\/uploads\/2026\/07\/Palazzo-Lomelini-basta.jpg 1024w, https:\/\/arxxitektura.rs\/wp-content\/uploads\/2026\/07\/Palazzo-Lomelini-basta-300x169.jpg 300w, https:\/\/arxxitektura.rs\/wp-content\/uploads\/2026\/07\/Palazzo-Lomelini-basta-768x432.jpg 768w, https:\/\/arxxitektura.rs\/wp-content\/uploads\/2026\/07\/Palazzo-Lomelini-basta-18x10.jpg 18w\" sizes=\"(max-width: 1024px) 100vw, 1024px\" \/>\t\t\t\t\t\t\t\t\t\t\t<figcaption class=\"widget-image-caption wp-caption-text\">Palazzo Lomelini, Via Garibaldi<\/figcaption>\n\t\t\t\t\t\t\t\t\t\t<\/figure>\n\t\t\t\t\t\t\t\t\t<\/div>\n\t\t\t\t<\/div>\n\t\t\t\t<div class=\"elementor-element elementor-element-175934e elementor-widget elementor-widget-image\" data-id=\"175934e\" data-element_type=\"widget\" data-e-type=\"widget\" data-widget_type=\"image.default\">\n\t\t\t\t<div class=\"elementor-widget-container\">\n\t\t\t\t\t\t\t\t\t\t\t\t<figure class=\"wp-caption\">\n\t\t\t\t\t\t\t\t\t\t<img loading=\"lazy\" decoding=\"async\" width=\"1024\" height=\"576\" src=\"https:\/\/arxxitektura.rs\/wp-content\/uploads\/2026\/07\/Palazzo-Lomelini-Djenova.jpg\" class=\"attachment-large size-large wp-image-18387\" alt=\"Palazzo Lomelini, ba\u0161ta\" srcset=\"https:\/\/arxxitektura.rs\/wp-content\/uploads\/2026\/07\/Palazzo-Lomelini-Djenova.jpg 1024w, https:\/\/arxxitektura.rs\/wp-content\/uploads\/2026\/07\/Palazzo-Lomelini-Djenova-300x169.jpg 300w, https:\/\/arxxitektura.rs\/wp-content\/uploads\/2026\/07\/Palazzo-Lomelini-Djenova-768x432.jpg 768w, https:\/\/arxxitektura.rs\/wp-content\/uploads\/2026\/07\/Palazzo-Lomelini-Djenova-18x10.jpg 18w\" sizes=\"(max-width: 1024px) 100vw, 1024px\" \/>\t\t\t\t\t\t\t\t\t\t\t<figcaption class=\"widget-image-caption wp-caption-text\">Palazzo Lomelini, ba\u0161ta<\/figcaption>\n\t\t\t\t\t\t\t\t\t\t<\/figure>\n\t\t\t\t\t\t\t\t\t<\/div>\n\t\t\t\t<\/div>\n\t\t\t\t\t<\/div>\n\t\t<\/div>\n\t\t\t\t<div class=\"elementor-column elementor-col-50 elementor-top-column elementor-element elementor-element-cc2ccde\" data-id=\"cc2ccde\" data-element_type=\"column\" data-e-type=\"column\">\n\t\t\t<div class=\"elementor-widget-wrap elementor-element-populated\">\n\t\t\t\t\t\t<div class=\"elementor-element elementor-element-6a917ee elementor-widget elementor-widget-text-editor\" data-id=\"6a917ee\" data-element_type=\"widget\" data-e-type=\"widget\" data-widget_type=\"text-editor.default\">\n\t\t\t\t<div class=\"elementor-widget-container\">\n\t\t\t\t\t\t\t\t\t<p>This brought novelty to the old city fabric bordered by slums. Private landscaped gardens were created within the palaces, concentrated in today's Garibaldi Street, on the side facing the mountains. At that time, it was an undeveloped area, inaccessible terrain.<\/p><p>Today, this green belt has disappeared, and everything is under buildings. Only a small number of gardens belonging to the palaces have been preserved.<\/p>\t\t\t\t\t\t\t\t<\/div>\n\t\t\t\t<\/div>\n\t\t\t\t\t<\/div>\n\t\t<\/div>\n\t\t\t\t\t<\/div>\n\t\t<\/section>\n\t\t\t\t<section class=\"elementor-section elementor-top-section elementor-element elementor-element-fdd29ca elementor-section-boxed elementor-section-height-default elementor-section-height-default qodef-elementor-content-no\" data-id=\"fdd29ca\" data-element_type=\"section\" data-e-type=\"section\">\n\t\t\t\t\t\t<div class=\"elementor-container elementor-column-gap-default\">\n\t\t\t\t\t<div class=\"elementor-column elementor-col-100 elementor-top-column elementor-element elementor-element-0c1b11d\" data-id=\"0c1b11d\" data-element_type=\"column\" data-e-type=\"column\">\n\t\t\t<div class=\"elementor-widget-wrap elementor-element-populated\">\n\t\t\t\t\t\t<div class=\"elementor-element elementor-element-42c11a7 elementor-widget elementor-widget-text-editor\" data-id=\"42c11a7\" data-element_type=\"widget\" data-e-type=\"widget\" data-widget_type=\"text-editor.default\">\n\t\t\t\t<div class=\"elementor-widget-container\">\n\t\t\t\t\t\t\t\t\t<p>The names of these palaces often changed with their frequent shifts in ownership. In the 19th century, one was chosen as the residence of the King of Sardinia, Carlo Savicci of Savoy. Before that, Napoleon had shown interest in buying it.<\/p><p>Palazzo Reale had a living heir until 2022, Marquis Stefano \u0106esare Durazzo, a descendant of the family that gave the Doge of Genoa. Marquis lived with a sense of modesty, regardless of his glamorous background, working on dialogue between the Catholic and Orthodox churches.<\/p>\t\t\t\t\t\t\t\t<\/div>\n\t\t\t\t<\/div>\n\t\t\t\t\t<\/div>\n\t\t<\/div>\n\t\t\t\t\t<\/div>\n\t\t<\/section>\n\t\t\t\t<section class=\"elementor-section elementor-top-section elementor-element elementor-element-6bf4b6d elementor-section-boxed elementor-section-height-default elementor-section-height-default qodef-elementor-content-no\" data-id=\"6bf4b6d\" data-element_type=\"section\" data-e-type=\"section\">\n\t\t\t\t\t\t<div class=\"elementor-container elementor-column-gap-default\">\n\t\t\t\t\t<div class=\"elementor-column elementor-col-100 elementor-top-column elementor-element elementor-element-262c925\" data-id=\"262c925\" data-element_type=\"column\" data-e-type=\"column\">\n\t\t\t<div class=\"elementor-widget-wrap elementor-element-populated\">\n\t\t\t\t\t\t<div class=\"elementor-element elementor-element-3b9a134 elementor-widget elementor-widget-heading\" data-id=\"3b9a134\" data-element_type=\"widget\" data-e-type=\"widget\" data-widget_type=\"heading.default\">\n\t\t\t\t<div class=\"elementor-widget-container\">\n\t\t\t\t\t<h3 class=\"elementor-heading-title elementor-size-default\">Peter Paul Rubens and Genoa<\/h3>\t\t\t\t<\/div>\n\t\t\t\t<\/div>\n\t\t\t\t\t<\/div>\n\t\t<\/div>\n\t\t\t\t\t<\/div>\n\t\t<\/section>\n\t\t\t\t<section class=\"elementor-section elementor-top-section elementor-element elementor-element-e37ca28 elementor-section-boxed elementor-section-height-default elementor-section-height-default qodef-elementor-content-no\" data-id=\"e37ca28\" data-element_type=\"section\" data-e-type=\"section\">\n\t\t\t\t\t\t<div class=\"elementor-container elementor-column-gap-default\">\n\t\t\t\t\t<div class=\"elementor-column elementor-col-100 elementor-top-column elementor-element elementor-element-d933ee0\" data-id=\"d933ee0\" data-element_type=\"column\" data-e-type=\"column\">\n\t\t\t<div class=\"elementor-widget-wrap elementor-element-populated\">\n\t\t\t\t\t\t<div class=\"elementor-element elementor-element-63339a2 elementor-widget elementor-widget-video\" data-id=\"63339a2\" data-element_type=\"widget\" data-e-type=\"widget\" data-settings=\"{&quot;youtube_url&quot;:&quot;https:\\\/\\\/youtu.be\\\/NVWWvZr8jBs&quot;,&quot;video_type&quot;:&quot;youtube&quot;,&quot;controls&quot;:&quot;yes&quot;}\" data-widget_type=\"video.default\">\n\t\t\t\t<div class=\"elementor-widget-container\">\n\t\t\t\t\t\t\t<div class=\"elementor-wrapper elementor-open-inline\">\n\t\t\t<div class=\"elementor-video\"><\/div>\t\t<\/div>\n\t\t\t\t\t\t<\/div>\n\t\t\t\t<\/div>\n\t\t\t\t\t<\/div>\n\t\t<\/div>\n\t\t\t\t\t<\/div>\n\t\t<\/section>\n\t\t\t\t<section class=\"elementor-section elementor-top-section elementor-element elementor-element-5466d66 elementor-section-boxed elementor-section-height-default elementor-section-height-default qodef-elementor-content-no\" data-id=\"5466d66\" data-element_type=\"section\" data-e-type=\"section\">\n\t\t\t\t\t\t<div class=\"elementor-container elementor-column-gap-default\">\n\t\t\t\t\t<div class=\"elementor-column elementor-col-100 elementor-top-column elementor-element elementor-element-84ecc50\" data-id=\"84ecc50\" data-element_type=\"column\" data-e-type=\"column\">\n\t\t\t<div class=\"elementor-widget-wrap elementor-element-populated\">\n\t\t\t\t\t\t<div class=\"elementor-element elementor-element-63b781c elementor-widget elementor-widget-text-editor\" data-id=\"63b781c\" data-element_type=\"widget\" data-e-type=\"widget\" data-widget_type=\"text-editor.default\">\n\t\t\t\t<div class=\"elementor-widget-container\">\n\t\t\t\t\t\t\t\t\t<p>In the period after 1600. the Flemish painter Rubens stayed in Genoa. The legacy is great.<\/p><p>Behind the modest facade of the Church of St. Ambrose and Andrea, now known as the Church of Christ (Chiesa del Ges\u00f9), lie altar paintings signed by the master, concealing priceless treasures.<\/p><p>Portraits were commissioned in which aristocrats were represented at full height, often on horseback, while wealthy patrons without noble titles could afford only half the figure.<\/p><p>And finally, a book of inestimable value for the history of architecture, composed of engravings on which Rubens presented the \"Palaces of Genoa\" from his pen. His drawings of these palaces remained for eternity. The book I wrote about is for sale in the museum's souvenir shops on Garibaldi Street.<\/p>\t\t\t\t\t\t\t\t<\/div>\n\t\t\t\t<\/div>\n\t\t\t\t\t<\/div>\n\t\t<\/div>\n\t\t\t\t\t<\/div>\n\t\t<\/section>\n\t\t\t\t<section class=\"elementor-section elementor-top-section elementor-element elementor-element-faddf38 elementor-section-boxed elementor-section-height-default elementor-section-height-default qodef-elementor-content-no\" data-id=\"faddf38\" data-element_type=\"section\" data-e-type=\"section\">\n\t\t\t\t\t\t<div class=\"elementor-container elementor-column-gap-default\">\n\t\t\t\t\t<div class=\"elementor-column elementor-col-100 elementor-top-column elementor-element elementor-element-58fea06\" data-id=\"58fea06\" data-element_type=\"column\" data-e-type=\"column\">\n\t\t\t<div class=\"elementor-widget-wrap elementor-element-populated\">\n\t\t\t\t\t\t<div class=\"elementor-element elementor-element-e801a01 elementor-widget elementor-widget-heading\" data-id=\"e801a01\" data-element_type=\"widget\" data-e-type=\"widget\" data-widget_type=\"heading.default\">\n\t\t\t\t<div class=\"elementor-widget-container\">\n\t\t\t\t\t<h3 class=\"elementor-heading-title elementor-size-default\">Cascading cityscape<\/h3>\t\t\t\t<\/div>\n\t\t\t\t<\/div>\n\t\t\t\t\t<\/div>\n\t\t<\/div>\n\t\t\t\t\t<\/div>\n\t\t<\/section>\n\t\t\t\t<section class=\"elementor-section elementor-top-section elementor-element elementor-element-287a81f elementor-section-boxed elementor-section-height-default elementor-section-height-default qodef-elementor-content-no\" data-id=\"287a81f\" data-element_type=\"section\" data-e-type=\"section\">\n\t\t\t\t\t\t<div class=\"elementor-container elementor-column-gap-default\">\n\t\t\t\t\t<div class=\"elementor-column elementor-col-100 elementor-top-column elementor-element elementor-element-1694cd7\" data-id=\"1694cd7\" data-element_type=\"column\" data-e-type=\"column\">\n\t\t\t<div class=\"elementor-widget-wrap elementor-element-populated\">\n\t\t\t\t\t\t<div class=\"elementor-element elementor-element-0c00db2 elementor-widget elementor-widget-text-editor\" data-id=\"0c00db2\" data-element_type=\"widget\" data-e-type=\"widget\" data-widget_type=\"text-editor.default\">\n\t\t\t\t<div class=\"elementor-widget-container\">\n\t\t\t\t\t\t\t\t\t<p>One of the most interesting features of Genoa is the inaccessible terrain on which neighborhoods have sprung up. Overcoming the terrain is achieved by serious engineering retaining walls that form serpentines. This has created a unique look for the city and turned it into a great place for adventure lovers to explore. Around every corner, you may be surprised by something completely unexpected: a church, a park, or a viewpoint.<\/p>\t\t\t\t\t\t\t\t<\/div>\n\t\t\t\t<\/div>\n\t\t\t\t\t<\/div>\n\t\t<\/div>\n\t\t\t\t\t<\/div>\n\t\t<\/section>\n\t\t\t\t<section class=\"elementor-section elementor-top-section elementor-element elementor-element-dbc46bd elementor-section-boxed elementor-section-height-default elementor-section-height-default qodef-elementor-content-no\" data-id=\"dbc46bd\" data-element_type=\"section\" data-e-type=\"section\">\n\t\t\t\t\t\t<div class=\"elementor-container elementor-column-gap-default\">\n\t\t\t\t\t<div class=\"elementor-column elementor-col-50 elementor-top-column elementor-element elementor-element-33dc59f\" data-id=\"33dc59f\" data-element_type=\"column\" data-e-type=\"column\">\n\t\t\t<div class=\"elementor-widget-wrap elementor-element-populated\">\n\t\t\t\t\t\t<div class=\"elementor-element elementor-element-54e63ed elementor-widget elementor-widget-image\" data-id=\"54e63ed\" data-element_type=\"widget\" data-e-type=\"widget\" data-widget_type=\"image.default\">\n\t\t\t\t<div class=\"elementor-widget-container\">\n\t\t\t\t\t\t\t\t\t\t\t\t\t\t\t<img loading=\"lazy\" decoding=\"async\" width=\"1024\" height=\"576\" src=\"https:\/\/arxxitektura.rs\/wp-content\/uploads\/2026\/07\/kaskade-Djenova.jpg\" class=\"attachment-large size-large wp-image-18464\" alt=\"Djenova pejza\u017e\" srcset=\"https:\/\/arxxitektura.rs\/wp-content\/uploads\/2026\/07\/kaskade-Djenova.jpg 1024w, https:\/\/arxxitektura.rs\/wp-content\/uploads\/2026\/07\/kaskade-Djenova-300x169.jpg 300w, https:\/\/arxxitektura.rs\/wp-content\/uploads\/2026\/07\/kaskade-Djenova-768x432.jpg 768w, https:\/\/arxxitektura.rs\/wp-content\/uploads\/2026\/07\/kaskade-Djenova-18x10.jpg 18w\" sizes=\"(max-width: 1024px) 100vw, 1024px\" \/>\t\t\t\t\t\t\t\t\t\t\t\t\t\t\t<\/div>\n\t\t\t\t<\/div>\n\t\t\t\t\t<\/div>\n\t\t<\/div>\n\t\t\t\t<div class=\"elementor-column elementor-col-50 elementor-top-column elementor-element elementor-element-2d60858\" data-id=\"2d60858\" data-element_type=\"column\" data-e-type=\"column\">\n\t\t\t<div class=\"elementor-widget-wrap elementor-element-populated\">\n\t\t\t\t\t\t<div class=\"elementor-element elementor-element-cf5a032 elementor-widget elementor-widget-image\" data-id=\"cf5a032\" data-element_type=\"widget\" data-e-type=\"widget\" data-widget_type=\"image.default\">\n\t\t\t\t<div class=\"elementor-widget-container\">\n\t\t\t\t\t\t\t\t\t\t\t\t\t\t\t<img loading=\"lazy\" decoding=\"async\" width=\"1024\" height=\"576\" src=\"https:\/\/arxxitektura.rs\/wp-content\/uploads\/2026\/07\/Djenova-vidikovac.jpg\" class=\"attachment-large size-large wp-image-18465\" alt=\"Djenova vidikovac 1\" srcset=\"https:\/\/arxxitektura.rs\/wp-content\/uploads\/2026\/07\/Djenova-vidikovac.jpg 1024w, https:\/\/arxxitektura.rs\/wp-content\/uploads\/2026\/07\/Djenova-vidikovac-300x169.jpg 300w, https:\/\/arxxitektura.rs\/wp-content\/uploads\/2026\/07\/Djenova-vidikovac-768x432.jpg 768w, https:\/\/arxxitektura.rs\/wp-content\/uploads\/2026\/07\/Djenova-vidikovac-18x10.jpg 18w\" sizes=\"(max-width: 1024px) 100vw, 1024px\" \/>\t\t\t\t\t\t\t\t\t\t\t\t\t\t\t<\/div>\n\t\t\t\t<\/div>\n\t\t\t\t\t<\/div>\n\t\t<\/div>\n\t\t\t\t\t<\/div>\n\t\t<\/section>\n\t\t\t\t<section class=\"elementor-section elementor-top-section elementor-element elementor-element-ea5cf00 elementor-section-boxed elementor-section-height-default elementor-section-height-default qodef-elementor-content-no\" data-id=\"ea5cf00\" data-element_type=\"section\" data-e-type=\"section\">\n\t\t\t\t\t\t<div class=\"elementor-container elementor-column-gap-default\">\n\t\t\t\t\t<div class=\"elementor-column elementor-col-100 elementor-top-column elementor-element elementor-element-9d01fee\" data-id=\"9d01fee\" data-element_type=\"column\" data-e-type=\"column\">\n\t\t\t<div class=\"elementor-widget-wrap elementor-element-populated\">\n\t\t\t\t\t\t<div class=\"elementor-element elementor-element-de2bf57 elementor-widget elementor-widget-text-editor\" data-id=\"de2bf57\" data-element_type=\"widget\" data-e-type=\"widget\" data-widget_type=\"text-editor.default\">\n\t\t\t\t<div class=\"elementor-widget-container\">\n\t\t\t\t\t\t\t\t\t<p>To make it easier to overcome the height of the Cascades and reach their homes, Genoa installed 11 different modes of transport for the climb. Funiculars, elevators, and various combined systems have become a must-see attraction.<\/p><p>Some of them lead to points with the most beautiful views of the city and the sea.<\/p>\t\t\t\t\t\t\t\t<\/div>\n\t\t\t\t<\/div>\n\t\t\t\t\t<\/div>\n\t\t<\/div>\n\t\t\t\t\t<\/div>\n\t\t<\/section>\n\t\t\t\t<section class=\"elementor-section elementor-top-section elementor-element elementor-element-28dced2 elementor-section-boxed elementor-section-height-default elementor-section-height-default qodef-elementor-content-no\" data-id=\"28dced2\" data-element_type=\"section\" data-e-type=\"section\">\n\t\t\t\t\t\t<div class=\"elementor-container elementor-column-gap-default\">\n\t\t\t\t\t<div class=\"elementor-column elementor-col-100 elementor-top-column elementor-element elementor-element-53328f2\" data-id=\"53328f2\" data-element_type=\"column\" data-e-type=\"column\">\n\t\t\t<div class=\"elementor-widget-wrap elementor-element-populated\">\n\t\t\t\t\t\t<div class=\"elementor-element elementor-element-f603b99 elementor-widget elementor-widget-video\" data-id=\"f603b99\" data-element_type=\"widget\" data-e-type=\"widget\" data-settings=\"{&quot;youtube_url&quot;:&quot;https:\\\/\\\/youtu.be\\\/witKMsf6LGg&quot;,&quot;video_type&quot;:&quot;youtube&quot;,&quot;controls&quot;:&quot;yes&quot;}\" data-widget_type=\"video.default\">\n\t\t\t\t<div class=\"elementor-widget-container\">\n\t\t\t\t\t\t\t<div class=\"elementor-wrapper elementor-open-inline\">\n\t\t\t<div class=\"elementor-video\"><\/div>\t\t<\/div>\n\t\t\t\t\t\t<\/div>\n\t\t\t\t<\/div>\n\t\t\t\t\t<\/div>\n\t\t<\/div>\n\t\t\t\t\t<\/div>\n\t\t<\/section>\n\t\t\t\t<section class=\"elementor-section elementor-top-section elementor-element elementor-element-1eb461c elementor-section-boxed elementor-section-height-default elementor-section-height-default qodef-elementor-content-no\" data-id=\"1eb461c\" data-element_type=\"section\" data-e-type=\"section\">\n\t\t\t\t\t\t<div class=\"elementor-container elementor-column-gap-default\">\n\t\t\t\t\t<div class=\"elementor-column elementor-col-100 elementor-top-column elementor-element elementor-element-18edd41\" data-id=\"18edd41\" data-element_type=\"column\" data-e-type=\"column\">\n\t\t\t<div class=\"elementor-widget-wrap elementor-element-populated\">\n\t\t\t\t\t\t<div class=\"elementor-element elementor-element-baa8ffe elementor-widget elementor-widget-heading\" data-id=\"baa8ffe\" data-element_type=\"widget\" data-e-type=\"widget\" data-widget_type=\"heading.default\">\n\t\t\t\t<div class=\"elementor-widget-container\">\n\t\t\t\t\t<h4 class=\"elementor-heading-title elementor-size-default\">Contemporary architect Renzo Piano leaves his mark on Genoa<\/h4>\t\t\t\t<\/div>\n\t\t\t\t<\/div>\n\t\t\t\t\t<\/div>\n\t\t<\/div>\n\t\t\t\t\t<\/div>\n\t\t<\/section>\n\t\t\t\t<section class=\"elementor-section elementor-top-section elementor-element elementor-element-7ffc6d9 elementor-section-boxed elementor-section-height-default elementor-section-height-default qodef-elementor-content-no\" data-id=\"7ffc6d9\" data-element_type=\"section\" data-e-type=\"section\">\n\t\t\t\t\t\t<div class=\"elementor-container elementor-column-gap-default\">\n\t\t\t\t\t<div class=\"elementor-column elementor-col-100 elementor-top-column elementor-element elementor-element-d953c18\" data-id=\"d953c18\" data-element_type=\"column\" data-e-type=\"column\">\n\t\t\t<div class=\"elementor-widget-wrap elementor-element-populated\">\n\t\t\t\t\t\t<div class=\"elementor-element elementor-element-72a632e elementor-widget elementor-widget-image\" data-id=\"72a632e\" data-element_type=\"widget\" data-e-type=\"widget\" data-widget_type=\"image.default\">\n\t\t\t\t<div class=\"elementor-widget-container\">\n\t\t\t\t\t\t\t\t\t\t\t\t\t\t\t<img loading=\"lazy\" decoding=\"async\" width=\"1024\" height=\"576\" src=\"https:\/\/arxxitektura.rs\/wp-content\/uploads\/2026\/07\/Renzo-Piano-Djenova.jpg\" class=\"attachment-large size-large wp-image-18460\" alt=\"Arh. Renco Piano, turisti;ka luka Djenova\" srcset=\"https:\/\/arxxitektura.rs\/wp-content\/uploads\/2026\/07\/Renzo-Piano-Djenova.jpg 1024w, https:\/\/arxxitektura.rs\/wp-content\/uploads\/2026\/07\/Renzo-Piano-Djenova-300x169.jpg 300w, https:\/\/arxxitektura.rs\/wp-content\/uploads\/2026\/07\/Renzo-Piano-Djenova-768x432.jpg 768w, https:\/\/arxxitektura.rs\/wp-content\/uploads\/2026\/07\/Renzo-Piano-Djenova-18x10.jpg 18w\" sizes=\"(max-width: 1024px) 100vw, 1024px\" \/>\t\t\t\t\t\t\t\t\t\t\t\t\t\t\t<\/div>\n\t\t\t\t<\/div>\n\t\t\t\t\t<\/div>\n\t\t<\/div>\n\t\t\t\t\t<\/div>\n\t\t<\/section>\n\t\t\t\t<section class=\"elementor-section elementor-top-section elementor-element elementor-element-0e3a4fa elementor-section-boxed elementor-section-height-default elementor-section-height-default qodef-elementor-content-no\" data-id=\"0e3a4fa\" data-element_type=\"section\" data-e-type=\"section\">\n\t\t\t\t\t\t<div class=\"elementor-container elementor-column-gap-default\">\n\t\t\t\t\t<div class=\"elementor-column elementor-col-100 elementor-top-column elementor-element elementor-element-3c1c2cc\" data-id=\"3c1c2cc\" data-element_type=\"column\" data-e-type=\"column\">\n\t\t\t<div class=\"elementor-widget-wrap elementor-element-populated\">\n\t\t\t\t\t\t<div class=\"elementor-element elementor-element-c1a46bc elementor-widget elementor-widget-text-editor\" data-id=\"c1a46bc\" data-element_type=\"widget\" data-e-type=\"widget\" data-widget_type=\"text-editor.default\">\n\t\t\t\t<div class=\"elementor-widget-container\">\n\t\t\t\t\t\t\t\t\t<p>Within the touristic part of the marina, new architectural stars were placed, for whose needs one of the greatest Italian architects was hired today.<\/p><p>Renzo Piano designed the Aquarium building with a clean, simple style, complemented by a spherical tropical garden and a striking new feature made of white metal spikes. This distinctive structure echoes the port cranes once used to lift cargo. Now a tourist attraction, it offers visitors a ride in a glass cabin shaped like a bucket, lifting them high enough to take in views of the sea and Genoa\u2019s historic center.<\/p><p>Renzo Piano gave the panorama of the port of Genoa a distinctive landscape that makes it stand out from the sea of \u200b\u200bMediterranean port cities.<\/p>\t\t\t\t\t\t\t\t<\/div>\n\t\t\t\t<\/div>\n\t\t\t\t\t<\/div>\n\t\t<\/div>\n\t\t\t\t\t<\/div>\n\t\t<\/section>\n\t\t\t\t<\/div>","protected":false},"excerpt":{"rendered":"<p>Palate koje su slu\u017eile za prijem gostiju na najvi\u0161em nivou u Djenovi nose naziv Rolli palate. <\/p>","protected":false},"author":1,"featured_media":18320,"comment_status":"closed","ping_status":"open","sticky":false,"template":"","format":"standard","meta":{"_jetpack_newsletter_access":"","_jetpack_dont_email_post_to_subs":false,"_jetpack_newsletter_tier_id":0,"_jetpack_memberships_contains_paywalled_content":false,"_jetpack_memberships_contains_paid_content":false,"footnotes":""},"categories":[18],"tags":[33,103,114],"class_list":["post-18250","post","type-post","status-publish","format-standard","has-post-thumbnail","hentry","category-kontrast-u-arhitekturi","tag-brands","tag-italija","tag-unesco"],"yoast_head":"<!-- This site is optimized with the Yoast SEO plugin v28.4 - https:\/\/yoast.com\/product\/yoast-seo-wordpress\/ -->\n<title>Djenova u kontrastu &#8902; ARXXITEKTURA<\/title>\n<meta name=\"description\" content=\"Djenova je Mediteranski lu\u010dki grad koji \u0107e vas podjednako o\u010darati i otrezniti. Kontrasti i o\u010duvani arhitektonski ostaci o\u017eivljavaju ma\u0161tu.\" \/>\n<meta name=\"robots\" content=\"index, follow, max-snippet:-1, max-image-preview:large, max-video-preview:-1\" \/>\n<link rel=\"canonical\" href=\"https:\/\/arxxitektura.rs\/en\/djenova-u-kontrastu\/\" \/>\n<meta property=\"og:locale\" content=\"en_US\" \/>\n<meta property=\"og:type\" content=\"article\" \/>\n<meta property=\"og:title\" content=\"Djenova u kontrastu &#8902; ARXXITEKTURA\" \/>\n<meta property=\"og:description\" content=\"Djenova je Mediteranski lu\u010dki grad koji \u0107e vas podjednako o\u010darati i otrezniti. Kontrasti i o\u010duvani arhitektonski ostaci o\u017eivljavaju ma\u0161tu.\" \/>\n<meta property=\"og:url\" content=\"https:\/\/arxxitektura.rs\/en\/djenova-u-kontrastu\/\" \/>\n<meta property=\"og:site_name\" content=\"ARXXITEKTURA\" \/>\n<meta property=\"article:published_time\" content=\"2026-08-05T09:37:56+00:00\" \/>\n<meta property=\"og:image\" content=\"https:\/\/arxxitektura.rs\/wp-content\/uploads\/2026\/07\/Djenova-luka.jpg\" \/>\n\t<meta property=\"og:image:width\" content=\"1280\" \/>\n\t<meta property=\"og:image:height\" content=\"720\" \/>\n\t<meta property=\"og:image:type\" content=\"image\/jpeg\" \/>\n<meta name=\"author\" content=\"arxxi_admin\" \/>\n<meta name=\"twitter:card\" content=\"summary_large_image\" \/>\n<meta name=\"twitter:label1\" content=\"Written by\" \/>\n\t<meta name=\"twitter:data1\" content=\"arxxi_admin\" \/>\n\t<meta name=\"twitter:label2\" content=\"Est. reading time\" \/>\n\t<meta name=\"twitter:data2\" content=\"2 minutes\" \/>\n<script type=\"application\/ld+json\" class=\"yoast-schema-graph\">{\"@context\":\"https:\\\/\\\/schema.org\",\"@graph\":[{\"@type\":\"Article\",\"@id\":\"https:\\\/\\\/arxxitektura.rs\\\/djenova-u-kontrastu\\\/#article\",\"isPartOf\":{\"@id\":\"https:\\\/\\\/arxxitektura.rs\\\/djenova-u-kontrastu\\\/\"},\"author\":{\"name\":\"arxxi_admin\",\"@id\":\"https:\\\/\\\/arxxitektura.rs\\\/#\\\/schema\\\/person\\\/4d705f725a59e45c7211c1b818ba95c1\"},\"headline\":\"Djenova u kontrastu\",\"datePublished\":\"2026-08-05T09:37:56+00:00\",\"mainEntityOfPage\":{\"@id\":\"https:\\\/\\\/arxxitektura.rs\\\/djenova-u-kontrastu\\\/\"},\"wordCount\":1178,\"publisher\":{\"@id\":\"https:\\\/\\\/arxxitektura.rs\\\/#\\\/schema\\\/person\\\/4d705f725a59e45c7211c1b818ba95c1\"},\"image\":{\"@id\":\"https:\\\/\\\/arxxitektura.rs\\\/djenova-u-kontrastu\\\/#primaryimage\"},\"thumbnailUrl\":\"https:\\\/\\\/arxxitektura.rs\\\/wp-content\\\/uploads\\\/2026\\\/07\\\/Djenova-luka.jpg\",\"keywords\":[\"Brands\",\"Italija\",\"UNESCO\"],\"articleSection\":[\"Kontrast u arhitekturi\"],\"inLanguage\":\"en-US\"},{\"@type\":\"WebPage\",\"@id\":\"https:\\\/\\\/arxxitektura.rs\\\/djenova-u-kontrastu\\\/\",\"url\":\"https:\\\/\\\/arxxitektura.rs\\\/djenova-u-kontrastu\\\/\",\"name\":\"Djenova u kontrastu &#8902; ARXXITEKTURA\",\"isPartOf\":{\"@id\":\"https:\\\/\\\/arxxitektura.rs\\\/#website\"},\"primaryImageOfPage\":{\"@id\":\"https:\\\/\\\/arxxitektura.rs\\\/djenova-u-kontrastu\\\/#primaryimage\"},\"image\":{\"@id\":\"https:\\\/\\\/arxxitektura.rs\\\/djenova-u-kontrastu\\\/#primaryimage\"},\"thumbnailUrl\":\"https:\\\/\\\/arxxitektura.rs\\\/wp-content\\\/uploads\\\/2026\\\/07\\\/Djenova-luka.jpg\",\"datePublished\":\"2026-08-05T09:37:56+00:00\",\"description\":\"Djenova je Mediteranski lu\u010dki grad koji \u0107e vas podjednako o\u010darati i otrezniti. Kontrasti i o\u010duvani arhitektonski ostaci o\u017eivljavaju ma\u0161tu.\",\"breadcrumb\":{\"@id\":\"https:\\\/\\\/arxxitektura.rs\\\/djenova-u-kontrastu\\\/#breadcrumb\"},\"inLanguage\":\"en-US\",\"potentialAction\":[{\"@type\":\"ReadAction\",\"target\":[\"https:\\\/\\\/arxxitektura.rs\\\/djenova-u-kontrastu\\\/\"]}]},{\"@type\":\"ImageObject\",\"inLanguage\":\"en-US\",\"@id\":\"https:\\\/\\\/arxxitektura.rs\\\/djenova-u-kontrastu\\\/#primaryimage\",\"url\":\"https:\\\/\\\/arxxitektura.rs\\\/wp-content\\\/uploads\\\/2026\\\/07\\\/Djenova-luka.jpg\",\"contentUrl\":\"https:\\\/\\\/arxxitektura.rs\\\/wp-content\\\/uploads\\\/2026\\\/07\\\/Djenova-luka.jpg\",\"width\":1280,\"height\":720,\"caption\":\"Djenova luka\"},{\"@type\":\"BreadcrumbList\",\"@id\":\"https:\\\/\\\/arxxitektura.rs\\\/djenova-u-kontrastu\\\/#breadcrumb\",\"itemListElement\":[{\"@type\":\"ListItem\",\"position\":1,\"name\":\"Home\",\"item\":\"https:\\\/\\\/arxxitektura.rs\\\/\"},{\"@type\":\"ListItem\",\"position\":2,\"name\":\"Djenova u kontrastu\"}]},{\"@type\":\"WebSite\",\"@id\":\"https:\\\/\\\/arxxitektura.rs\\\/#website\",\"url\":\"https:\\\/\\\/arxxitektura.rs\\\/\",\"name\":\"ARXXITEKTURA\",\"description\":\"Blog  Umetnost Kontrasta\",\"publisher\":{\"@id\":\"https:\\\/\\\/arxxitektura.rs\\\/#\\\/schema\\\/person\\\/4d705f725a59e45c7211c1b818ba95c1\"},\"potentialAction\":[{\"@type\":\"SearchAction\",\"target\":{\"@type\":\"EntryPoint\",\"urlTemplate\":\"https:\\\/\\\/arxxitektura.rs\\\/?s={search_term_string}\"},\"query-input\":{\"@type\":\"PropertyValueSpecification\",\"valueRequired\":true,\"valueName\":\"search_term_string\"}}],\"inLanguage\":\"en-US\"},{\"@type\":[\"Person\",\"Organization\"],\"@id\":\"https:\\\/\\\/arxxitektura.rs\\\/#\\\/schema\\\/person\\\/4d705f725a59e45c7211c1b818ba95c1\",\"name\":\"arxxi_admin\",\"image\":{\"@type\":\"ImageObject\",\"inLanguage\":\"en-US\",\"@id\":\"https:\\\/\\\/arxxitektura.rs\\\/wp-content\\\/uploads\\\/2021\\\/06\\\/portret-za-avatar.jpg\",\"url\":\"https:\\\/\\\/arxxitektura.rs\\\/wp-content\\\/uploads\\\/2021\\\/06\\\/portret-za-avatar.jpg\",\"contentUrl\":\"https:\\\/\\\/arxxitektura.rs\\\/wp-content\\\/uploads\\\/2021\\\/06\\\/portret-za-avatar.jpg\",\"width\":281,\"height\":500,\"caption\":\"arxxi_admin\"},\"logo\":{\"@id\":\"https:\\\/\\\/arxxitektura.rs\\\/wp-content\\\/uploads\\\/2021\\\/06\\\/portret-za-avatar.jpg\"},\"description\":\"Arhitekta po obrazovanju . Istra\u017eujem teoretske osnove izgradnje savremenih objekata u istorijskom gradskom jezgru . Za\u0161tita istorijskog nasle\u0111a kroz revitalizaciju - novi \u017eivot za stare objekte .\",\"sameAs\":[\"https:\\\/\\\/arxxitektura.rs\",\"https:\\\/\\\/www.instagram.com\\\/arxxitekt\\\/\",\"https:\\\/\\\/www.pinterest.com\\\/artofcontrasting\\\/\",\"https:\\\/\\\/www.youtube.com\\\/channel\\\/UCAQHSoecXQ2ppMNFcrAO-4w\"]}]}<\/script>\n<!-- \/ Yoast SEO plugin. -->","yoast_head_json":{"title":"Djenova u kontrastu &#8902; ARXXITEKTURA","description":"Djenova je Mediteranski lu\u010dki grad koji \u0107e vas podjednako o\u010darati i otrezniti. Kontrasti i o\u010duvani arhitektonski ostaci o\u017eivljavaju ma\u0161tu.","robots":{"index":"index","follow":"follow","max-snippet":"max-snippet:-1","max-image-preview":"max-image-preview:large","max-video-preview":"max-video-preview:-1"},"canonical":"https:\/\/arxxitektura.rs\/en\/djenova-u-kontrastu\/","og_locale":"en_US","og_type":"article","og_title":"Djenova u kontrastu &#8902; ARXXITEKTURA","og_description":"Djenova je Mediteranski lu\u010dki grad koji \u0107e vas podjednako o\u010darati i otrezniti. Kontrasti i o\u010duvani arhitektonski ostaci o\u017eivljavaju ma\u0161tu.","og_url":"https:\/\/arxxitektura.rs\/en\/djenova-u-kontrastu\/","og_site_name":"ARXXITEKTURA","article_published_time":"2026-08-05T09:37:56+00:00","og_image":[{"width":1280,"height":720,"url":"https:\/\/arxxitektura.rs\/wp-content\/uploads\/2026\/07\/Djenova-luka.jpg","type":"image\/jpeg"}],"author":"arxxi_admin","twitter_card":"summary_large_image","twitter_misc":{"Written by":"arxxi_admin","Est. reading time":"2 minutes"},"schema":{"@context":"https:\/\/schema.org","@graph":[{"@type":"Article","@id":"https:\/\/arxxitektura.rs\/djenova-u-kontrastu\/#article","isPartOf":{"@id":"https:\/\/arxxitektura.rs\/djenova-u-kontrastu\/"},"author":{"name":"arxxi_admin","@id":"https:\/\/arxxitektura.rs\/#\/schema\/person\/4d705f725a59e45c7211c1b818ba95c1"},"headline":"Djenova u kontrastu","datePublished":"2026-08-05T09:37:56+00:00","mainEntityOfPage":{"@id":"https:\/\/arxxitektura.rs\/djenova-u-kontrastu\/"},"wordCount":1178,"publisher":{"@id":"https:\/\/arxxitektura.rs\/#\/schema\/person\/4d705f725a59e45c7211c1b818ba95c1"},"image":{"@id":"https:\/\/arxxitektura.rs\/djenova-u-kontrastu\/#primaryimage"},"thumbnailUrl":"https:\/\/arxxitektura.rs\/wp-content\/uploads\/2026\/07\/Djenova-luka.jpg","keywords":["Brands","Italija","UNESCO"],"articleSection":["Kontrast u arhitekturi"],"inLanguage":"en-US"},{"@type":"WebPage","@id":"https:\/\/arxxitektura.rs\/djenova-u-kontrastu\/","url":"https:\/\/arxxitektura.rs\/djenova-u-kontrastu\/","name":"Djenova u kontrastu &#8902; ARXXITEKTURA","isPartOf":{"@id":"https:\/\/arxxitektura.rs\/#website"},"primaryImageOfPage":{"@id":"https:\/\/arxxitektura.rs\/djenova-u-kontrastu\/#primaryimage"},"image":{"@id":"https:\/\/arxxitektura.rs\/djenova-u-kontrastu\/#primaryimage"},"thumbnailUrl":"https:\/\/arxxitektura.rs\/wp-content\/uploads\/2026\/07\/Djenova-luka.jpg","datePublished":"2026-08-05T09:37:56+00:00","description":"Djenova je Mediteranski lu\u010dki grad koji \u0107e vas podjednako o\u010darati i otrezniti. Kontrasti i o\u010duvani arhitektonski ostaci o\u017eivljavaju ma\u0161tu.","breadcrumb":{"@id":"https:\/\/arxxitektura.rs\/djenova-u-kontrastu\/#breadcrumb"},"inLanguage":"en-US","potentialAction":[{"@type":"ReadAction","target":["https:\/\/arxxitektura.rs\/djenova-u-kontrastu\/"]}]},{"@type":"ImageObject","inLanguage":"en-US","@id":"https:\/\/arxxitektura.rs\/djenova-u-kontrastu\/#primaryimage","url":"https:\/\/arxxitektura.rs\/wp-content\/uploads\/2026\/07\/Djenova-luka.jpg","contentUrl":"https:\/\/arxxitektura.rs\/wp-content\/uploads\/2026\/07\/Djenova-luka.jpg","width":1280,"height":720,"caption":"Djenova luka"},{"@type":"BreadcrumbList","@id":"https:\/\/arxxitektura.rs\/djenova-u-kontrastu\/#breadcrumb","itemListElement":[{"@type":"ListItem","position":1,"name":"Home","item":"https:\/\/arxxitektura.rs\/"},{"@type":"ListItem","position":2,"name":"Djenova u kontrastu"}]},{"@type":"WebSite","@id":"https:\/\/arxxitektura.rs\/#website","url":"https:\/\/arxxitektura.rs\/","name":"ARXXITEKTURA","description":"Blog  Umetnost Kontrasta","publisher":{"@id":"https:\/\/arxxitektura.rs\/#\/schema\/person\/4d705f725a59e45c7211c1b818ba95c1"},"potentialAction":[{"@type":"SearchAction","target":{"@type":"EntryPoint","urlTemplate":"https:\/\/arxxitektura.rs\/?s={search_term_string}"},"query-input":{"@type":"PropertyValueSpecification","valueRequired":true,"valueName":"search_term_string"}}],"inLanguage":"en-US"},{"@type":["Person","Organization"],"@id":"https:\/\/arxxitektura.rs\/#\/schema\/person\/4d705f725a59e45c7211c1b818ba95c1","name":"arxxi_admin","image":{"@type":"ImageObject","inLanguage":"en-US","@id":"https:\/\/arxxitektura.rs\/wp-content\/uploads\/2021\/06\/portret-za-avatar.jpg","url":"https:\/\/arxxitektura.rs\/wp-content\/uploads\/2021\/06\/portret-za-avatar.jpg","contentUrl":"https:\/\/arxxitektura.rs\/wp-content\/uploads\/2021\/06\/portret-za-avatar.jpg","width":281,"height":500,"caption":"arxxi_admin"},"logo":{"@id":"https:\/\/arxxitektura.rs\/wp-content\/uploads\/2021\/06\/portret-za-avatar.jpg"},"description":"Architect by education. I am researching the theoretical foundations of the construction of modern buildings in the historic city core. Protection of historical heritage through revitalization - new life for old buildings.","sameAs":["https:\/\/arxxitektura.rs","https:\/\/www.instagram.com\/arxxitekt\/","https:\/\/www.pinterest.com\/artofcontrasting\/","https:\/\/www.youtube.com\/channel\/UCAQHSoecXQ2ppMNFcrAO-4w"]}]}},"jetpack_sharing_enabled":true,"jetpack_featured_media_url":"https:\/\/arxxitektura.rs\/wp-content\/uploads\/2026\/07\/Djenova-luka.jpg","_links":{"self":[{"href":"https:\/\/arxxitektura.rs\/en\/wp-json\/wp\/v2\/posts\/18250","targetHints":{"allow":["GET"]}}],"collection":[{"href":"https:\/\/arxxitektura.rs\/en\/wp-json\/wp\/v2\/posts"}],"about":[{"href":"https:\/\/arxxitektura.rs\/en\/wp-json\/wp\/v2\/types\/post"}],"author":[{"embeddable":true,"href":"https:\/\/arxxitektura.rs\/en\/wp-json\/wp\/v2\/users\/1"}],"replies":[{"embeddable":true,"href":"https:\/\/arxxitektura.rs\/en\/wp-json\/wp\/v2\/comments?post=18250"}],"version-history":[{"count":305,"href":"https:\/\/arxxitektura.rs\/en\/wp-json\/wp\/v2\/posts\/18250\/revisions"}],"predecessor-version":[{"id":18574,"href":"https:\/\/arxxitektura.rs\/en\/wp-json\/wp\/v2\/posts\/18250\/revisions\/18574"}],"wp:featuredmedia":[{"embeddable":true,"href":"https:\/\/arxxitektura.rs\/en\/wp-json\/wp\/v2\/media\/18320"}],"wp:attachment":[{"href":"https:\/\/arxxitektura.rs\/en\/wp-json\/wp\/v2\/media?parent=18250"}],"wp:term":[{"taxonomy":"category","embeddable":true,"href":"https:\/\/arxxitektura.rs\/en\/wp-json\/wp\/v2\/categories?post=18250"},{"taxonomy":"post_tag","embeddable":true,"href":"https:\/\/arxxitektura.rs\/en\/wp-json\/wp\/v2\/tags?post=18250"}],"curies":[{"name":"wp","href":"https:\/\/api.w.org\/{rel}","templated":true}]}}