{"id":18591,"date":"2026-08-31T20:11:07","date_gmt":"2026-08-31T18:11:07","guid":{"rendered":"https:\/\/arxxitektura.rs\/?p=18591"},"modified":"2026-08-31T20:17:58","modified_gmt":"2026-08-31T18:17:58","slug":"olafur-eliasson-saucesnik-u-minhenskim-kontrastima","status":"publish","type":"post","link":"https:\/\/arxxitektura.rs\/en\/olafur-eliasson-saucesnik-u-minhenskim-kontrastima\/","title":{"rendered":"Olafur Eliasson \"complicit\" in the Munich contrasts"},"content":{"rendered":"<div data-elementor-type=\"wp-post\" data-elementor-id=\"18591\" class=\"elementor elementor-18591\">\n\t\t\t\t\t\t<section class=\"elementor-section elementor-top-section elementor-element elementor-element-1d582b3 elementor-section-boxed elementor-section-height-default elementor-section-height-default qodef-elementor-content-no\" data-id=\"1d582b3\" data-element_type=\"section\" data-e-type=\"section\">\n\t\t\t\t\t\t<div class=\"elementor-container elementor-column-gap-default\">\n\t\t\t\t\t<div class=\"elementor-column elementor-col-100 elementor-top-column elementor-element elementor-element-c9afcb5\" data-id=\"c9afcb5\" data-element_type=\"column\" data-e-type=\"column\">\n\t\t\t<div class=\"elementor-widget-wrap elementor-element-populated\">\n\t\t\t\t\t\t<div class=\"elementor-element elementor-element-0eefaf5 elementor-widget elementor-widget-elipsa_core_dropcaps\" data-id=\"0eefaf5\" data-element_type=\"widget\" data-e-type=\"widget\" data-widget_type=\"elipsa_core_dropcaps.default\">\n\t\t\t\t<div class=\"elementor-widget-container\">\n\t\t\t\t\t<div class=\"qodef-shortcode qodef-m qodef-dropcaps qodef-type--simple\">\n\t<span class=\"qodef-m-letter\" >M<\/span>\n\t\t\t<p class=\"qodef-m-text\" >unich has preserved its original city center, which dates back to the 17th century. A stroll through this historic area allows visitors to experience the past, thanks to the restored buildings that define the city's character.\nFor these very reasons, jumping out of the past brings new sensations and emotions and causes tensions in the city's fabric.\n<\/p>\n\t<\/div>\t\t\t\t<\/div>\n\t\t\t\t<\/div>\n\t\t\t\t<section class=\"elementor-section elementor-inner-section elementor-element elementor-element-ad49121 elementor-section-boxed elementor-section-height-default elementor-section-height-default qodef-elementor-content-no\" data-id=\"ad49121\" data-element_type=\"section\" data-e-type=\"section\">\n\t\t\t\t\t\t<div class=\"elementor-container elementor-column-gap-default\">\n\t\t\t\t\t<div class=\"elementor-column elementor-col-50 elementor-inner-column elementor-element elementor-element-d47a09b\" data-id=\"d47a09b\" data-element_type=\"column\" data-e-type=\"column\">\n\t\t\t<div class=\"elementor-widget-wrap elementor-element-populated\">\n\t\t\t\t\t\t<div class=\"elementor-element elementor-element-d2352fb elementor-widget elementor-widget-image\" data-id=\"d2352fb\" data-element_type=\"widget\" data-e-type=\"widget\" data-widget_type=\"image.default\">\n\t\t\t\t<div class=\"elementor-widget-container\">\n\t\t\t\t\t\t\t\t\t\t\t\t<figure class=\"wp-caption\">\n\t\t\t\t\t\t\t\t\t\t<img fetchpriority=\"high\" decoding=\"async\" width=\"450\" height=\"600\" src=\"https:\/\/arxxitektura.rs\/wp-content\/uploads\/2026\/08\/Minhen-u-kontrastu.jpg\" class=\"attachment-large size-large wp-image-18646\" alt=\"Minhen Marienplatz\" srcset=\"https:\/\/arxxitektura.rs\/wp-content\/uploads\/2026\/08\/Minhen-u-kontrastu.jpg 450w, https:\/\/arxxitektura.rs\/wp-content\/uploads\/2026\/08\/Minhen-u-kontrastu-225x300.jpg 225w, https:\/\/arxxitektura.rs\/wp-content\/uploads\/2026\/08\/Minhen-u-kontrastu-9x12.jpg 9w\" sizes=\"(max-width: 450px) 100vw, 450px\" \/>\t\t\t\t\t\t\t\t\t\t\t<figcaption class=\"widget-image-caption wp-caption-text\">Minhen Marienplatz<\/figcaption>\n\t\t\t\t\t\t\t\t\t\t<\/figure>\n\t\t\t\t\t\t\t\t\t<\/div>\n\t\t\t\t<\/div>\n\t\t\t\t\t<\/div>\n\t\t<\/div>\n\t\t\t\t<div class=\"elementor-column elementor-col-50 elementor-inner-column elementor-element elementor-element-d75cf48\" data-id=\"d75cf48\" data-element_type=\"column\" data-e-type=\"column\">\n\t\t\t<div class=\"elementor-widget-wrap elementor-element-populated\">\n\t\t\t\t\t\t<div class=\"elementor-element elementor-element-ffef841 elementor-widget elementor-widget-image\" data-id=\"ffef841\" data-element_type=\"widget\" data-e-type=\"widget\" data-widget_type=\"image.default\">\n\t\t\t\t<div class=\"elementor-widget-container\">\n\t\t\t\t\t\t\t\t\t\t\t\t<figure class=\"wp-caption\">\n\t\t\t\t\t\t\t\t\t\t<img decoding=\"async\" width=\"453\" height=\"600\" src=\"https:\/\/arxxitektura.rs\/wp-content\/uploads\/2026\/08\/Minhen-u-kontrastu-1.jpg\" class=\"attachment-large size-large wp-image-18647\" alt=\"Minhen u kontrastu\" srcset=\"https:\/\/arxxitektura.rs\/wp-content\/uploads\/2026\/08\/Minhen-u-kontrastu-1.jpg 453w, https:\/\/arxxitektura.rs\/wp-content\/uploads\/2026\/08\/Minhen-u-kontrastu-1-227x300.jpg 227w, https:\/\/arxxitektura.rs\/wp-content\/uploads\/2026\/08\/Minhen-u-kontrastu-1-9x12.jpg 9w\" sizes=\"(max-width: 453px) 100vw, 453px\" \/>\t\t\t\t\t\t\t\t\t\t\t<figcaption class=\"widget-image-caption wp-caption-text\">Munich in contrast<\/figcaption>\n\t\t\t\t\t\t\t\t\t\t<\/figure>\n\t\t\t\t\t\t\t\t\t<\/div>\n\t\t\t\t<\/div>\n\t\t\t\t\t<\/div>\n\t\t<\/div>\n\t\t\t\t\t<\/div>\n\t\t<\/section>\n\t\t\t\t<section class=\"elementor-section elementor-inner-section elementor-element elementor-element-71c4a87 elementor-section-boxed elementor-section-height-default elementor-section-height-default qodef-elementor-content-no\" data-id=\"71c4a87\" data-element_type=\"section\" data-e-type=\"section\">\n\t\t\t\t\t\t<div class=\"elementor-container elementor-column-gap-default\">\n\t\t\t\t\t<div class=\"elementor-column elementor-col-50 elementor-inner-column elementor-element elementor-element-f1a502a\" data-id=\"f1a502a\" data-element_type=\"column\" data-e-type=\"column\">\n\t\t\t<div class=\"elementor-widget-wrap elementor-element-populated\">\n\t\t\t\t\t\t<div class=\"elementor-element elementor-element-81c2b7c elementor-widget elementor-widget-image\" data-id=\"81c2b7c\" data-element_type=\"widget\" data-e-type=\"widget\" data-widget_type=\"image.default\">\n\t\t\t\t<div class=\"elementor-widget-container\">\n\t\t\t\t\t\t\t\t\t\t\t\t\t\t\t<img decoding=\"async\" width=\"450\" height=\"600\" src=\"https:\/\/arxxitektura.rs\/wp-content\/uploads\/2026\/08\/Minhen-u-kontrastu-2.jpg\" class=\"attachment-large size-large wp-image-18648\" alt=\"Minhen u kontrastu staro kontra novo\" srcset=\"https:\/\/arxxitektura.rs\/wp-content\/uploads\/2026\/08\/Minhen-u-kontrastu-2.jpg 450w, https:\/\/arxxitektura.rs\/wp-content\/uploads\/2026\/08\/Minhen-u-kontrastu-2-225x300.jpg 225w, https:\/\/arxxitektura.rs\/wp-content\/uploads\/2026\/08\/Minhen-u-kontrastu-2-9x12.jpg 9w\" sizes=\"(max-width: 450px) 100vw, 450px\" \/>\t\t\t\t\t\t\t\t\t\t\t\t\t\t\t<\/div>\n\t\t\t\t<\/div>\n\t\t\t\t\t<\/div>\n\t\t<\/div>\n\t\t\t\t<div class=\"elementor-column elementor-col-50 elementor-inner-column elementor-element elementor-element-8aa4d39\" data-id=\"8aa4d39\" data-element_type=\"column\" data-e-type=\"column\">\n\t\t\t<div class=\"elementor-widget-wrap elementor-element-populated\">\n\t\t\t\t\t\t<div class=\"elementor-element elementor-element-1a0027e elementor-widget elementor-widget-video\" data-id=\"1a0027e\" data-element_type=\"widget\" data-e-type=\"widget\" data-settings=\"{&quot;video_type&quot;:&quot;hosted&quot;,&quot;controls&quot;:&quot;yes&quot;}\" data-widget_type=\"video.default\">\n\t\t\t\t<div class=\"elementor-widget-container\">\n\t\t\t\t\t\t\t<div class=\"e-hosted-video elementor-wrapper elementor-open-inline\">\n\t\t\t\t\t<video class=\"elementor-video\" src=\"https:\/\/arxxitektura.rs\/wp-content\/uploads\/2026\/08\/Minhen-u-kontrastu-3.mp4\" controls=\"\" preload=\"metadata\" controlslist=\"nodownload\"><\/video>\n\t\t\t\t<\/div>\n\t\t\t\t\t\t<\/div>\n\t\t\t\t<\/div>\n\t\t\t\t\t<\/div>\n\t\t<\/div>\n\t\t\t\t\t<\/div>\n\t\t<\/section>\n\t\t\t\t<div class=\"elementor-element elementor-element-9a5388e elementor-widget elementor-widget-heading\" data-id=\"9a5388e\" data-element_type=\"widget\" data-e-type=\"widget\" data-widget_type=\"heading.default\">\n\t\t\t\t<div class=\"elementor-widget-container\">\n\t\t\t\t\t<h4 class=\"elementor-heading-title elementor-size-default\">The gallery in the Lenbachhaus jumps out of the routine<\/h4>\t\t\t\t<\/div>\n\t\t\t\t<\/div>\n\t\t\t\t<div class=\"elementor-element elementor-element-0d26c42 elementor-widget elementor-widget-text-editor\" data-id=\"0d26c42\" data-element_type=\"widget\" data-e-type=\"widget\" data-widget_type=\"text-editor.default\">\n\t\t\t\t<div class=\"elementor-widget-container\">\n\t\t\t\t\t\t\t\t\t<p>The St\u00e4dtische Galerie im Lenbachhaus is renowned for its impressive collection of \"Blue Rider\" art from the early 20th century. This influential artistic movement was founded by Wassily Kandinsky, Franz Marc, Paul Klee, and Gabriele M\u00fcnter. For her 80th birthday, M\u00fcnter donated a significant portion of the collection to the museum. You can learn more about Wassily Kandinsky's painting at this link. <strong><a href=\"https:\/\/arxxitektura.rs\/en\/kandinski-slika-muziku-po-prvi-put-u-likovnoj-umetnosti\/\" target=\"_blank\" rel=\"noopener\">Kandinsky paints music for the first time in fine art<\/a><\/strong><\/p>\t\t\t\t\t\t\t\t<\/div>\n\t\t\t\t<\/div>\n\t\t\t\t<div class=\"elementor-element elementor-element-5cedf5d elementor-widget elementor-widget-image\" data-id=\"5cedf5d\" data-element_type=\"widget\" data-e-type=\"widget\" data-widget_type=\"image.default\">\n\t\t\t\t<div class=\"elementor-widget-container\">\n\t\t\t\t\t\t\t\t\t\t\t\t<figure class=\"wp-caption\">\n\t\t\t\t\t\t\t\t\t\t<img loading=\"lazy\" decoding=\"async\" width=\"768\" height=\"576\" src=\"https:\/\/arxxitektura.rs\/wp-content\/uploads\/2026\/08\/Stadtische-Galerie-im-Lenbahhaus-768x576.jpg\" class=\"attachment-medium_large size-medium_large wp-image-18587\" alt=\"Stadtische Galerie im Lenbahhaus, Foster &amp; Partners\" srcset=\"https:\/\/arxxitektura.rs\/wp-content\/uploads\/2026\/08\/Stadtische-Galerie-im-Lenbahhaus-768x576.jpg 768w, https:\/\/arxxitektura.rs\/wp-content\/uploads\/2026\/08\/Stadtische-Galerie-im-Lenbahhaus-300x225.jpg 300w, https:\/\/arxxitektura.rs\/wp-content\/uploads\/2026\/08\/Stadtische-Galerie-im-Lenbahhaus-16x12.jpg 16w, https:\/\/arxxitektura.rs\/wp-content\/uploads\/2026\/08\/Stadtische-Galerie-im-Lenbahhaus.jpg 1024w\" sizes=\"(max-width: 768px) 100vw, 768px\" \/>\t\t\t\t\t\t\t\t\t\t\t<figcaption class=\"widget-image-caption wp-caption-text\">Stadtische Galerie im Lenbahhaus, Foster &amp; Partners<\/figcaption>\n\t\t\t\t\t\t\t\t\t\t<\/figure>\n\t\t\t\t\t\t\t\t\t<\/div>\n\t\t\t\t<\/div>\n\t\t\t\t<div class=\"elementor-element elementor-element-5c22c9c elementor-widget elementor-widget-qi_addons_for_elementor_blockquote\" data-id=\"5c22c9c\" data-element_type=\"widget\" data-e-type=\"widget\" data-widget_type=\"qi_addons_for_elementor_blockquote.default\">\n\t\t\t\t<div class=\"elementor-widget-container\">\n\t\t\t\t\t<div class=\"qodef-shortcode qodef-m qodef-qi-blockquote qodef-layout--top qodef--icon-pack\">\n\t\t\t<div class=\"qodef-m-icon\">\n\t\t\t<i aria-hidden=\"true\" class=\"fas fa-quote-right\"><\/i>\t\t<\/div>\n\t\t\t\t<h3 class=\"qodef-m-text\">\n\t\t\t\"You can imagine the opposite\"\t\t<\/h3>\n\t<\/div>\n\t\t\t\t<\/div>\n\t\t\t\t<\/div>\n\t\t\t\t\t<\/div>\n\t\t<\/div>\n\t\t\t\t\t<\/div>\n\t\t<\/section>\n\t\t\t\t<section class=\"elementor-section elementor-top-section elementor-element elementor-element-0bd075e elementor-section-boxed elementor-section-height-default elementor-section-height-default qodef-elementor-content-no\" data-id=\"0bd075e\" data-element_type=\"section\" data-e-type=\"section\">\n\t\t\t\t\t\t<div class=\"elementor-container elementor-column-gap-default\">\n\t\t\t\t\t<div class=\"elementor-column elementor-col-50 elementor-top-column elementor-element elementor-element-ada8007\" data-id=\"ada8007\" data-element_type=\"column\" data-e-type=\"column\">\n\t\t\t<div class=\"elementor-widget-wrap elementor-element-populated\">\n\t\t\t\t\t\t<div class=\"elementor-element elementor-element-023992c elementor-widget elementor-widget-video\" data-id=\"023992c\" data-element_type=\"widget\" data-e-type=\"widget\" data-settings=\"{&quot;video_type&quot;:&quot;hosted&quot;,&quot;controls&quot;:&quot;yes&quot;}\" data-widget_type=\"video.default\">\n\t\t\t\t<div class=\"elementor-widget-container\">\n\t\t\t\t\t\t\t<div class=\"e-hosted-video elementor-wrapper elementor-open-inline\">\n\t\t\t\t\t<video class=\"elementor-video\" src=\"https:\/\/arxxitektura.rs\/wp-content\/uploads\/2026\/08\/Galerija-im-Lebehhaus-video.mp4\" controls=\"\" preload=\"metadata\" controlslist=\"nodownload\"><\/video>\n\t\t\t\t<\/div>\n\t\t\t\t\t\t<\/div>\n\t\t\t\t<\/div>\n\t\t\t\t\t<\/div>\n\t\t<\/div>\n\t\t\t\t<div class=\"elementor-column elementor-col-50 elementor-top-column elementor-element elementor-element-1a93cdd\" data-id=\"1a93cdd\" data-element_type=\"column\" data-e-type=\"column\">\n\t\t\t<div class=\"elementor-widget-wrap elementor-element-populated\">\n\t\t\t\t\t\t<div class=\"elementor-element elementor-element-ad9bcb2 elementor-widget elementor-widget-text-editor\" data-id=\"ad9bcb2\" data-element_type=\"widget\" data-e-type=\"widget\" data-widget_type=\"text-editor.default\">\n\t\t\t\t<div class=\"elementor-widget-container\">\n\t\t\t\t\t\t\t\t\t<p>The neon sign in the garden of the museum highlights the architectural expression of the Lenbachhaus Gallery, consisting of two distinct objects.<\/p><p>Villa Mahlerf\u00fcrsten, built in 1891, was the home of the German artist Franz von Lenbach, after whom the gallery is named. The second architectural expansion, designed by the renowned firm Foster &amp; Partners, was completed in 2013, replacing the wing that was destroyed in 1970.<\/p><p>The duality of the architectural styles in this museum is evident not only in the exterior facade but also within the interior of the building. The new structure, without trying to blend in, appears to have been partially \"swallowed\" by the old one. As a result, one facade of the villa can be viewed within the closed atrium.<\/p><p>A closed piazzetta was formed precisely at the junction of the two buildings. It is embellished with a glass sculpture by one of the most famous artists today - Olafur Eliasson.<\/p>\t\t\t\t\t\t\t\t<\/div>\n\t\t\t\t<\/div>\n\t\t\t\t\t<\/div>\n\t\t<\/div>\n\t\t\t\t\t<\/div>\n\t\t<\/section>\n\t\t\t\t<section class=\"elementor-section elementor-top-section elementor-element elementor-element-55d23cf elementor-section-boxed elementor-section-height-default elementor-section-height-default qodef-elementor-content-no\" data-id=\"55d23cf\" data-element_type=\"section\" data-e-type=\"section\">\n\t\t\t\t\t\t<div class=\"elementor-container elementor-column-gap-default\">\n\t\t\t\t\t<div class=\"elementor-column elementor-col-100 elementor-top-column elementor-element elementor-element-5244229\" data-id=\"5244229\" data-element_type=\"column\" data-e-type=\"column\">\n\t\t\t<div class=\"elementor-widget-wrap elementor-element-populated\">\n\t\t\t\t\t\t<section class=\"elementor-section elementor-inner-section elementor-element elementor-element-6bbf498 elementor-section-boxed elementor-section-height-default elementor-section-height-default qodef-elementor-content-no\" data-id=\"6bbf498\" data-element_type=\"section\" data-e-type=\"section\">\n\t\t\t\t\t\t<div class=\"elementor-container elementor-column-gap-default\">\n\t\t\t\t\t<div class=\"elementor-column elementor-col-50 elementor-inner-column elementor-element elementor-element-af4c5df\" data-id=\"af4c5df\" data-element_type=\"column\" data-e-type=\"column\">\n\t\t\t<div class=\"elementor-widget-wrap elementor-element-populated\">\n\t\t\t\t\t\t<div class=\"elementor-element elementor-element-4032ec0 elementor-widget elementor-widget-image\" data-id=\"4032ec0\" data-element_type=\"widget\" data-e-type=\"widget\" data-widget_type=\"image.default\">\n\t\t\t\t<div class=\"elementor-widget-container\">\n\t\t\t\t\t\t\t\t\t\t\t\t<figure class=\"wp-caption\">\n\t\t\t\t\t\t\t\t\t\t<img loading=\"lazy\" decoding=\"async\" width=\"1024\" height=\"768\" src=\"https:\/\/arxxitektura.rs\/wp-content\/uploads\/2026\/08\/Stadtische-Galerie-im-Lenbahhaus-2.jpg\" class=\"attachment-large size-large wp-image-18589\" alt=\"Stadtische Galerie im Lenbahhaus u okru\u017eenju, Minhen\" srcset=\"https:\/\/arxxitektura.rs\/wp-content\/uploads\/2026\/08\/Stadtische-Galerie-im-Lenbahhaus-2.jpg 1024w, https:\/\/arxxitektura.rs\/wp-content\/uploads\/2026\/08\/Stadtische-Galerie-im-Lenbahhaus-2-300x225.jpg 300w, https:\/\/arxxitektura.rs\/wp-content\/uploads\/2026\/08\/Stadtische-Galerie-im-Lenbahhaus-2-768x576.jpg 768w, https:\/\/arxxitektura.rs\/wp-content\/uploads\/2026\/08\/Stadtische-Galerie-im-Lenbahhaus-2-16x12.jpg 16w\" sizes=\"(max-width: 1024px) 100vw, 1024px\" \/>\t\t\t\t\t\t\t\t\t\t\t<figcaption class=\"widget-image-caption wp-caption-text\">St\u00e4dtische Galerie im Lenbachhaus in surroundings, Munich<\/figcaption>\n\t\t\t\t\t\t\t\t\t\t<\/figure>\n\t\t\t\t\t\t\t\t\t<\/div>\n\t\t\t\t<\/div>\n\t\t\t\t\t<\/div>\n\t\t<\/div>\n\t\t\t\t<div class=\"elementor-column elementor-col-50 elementor-inner-column elementor-element elementor-element-265f448\" data-id=\"265f448\" data-element_type=\"column\" data-e-type=\"column\">\n\t\t\t<div class=\"elementor-widget-wrap elementor-element-populated\">\n\t\t\t\t\t\t<div class=\"elementor-element elementor-element-6df6485 elementor-widget elementor-widget-image\" data-id=\"6df6485\" data-element_type=\"widget\" data-e-type=\"widget\" data-widget_type=\"image.default\">\n\t\t\t\t<div class=\"elementor-widget-container\">\n\t\t\t\t\t\t\t\t\t\t\t\t<figure class=\"wp-caption\">\n\t\t\t\t\t\t\t\t\t\t<img loading=\"lazy\" decoding=\"async\" width=\"1024\" height=\"768\" src=\"https:\/\/arxxitektura.rs\/wp-content\/uploads\/2026\/08\/Dva-objekta-Galerije-im-Lenbahhaus.jpg\" class=\"attachment-large size-large wp-image-18590\" alt=\"Dva objekta Stadtische Galerie im Lenbahhaus\" srcset=\"https:\/\/arxxitektura.rs\/wp-content\/uploads\/2026\/08\/Dva-objekta-Galerije-im-Lenbahhaus.jpg 1024w, https:\/\/arxxitektura.rs\/wp-content\/uploads\/2026\/08\/Dva-objekta-Galerije-im-Lenbahhaus-300x225.jpg 300w, https:\/\/arxxitektura.rs\/wp-content\/uploads\/2026\/08\/Dva-objekta-Galerije-im-Lenbahhaus-768x576.jpg 768w, https:\/\/arxxitektura.rs\/wp-content\/uploads\/2026\/08\/Dva-objekta-Galerije-im-Lenbahhaus-16x12.jpg 16w\" sizes=\"(max-width: 1024px) 100vw, 1024px\" \/>\t\t\t\t\t\t\t\t\t\t\t<figcaption class=\"widget-image-caption wp-caption-text\">Dva objekta St\u00e4dtische Galerie im Lenbachhaus <\/figcaption>\n\t\t\t\t\t\t\t\t\t\t<\/figure>\n\t\t\t\t\t\t\t\t\t<\/div>\n\t\t\t\t<\/div>\n\t\t\t\t\t<\/div>\n\t\t<\/div>\n\t\t\t\t\t<\/div>\n\t\t<\/section>\n\t\t\t\t\t<\/div>\n\t\t<\/div>\n\t\t\t\t\t<\/div>\n\t\t<\/section>\n\t\t\t\t<section class=\"elementor-section elementor-top-section elementor-element elementor-element-4ae0e06 elementor-section-boxed elementor-section-height-default elementor-section-height-default qodef-elementor-content-no\" data-id=\"4ae0e06\" data-element_type=\"section\" data-e-type=\"section\">\n\t\t\t\t\t\t<div class=\"elementor-container elementor-column-gap-default\">\n\t\t\t\t\t<div class=\"elementor-column elementor-col-100 elementor-top-column elementor-element elementor-element-233d510\" data-id=\"233d510\" data-element_type=\"column\" data-e-type=\"column\">\n\t\t\t<div class=\"elementor-widget-wrap elementor-element-populated\">\n\t\t\t\t\t\t<div class=\"elementor-element elementor-element-2e1c008 elementor-widget elementor-widget-heading\" data-id=\"2e1c008\" data-element_type=\"widget\" data-e-type=\"widget\" data-widget_type=\"heading.default\">\n\t\t\t\t<div class=\"elementor-widget-container\">\n\t\t\t\t\t<h4 class=\"elementor-heading-title elementor-size-default\">Olafur Eliasson  (1967)<\/h4>\t\t\t\t<\/div>\n\t\t\t\t<\/div>\n\t\t\t\t\t<\/div>\n\t\t<\/div>\n\t\t\t\t\t<\/div>\n\t\t<\/section>\n\t\t\t\t<section class=\"elementor-section elementor-top-section elementor-element elementor-element-0c45456 elementor-section-boxed elementor-section-height-default elementor-section-height-default qodef-elementor-content-no\" data-id=\"0c45456\" data-element_type=\"section\" data-e-type=\"section\">\n\t\t\t\t\t\t<div class=\"elementor-container elementor-column-gap-default\">\n\t\t\t\t\t<div class=\"elementor-column elementor-col-100 elementor-top-column elementor-element elementor-element-f62d33a\" data-id=\"f62d33a\" data-element_type=\"column\" data-e-type=\"column\">\n\t\t\t<div class=\"elementor-widget-wrap elementor-element-populated\">\n\t\t\t\t\t\t<div class=\"elementor-element elementor-element-a677f4b elementor-widget elementor-widget-text-editor\" data-id=\"a677f4b\" data-element_type=\"widget\" data-e-type=\"widget\" data-widget_type=\"text-editor.default\">\n\t\t\t\t<div class=\"elementor-widget-container\">\n\t\t\t\t\t\t\t\t\t<p>Olafur Eliasson is associated with Iceland, Denmark, and Germany. He is based in Copenhagen and Berlin. In 2014, he formed Studio Other Spaces in Berlin with his long-time collaborator, German architect Sebastian Behmann. He previously formed the Laboratories for Spatial Research.<\/p><p>These two studios bring us closer to the inspirations that create his distinctive art. These are almost research projects, which include water vapor, ice, sunlight, refraction of rays, air, and water droplets. Light and color captured in glass are often implemented in contemporary architectural objects.<\/p>\t\t\t\t\t\t\t\t<\/div>\n\t\t\t\t<\/div>\n\t\t\t\t\t<\/div>\n\t\t<\/div>\n\t\t\t\t\t<\/div>\n\t\t<\/section>\n\t\t\t\t<section class=\"elementor-section elementor-top-section elementor-element elementor-element-f952a9b elementor-section-boxed elementor-section-height-default elementor-section-height-default qodef-elementor-content-no\" data-id=\"f952a9b\" data-element_type=\"section\" data-e-type=\"section\">\n\t\t\t\t\t\t<div class=\"elementor-container elementor-column-gap-default\">\n\t\t\t\t\t<div class=\"elementor-column elementor-col-100 elementor-top-column elementor-element elementor-element-7e9e288\" data-id=\"7e9e288\" data-element_type=\"column\" data-e-type=\"column\">\n\t\t\t<div class=\"elementor-widget-wrap elementor-element-populated\">\n\t\t\t\t\t\t<div class=\"elementor-element elementor-element-8e3b105 elementor-widget elementor-widget-image\" data-id=\"8e3b105\" data-element_type=\"widget\" data-e-type=\"widget\" data-widget_type=\"image.default\">\n\t\t\t\t<div class=\"elementor-widget-container\">\n\t\t\t\t\t\t\t\t\t\t\t\t\t\t\t<img loading=\"lazy\" decoding=\"async\" width=\"1024\" height=\"768\" src=\"https:\/\/arxxitektura.rs\/wp-content\/uploads\/2026\/08\/Wirbelwerk-Olafur-Eliasson-detalj-1024x768.jpg\" class=\"attachment-large size-large wp-image-18585\" alt=\"Wirbelwerk detalj, Olafur Eliasson\" srcset=\"https:\/\/arxxitektura.rs\/wp-content\/uploads\/2026\/08\/Wirbelwerk-Olafur-Eliasson-detalj-1024x768.jpg 1024w, https:\/\/arxxitektura.rs\/wp-content\/uploads\/2026\/08\/Wirbelwerk-Olafur-Eliasson-detalj-300x225.jpg 300w, https:\/\/arxxitektura.rs\/wp-content\/uploads\/2026\/08\/Wirbelwerk-Olafur-Eliasson-detalj-768x576.jpg 768w, https:\/\/arxxitektura.rs\/wp-content\/uploads\/2026\/08\/Wirbelwerk-Olafur-Eliasson-detalj-16x12.jpg 16w, https:\/\/arxxitektura.rs\/wp-content\/uploads\/2026\/08\/Wirbelwerk-Olafur-Eliasson-detalj.jpg 1280w\" sizes=\"(max-width: 1024px) 100vw, 1024px\" \/>\t\t\t\t\t\t\t\t\t\t\t\t\t\t\t<\/div>\n\t\t\t\t<\/div>\n\t\t\t\t\t<\/div>\n\t\t<\/div>\n\t\t\t\t\t<\/div>\n\t\t<\/section>\n\t\t\t\t<section class=\"elementor-section elementor-top-section elementor-element elementor-element-4857559 elementor-section-boxed elementor-section-height-default elementor-section-height-default qodef-elementor-content-no\" data-id=\"4857559\" data-element_type=\"section\" data-e-type=\"section\">\n\t\t\t\t\t\t<div class=\"elementor-container elementor-column-gap-default\">\n\t\t\t\t\t<div class=\"elementor-column elementor-col-100 elementor-top-column elementor-element elementor-element-44d5194\" data-id=\"44d5194\" data-element_type=\"column\" data-e-type=\"column\">\n\t\t\t<div class=\"elementor-widget-wrap elementor-element-populated\">\n\t\t\t\t\t\t<div class=\"elementor-element elementor-element-63ca738 elementor-widget elementor-widget-text-editor\" data-id=\"63ca738\" data-element_type=\"widget\" data-e-type=\"widget\" data-widget_type=\"text-editor.default\">\n\t\t\t\t<div class=\"elementor-widget-container\">\n\t\t\t\t\t\t\t\t\t<p>In Munich, Olafur Eliasson left a notable number of sculptures in public space: Sphere, Circumscription, Moonswand, Buhnenfenster on the Opera House, and Wirbelwerk in the Lenbachhaus Gallery.<\/p>\t\t\t\t\t\t\t\t<\/div>\n\t\t\t\t<\/div>\n\t\t\t\t\t<\/div>\n\t\t<\/div>\n\t\t\t\t\t<\/div>\n\t\t<\/section>\n\t\t\t\t<section class=\"elementor-section elementor-top-section elementor-element elementor-element-a98d1df elementor-section-boxed elementor-section-height-default elementor-section-height-default qodef-elementor-content-no\" data-id=\"a98d1df\" data-element_type=\"section\" data-e-type=\"section\">\n\t\t\t\t\t\t<div class=\"elementor-container elementor-column-gap-default\">\n\t\t\t\t\t<div class=\"elementor-column elementor-col-100 elementor-top-column elementor-element elementor-element-512b51b\" data-id=\"512b51b\" data-element_type=\"column\" data-e-type=\"column\">\n\t\t\t<div class=\"elementor-widget-wrap elementor-element-populated\">\n\t\t\t\t\t\t<div class=\"elementor-element elementor-element-7dc738f elementor-widget elementor-widget-heading\" data-id=\"7dc738f\" data-element_type=\"widget\" data-e-type=\"widget\" data-widget_type=\"heading.default\">\n\t\t\t\t<div class=\"elementor-widget-container\">\n\t\t\t\t\t<h4 class=\"elementor-heading-title elementor-size-default\">Glass sculpture Wirbelwerk \u00d3lafur Eliasson<\/h4>\t\t\t\t<\/div>\n\t\t\t\t<\/div>\n\t\t\t\t<section class=\"elementor-section elementor-inner-section elementor-element elementor-element-bc347a2 elementor-section-boxed elementor-section-height-default elementor-section-height-default qodef-elementor-content-no\" data-id=\"bc347a2\" data-element_type=\"section\" data-e-type=\"section\">\n\t\t\t\t\t\t<div class=\"elementor-container elementor-column-gap-default\">\n\t\t\t\t\t<div class=\"elementor-column elementor-col-50 elementor-inner-column elementor-element elementor-element-a3058dd\" data-id=\"a3058dd\" data-element_type=\"column\" data-e-type=\"column\">\n\t\t\t<div class=\"elementor-widget-wrap elementor-element-populated\">\n\t\t\t\t\t\t<div class=\"elementor-element elementor-element-3382e24 elementor-widget elementor-widget-image\" data-id=\"3382e24\" data-element_type=\"widget\" data-e-type=\"widget\" data-widget_type=\"image.default\">\n\t\t\t\t<div class=\"elementor-widget-container\">\n\t\t\t\t\t\t\t\t\t\t\t\t<figure class=\"wp-caption\">\n\t\t\t\t\t\t\t\t\t\t<img loading=\"lazy\" decoding=\"async\" width=\"450\" height=\"600\" src=\"https:\/\/arxxitektura.rs\/wp-content\/uploads\/2026\/08\/Wirbelwerk-Olafur-Eliasson.jpg\" class=\"attachment-large size-large wp-image-18586\" alt=\"Wirbelwerk Olafur Eliasson, staklena skulptura\" srcset=\"https:\/\/arxxitektura.rs\/wp-content\/uploads\/2026\/08\/Wirbelwerk-Olafur-Eliasson.jpg 450w, https:\/\/arxxitektura.rs\/wp-content\/uploads\/2026\/08\/Wirbelwerk-Olafur-Eliasson-225x300.jpg 225w, https:\/\/arxxitektura.rs\/wp-content\/uploads\/2026\/08\/Wirbelwerk-Olafur-Eliasson-9x12.jpg 9w\" sizes=\"(max-width: 450px) 100vw, 450px\" \/>\t\t\t\t\t\t\t\t\t\t\t<figcaption class=\"widget-image-caption wp-caption-text\">Wirbelwerk \u00d3lafur El\u00edasson glass sculpture<\/figcaption>\n\t\t\t\t\t\t\t\t\t\t<\/figure>\n\t\t\t\t\t\t\t\t\t<\/div>\n\t\t\t\t<\/div>\n\t\t\t\t\t<\/div>\n\t\t<\/div>\n\t\t\t\t<div class=\"elementor-column elementor-col-50 elementor-inner-column elementor-element elementor-element-71e54b6\" data-id=\"71e54b6\" data-element_type=\"column\" data-e-type=\"column\">\n\t\t\t<div class=\"elementor-widget-wrap elementor-element-populated\">\n\t\t\t\t\t\t<div class=\"elementor-element elementor-element-4e47b83 elementor-widget elementor-widget-text-editor\" data-id=\"4e47b83\" data-element_type=\"widget\" data-e-type=\"widget\" data-widget_type=\"text-editor.default\">\n\t\t\t\t<div class=\"elementor-widget-container\">\n\t\t\t\t\t\t\t\t\t<p>The sculpture from 2012 descends like a vortex from the ceiling of the Gallery in Lenbachhaus and reaches the visitors themselves. The glass, colorful \"icicle\" is made of 450 multicolored glass pieces. In combination with the light, it is reflected like a kaleidoscope on the white walls of the atrium. In this way, the entire space is animated with light from the sculpture; the architecture participates in creating an unforgettable atmosphere.<\/p>\t\t\t\t\t\t\t\t<\/div>\n\t\t\t\t<\/div>\n\t\t\t\t\t<\/div>\n\t\t<\/div>\n\t\t\t\t\t<\/div>\n\t\t<\/section>\n\t\t\t\t<div class=\"elementor-element elementor-element-a539c95 elementor-widget elementor-widget-video\" data-id=\"a539c95\" data-element_type=\"widget\" data-e-type=\"widget\" data-settings=\"{&quot;youtube_url&quot;:&quot;https:\\\/\\\/youtu.be\\\/svp52icxAJQ&quot;,&quot;video_type&quot;:&quot;youtube&quot;,&quot;controls&quot;:&quot;yes&quot;}\" data-widget_type=\"video.default\">\n\t\t\t\t<div class=\"elementor-widget-container\">\n\t\t\t\t\t\t\t<div class=\"elementor-wrapper elementor-open-inline\">\n\t\t\t<div class=\"elementor-video\"><\/div>\t\t<\/div>\n\t\t\t\t\t\t<\/div>\n\t\t\t\t<\/div>\n\t\t\t\t\t<\/div>\n\t\t<\/div>\n\t\t\t\t\t<\/div>\n\t\t<\/section>\n\t\t\t\t<section class=\"elementor-section elementor-top-section elementor-element elementor-element-ed87b48 elementor-section-boxed elementor-section-height-default elementor-section-height-default qodef-elementor-content-no\" data-id=\"ed87b48\" data-element_type=\"section\" data-e-type=\"section\">\n\t\t\t\t\t\t<div class=\"elementor-container elementor-column-gap-default\">\n\t\t\t\t\t<div class=\"elementor-column elementor-col-100 elementor-top-column elementor-element elementor-element-ffbadfa\" data-id=\"ffbadfa\" data-element_type=\"column\" data-e-type=\"column\">\n\t\t\t<div class=\"elementor-widget-wrap\">\n\t\t\t\t\t\t\t<\/div>\n\t\t<\/div>\n\t\t\t\t\t<\/div>\n\t\t<\/section>\n\t\t\t\t<\/div>","protected":false},"excerpt":{"rendered":"<p>In Munich, Olafur Eliasson left a notable number of sculptures in public space: Sphere, Circumscription, Moonswand, Buhnenfenster on the Opera House, and Wirbelwerk in the Lenbachhaus Gallery.<\/p>","protected":false},"author":1,"featured_media":18585,"comment_status":"closed","ping_status":"open","sticky":false,"template":"","format":"standard","meta":{"_jetpack_newsletter_access":"","_jetpack_dont_email_post_to_subs":false,"_jetpack_newsletter_tier_id":0,"_jetpack_memberships_contains_paywalled_content":false,"_jetpack_memberships_contains_paid_content":false,"footnotes":""},"categories":[18],"tags":[107],"class_list":["post-18591","post","type-post","status-publish","format-standard","has-post-thumbnail","hentry","category-kontrast-u-arhitekturi","tag-nemacka"],"yoast_head":"<!-- This site is optimized with the Yoast SEO plugin v28.4 - https:\/\/yoast.com\/product\/yoast-seo-wordpress\/ -->\n<title>Olafur Eliasson \u201esau\u010desnik\u201c u Minhenskim kontrastima &#8902; ARXXITEKTURA<\/title>\n<meta name=\"description\" content=\"U Minhenu je Olafur Eliasson ostavio zapa\u017een broj skulptura u javnom prostoru. Umetnik je stacioniran u Kopenhagenu i Berlinu.\" \/>\n<meta name=\"robots\" content=\"index, follow, max-snippet:-1, max-image-preview:large, max-video-preview:-1\" \/>\n<link rel=\"canonical\" href=\"https:\/\/arxxitektura.rs\/en\/olafur-eliasson-saucesnik-u-minhenskim-kontrastima\/\" \/>\n<meta property=\"og:locale\" content=\"en_US\" \/>\n<meta property=\"og:type\" content=\"article\" \/>\n<meta property=\"og:title\" content=\"Olafur Eliasson \u201esau\u010desnik\u201c u Minhenskim kontrastima &#8902; ARXXITEKTURA\" \/>\n<meta property=\"og:description\" content=\"U Minhenu je Olafur Eliasson ostavio zapa\u017een broj skulptura u javnom prostoru. Umetnik je stacioniran u Kopenhagenu i Berlinu.\" \/>\n<meta property=\"og:url\" content=\"https:\/\/arxxitektura.rs\/en\/olafur-eliasson-saucesnik-u-minhenskim-kontrastima\/\" \/>\n<meta property=\"og:site_name\" content=\"ARXXITEKTURA\" \/>\n<meta property=\"article:published_time\" content=\"2026-08-31T18:11:07+00:00\" \/>\n<meta property=\"article:modified_time\" content=\"2026-08-31T18:17:58+00:00\" \/>\n<meta property=\"og:image\" content=\"https:\/\/arxxitektura.rs\/wp-content\/uploads\/2026\/08\/Wirbelwerk-Olafur-Eliasson-detalj.jpg\" \/>\n\t<meta property=\"og:image:width\" content=\"1280\" \/>\n\t<meta property=\"og:image:height\" content=\"960\" \/>\n\t<meta property=\"og:image:type\" content=\"image\/jpeg\" \/>\n<meta name=\"author\" content=\"arxxi_admin\" \/>\n<meta name=\"twitter:card\" content=\"summary_large_image\" \/>\n<meta name=\"twitter:label1\" content=\"Written by\" \/>\n\t<meta name=\"twitter:data1\" content=\"arxxi_admin\" \/>\n\t<meta name=\"twitter:label2\" content=\"Est. reading time\" \/>\n\t<meta name=\"twitter:data2\" content=\"2 minutes\" \/>\n<script type=\"application\/ld+json\" class=\"yoast-schema-graph\">{\"@context\":\"https:\\\/\\\/schema.org\",\"@graph\":[{\"@type\":\"Article\",\"@id\":\"https:\\\/\\\/arxxitektura.rs\\\/olafur-eliasson-saucesnik-u-minhenskim-kontrastima\\\/#article\",\"isPartOf\":{\"@id\":\"https:\\\/\\\/arxxitektura.rs\\\/olafur-eliasson-saucesnik-u-minhenskim-kontrastima\\\/\"},\"author\":{\"name\":\"arxxi_admin\",\"@id\":\"https:\\\/\\\/arxxitektura.rs\\\/#\\\/schema\\\/person\\\/4d705f725a59e45c7211c1b818ba95c1\"},\"headline\":\"Olafur Eliasson \u201esau\u010desnik\u201c u Minhenskim kontrastima\",\"datePublished\":\"2026-08-31T18:11:07+00:00\",\"dateModified\":\"2026-08-31T18:17:58+00:00\",\"mainEntityOfPage\":{\"@id\":\"https:\\\/\\\/arxxitektura.rs\\\/olafur-eliasson-saucesnik-u-minhenskim-kontrastima\\\/\"},\"wordCount\":497,\"publisher\":{\"@id\":\"https:\\\/\\\/arxxitektura.rs\\\/#\\\/schema\\\/person\\\/4d705f725a59e45c7211c1b818ba95c1\"},\"image\":{\"@id\":\"https:\\\/\\\/arxxitektura.rs\\\/olafur-eliasson-saucesnik-u-minhenskim-kontrastima\\\/#primaryimage\"},\"thumbnailUrl\":\"https:\\\/\\\/arxxitektura.rs\\\/wp-content\\\/uploads\\\/2026\\\/08\\\/Wirbelwerk-Olafur-Eliasson-detalj.jpg\",\"keywords\":[\"Nema\u010dka\"],\"articleSection\":[\"Kontrast u arhitekturi\"],\"inLanguage\":\"en-US\"},{\"@type\":\"WebPage\",\"@id\":\"https:\\\/\\\/arxxitektura.rs\\\/olafur-eliasson-saucesnik-u-minhenskim-kontrastima\\\/\",\"url\":\"https:\\\/\\\/arxxitektura.rs\\\/olafur-eliasson-saucesnik-u-minhenskim-kontrastima\\\/\",\"name\":\"Olafur Eliasson \u201esau\u010desnik\u201c u Minhenskim kontrastima &#8902; ARXXITEKTURA\",\"isPartOf\":{\"@id\":\"https:\\\/\\\/arxxitektura.rs\\\/#website\"},\"primaryImageOfPage\":{\"@id\":\"https:\\\/\\\/arxxitektura.rs\\\/olafur-eliasson-saucesnik-u-minhenskim-kontrastima\\\/#primaryimage\"},\"image\":{\"@id\":\"https:\\\/\\\/arxxitektura.rs\\\/olafur-eliasson-saucesnik-u-minhenskim-kontrastima\\\/#primaryimage\"},\"thumbnailUrl\":\"https:\\\/\\\/arxxitektura.rs\\\/wp-content\\\/uploads\\\/2026\\\/08\\\/Wirbelwerk-Olafur-Eliasson-detalj.jpg\",\"datePublished\":\"2026-08-31T18:11:07+00:00\",\"dateModified\":\"2026-08-31T18:17:58+00:00\",\"description\":\"U Minhenu je Olafur Eliasson ostavio zapa\u017een broj skulptura u javnom prostoru. Umetnik je stacioniran u Kopenhagenu i Berlinu.\",\"breadcrumb\":{\"@id\":\"https:\\\/\\\/arxxitektura.rs\\\/olafur-eliasson-saucesnik-u-minhenskim-kontrastima\\\/#breadcrumb\"},\"inLanguage\":\"en-US\",\"potentialAction\":[{\"@type\":\"ReadAction\",\"target\":[\"https:\\\/\\\/arxxitektura.rs\\\/olafur-eliasson-saucesnik-u-minhenskim-kontrastima\\\/\"]}]},{\"@type\":\"ImageObject\",\"inLanguage\":\"en-US\",\"@id\":\"https:\\\/\\\/arxxitektura.rs\\\/olafur-eliasson-saucesnik-u-minhenskim-kontrastima\\\/#primaryimage\",\"url\":\"https:\\\/\\\/arxxitektura.rs\\\/wp-content\\\/uploads\\\/2026\\\/08\\\/Wirbelwerk-Olafur-Eliasson-detalj.jpg\",\"contentUrl\":\"https:\\\/\\\/arxxitektura.rs\\\/wp-content\\\/uploads\\\/2026\\\/08\\\/Wirbelwerk-Olafur-Eliasson-detalj.jpg\",\"width\":1280,\"height\":960,\"caption\":\"Wirbelwerk Detalj, Olafur Eliasson\"},{\"@type\":\"BreadcrumbList\",\"@id\":\"https:\\\/\\\/arxxitektura.rs\\\/olafur-eliasson-saucesnik-u-minhenskim-kontrastima\\\/#breadcrumb\",\"itemListElement\":[{\"@type\":\"ListItem\",\"position\":1,\"name\":\"Home\",\"item\":\"https:\\\/\\\/arxxitektura.rs\\\/\"},{\"@type\":\"ListItem\",\"position\":2,\"name\":\"Olafur Eliasson \u201esau\u010desnik\u201c u Minhenskim kontrastima\"}]},{\"@type\":\"WebSite\",\"@id\":\"https:\\\/\\\/arxxitektura.rs\\\/#website\",\"url\":\"https:\\\/\\\/arxxitektura.rs\\\/\",\"name\":\"ARXXITEKTURA\",\"description\":\"Blog  Umetnost Kontrasta\",\"publisher\":{\"@id\":\"https:\\\/\\\/arxxitektura.rs\\\/#\\\/schema\\\/person\\\/4d705f725a59e45c7211c1b818ba95c1\"},\"potentialAction\":[{\"@type\":\"SearchAction\",\"target\":{\"@type\":\"EntryPoint\",\"urlTemplate\":\"https:\\\/\\\/arxxitektura.rs\\\/?s={search_term_string}\"},\"query-input\":{\"@type\":\"PropertyValueSpecification\",\"valueRequired\":true,\"valueName\":\"search_term_string\"}}],\"inLanguage\":\"en-US\"},{\"@type\":[\"Person\",\"Organization\"],\"@id\":\"https:\\\/\\\/arxxitektura.rs\\\/#\\\/schema\\\/person\\\/4d705f725a59e45c7211c1b818ba95c1\",\"name\":\"arxxi_admin\",\"image\":{\"@type\":\"ImageObject\",\"inLanguage\":\"en-US\",\"@id\":\"https:\\\/\\\/arxxitektura.rs\\\/wp-content\\\/uploads\\\/2021\\\/06\\\/portret-za-avatar.jpg\",\"url\":\"https:\\\/\\\/arxxitektura.rs\\\/wp-content\\\/uploads\\\/2021\\\/06\\\/portret-za-avatar.jpg\",\"contentUrl\":\"https:\\\/\\\/arxxitektura.rs\\\/wp-content\\\/uploads\\\/2021\\\/06\\\/portret-za-avatar.jpg\",\"width\":281,\"height\":500,\"caption\":\"arxxi_admin\"},\"logo\":{\"@id\":\"https:\\\/\\\/arxxitektura.rs\\\/wp-content\\\/uploads\\\/2021\\\/06\\\/portret-za-avatar.jpg\"},\"description\":\"Arhitekta po obrazovanju . Istra\u017eujem teoretske osnove izgradnje savremenih objekata u istorijskom gradskom jezgru . Za\u0161tita istorijskog nasle\u0111a kroz revitalizaciju - novi \u017eivot za stare objekte .\",\"sameAs\":[\"https:\\\/\\\/arxxitektura.rs\",\"https:\\\/\\\/www.instagram.com\\\/arxxitekt\\\/\",\"https:\\\/\\\/www.pinterest.com\\\/artofcontrasting\\\/\",\"https:\\\/\\\/www.youtube.com\\\/channel\\\/UCAQHSoecXQ2ppMNFcrAO-4w\"]}]}<\/script>\n<!-- \/ Yoast SEO plugin. -->","yoast_head_json":{"title":"Olafur Eliasson \u201esau\u010desnik\u201c u Minhenskim kontrastima &#8902; ARXXITEKTURA","description":"U Minhenu je Olafur Eliasson ostavio zapa\u017een broj skulptura u javnom prostoru. Umetnik je stacioniran u Kopenhagenu i Berlinu.","robots":{"index":"index","follow":"follow","max-snippet":"max-snippet:-1","max-image-preview":"max-image-preview:large","max-video-preview":"max-video-preview:-1"},"canonical":"https:\/\/arxxitektura.rs\/en\/olafur-eliasson-saucesnik-u-minhenskim-kontrastima\/","og_locale":"en_US","og_type":"article","og_title":"Olafur Eliasson \u201esau\u010desnik\u201c u Minhenskim kontrastima &#8902; ARXXITEKTURA","og_description":"U Minhenu je Olafur Eliasson ostavio zapa\u017een broj skulptura u javnom prostoru. Umetnik je stacioniran u Kopenhagenu i Berlinu.","og_url":"https:\/\/arxxitektura.rs\/en\/olafur-eliasson-saucesnik-u-minhenskim-kontrastima\/","og_site_name":"ARXXITEKTURA","article_published_time":"2026-08-31T18:11:07+00:00","article_modified_time":"2026-08-31T18:17:58+00:00","og_image":[{"width":1280,"height":960,"url":"https:\/\/arxxitektura.rs\/wp-content\/uploads\/2026\/08\/Wirbelwerk-Olafur-Eliasson-detalj.jpg","type":"image\/jpeg"}],"author":"arxxi_admin","twitter_card":"summary_large_image","twitter_misc":{"Written by":"arxxi_admin","Est. reading time":"2 minutes"},"schema":{"@context":"https:\/\/schema.org","@graph":[{"@type":"Article","@id":"https:\/\/arxxitektura.rs\/olafur-eliasson-saucesnik-u-minhenskim-kontrastima\/#article","isPartOf":{"@id":"https:\/\/arxxitektura.rs\/olafur-eliasson-saucesnik-u-minhenskim-kontrastima\/"},"author":{"name":"arxxi_admin","@id":"https:\/\/arxxitektura.rs\/#\/schema\/person\/4d705f725a59e45c7211c1b818ba95c1"},"headline":"Olafur Eliasson \u201esau\u010desnik\u201c u Minhenskim kontrastima","datePublished":"2026-08-31T18:11:07+00:00","dateModified":"2026-08-31T18:17:58+00:00","mainEntityOfPage":{"@id":"https:\/\/arxxitektura.rs\/olafur-eliasson-saucesnik-u-minhenskim-kontrastima\/"},"wordCount":497,"publisher":{"@id":"https:\/\/arxxitektura.rs\/#\/schema\/person\/4d705f725a59e45c7211c1b818ba95c1"},"image":{"@id":"https:\/\/arxxitektura.rs\/olafur-eliasson-saucesnik-u-minhenskim-kontrastima\/#primaryimage"},"thumbnailUrl":"https:\/\/arxxitektura.rs\/wp-content\/uploads\/2026\/08\/Wirbelwerk-Olafur-Eliasson-detalj.jpg","keywords":["Nema\u010dka"],"articleSection":["Kontrast u arhitekturi"],"inLanguage":"en-US"},{"@type":"WebPage","@id":"https:\/\/arxxitektura.rs\/olafur-eliasson-saucesnik-u-minhenskim-kontrastima\/","url":"https:\/\/arxxitektura.rs\/olafur-eliasson-saucesnik-u-minhenskim-kontrastima\/","name":"Olafur Eliasson \u201esau\u010desnik\u201c u Minhenskim kontrastima &#8902; ARXXITEKTURA","isPartOf":{"@id":"https:\/\/arxxitektura.rs\/#website"},"primaryImageOfPage":{"@id":"https:\/\/arxxitektura.rs\/olafur-eliasson-saucesnik-u-minhenskim-kontrastima\/#primaryimage"},"image":{"@id":"https:\/\/arxxitektura.rs\/olafur-eliasson-saucesnik-u-minhenskim-kontrastima\/#primaryimage"},"thumbnailUrl":"https:\/\/arxxitektura.rs\/wp-content\/uploads\/2026\/08\/Wirbelwerk-Olafur-Eliasson-detalj.jpg","datePublished":"2026-08-31T18:11:07+00:00","dateModified":"2026-08-31T18:17:58+00:00","description":"U Minhenu je Olafur Eliasson ostavio zapa\u017een broj skulptura u javnom prostoru. Umetnik je stacioniran u Kopenhagenu i Berlinu.","breadcrumb":{"@id":"https:\/\/arxxitektura.rs\/olafur-eliasson-saucesnik-u-minhenskim-kontrastima\/#breadcrumb"},"inLanguage":"en-US","potentialAction":[{"@type":"ReadAction","target":["https:\/\/arxxitektura.rs\/olafur-eliasson-saucesnik-u-minhenskim-kontrastima\/"]}]},{"@type":"ImageObject","inLanguage":"en-US","@id":"https:\/\/arxxitektura.rs\/olafur-eliasson-saucesnik-u-minhenskim-kontrastima\/#primaryimage","url":"https:\/\/arxxitektura.rs\/wp-content\/uploads\/2026\/08\/Wirbelwerk-Olafur-Eliasson-detalj.jpg","contentUrl":"https:\/\/arxxitektura.rs\/wp-content\/uploads\/2026\/08\/Wirbelwerk-Olafur-Eliasson-detalj.jpg","width":1280,"height":960,"caption":"Wirbelwerk Detalj, Olafur Eliasson"},{"@type":"BreadcrumbList","@id":"https:\/\/arxxitektura.rs\/olafur-eliasson-saucesnik-u-minhenskim-kontrastima\/#breadcrumb","itemListElement":[{"@type":"ListItem","position":1,"name":"Home","item":"https:\/\/arxxitektura.rs\/"},{"@type":"ListItem","position":2,"name":"Olafur Eliasson \u201esau\u010desnik\u201c u Minhenskim kontrastima"}]},{"@type":"WebSite","@id":"https:\/\/arxxitektura.rs\/#website","url":"https:\/\/arxxitektura.rs\/","name":"ARXXITEKTURA","description":"Blog  Umetnost Kontrasta","publisher":{"@id":"https:\/\/arxxitektura.rs\/#\/schema\/person\/4d705f725a59e45c7211c1b818ba95c1"},"potentialAction":[{"@type":"SearchAction","target":{"@type":"EntryPoint","urlTemplate":"https:\/\/arxxitektura.rs\/?s={search_term_string}"},"query-input":{"@type":"PropertyValueSpecification","valueRequired":true,"valueName":"search_term_string"}}],"inLanguage":"en-US"},{"@type":["Person","Organization"],"@id":"https:\/\/arxxitektura.rs\/#\/schema\/person\/4d705f725a59e45c7211c1b818ba95c1","name":"arxxi_admin","image":{"@type":"ImageObject","inLanguage":"en-US","@id":"https:\/\/arxxitektura.rs\/wp-content\/uploads\/2021\/06\/portret-za-avatar.jpg","url":"https:\/\/arxxitektura.rs\/wp-content\/uploads\/2021\/06\/portret-za-avatar.jpg","contentUrl":"https:\/\/arxxitektura.rs\/wp-content\/uploads\/2021\/06\/portret-za-avatar.jpg","width":281,"height":500,"caption":"arxxi_admin"},"logo":{"@id":"https:\/\/arxxitektura.rs\/wp-content\/uploads\/2021\/06\/portret-za-avatar.jpg"},"description":"Architect by education. I am researching the theoretical foundations of the construction of modern buildings in the historic city core. Protection of historical heritage through revitalization - new life for old buildings.","sameAs":["https:\/\/arxxitektura.rs","https:\/\/www.instagram.com\/arxxitekt\/","https:\/\/www.pinterest.com\/artofcontrasting\/","https:\/\/www.youtube.com\/channel\/UCAQHSoecXQ2ppMNFcrAO-4w"]}]}},"jetpack_sharing_enabled":true,"jetpack_featured_media_url":"https:\/\/arxxitektura.rs\/wp-content\/uploads\/2026\/08\/Wirbelwerk-Olafur-Eliasson-detalj.jpg","_links":{"self":[{"href":"https:\/\/arxxitektura.rs\/en\/wp-json\/wp\/v2\/posts\/18591","targetHints":{"allow":["GET"]}}],"collection":[{"href":"https:\/\/arxxitektura.rs\/en\/wp-json\/wp\/v2\/posts"}],"about":[{"href":"https:\/\/arxxitektura.rs\/en\/wp-json\/wp\/v2\/types\/post"}],"author":[{"embeddable":true,"href":"https:\/\/arxxitektura.rs\/en\/wp-json\/wp\/v2\/users\/1"}],"replies":[{"embeddable":true,"href":"https:\/\/arxxitektura.rs\/en\/wp-json\/wp\/v2\/comments?post=18591"}],"version-history":[{"count":100,"href":"https:\/\/arxxitektura.rs\/en\/wp-json\/wp\/v2\/posts\/18591\/revisions"}],"predecessor-version":[{"id":18771,"href":"https:\/\/arxxitektura.rs\/en\/wp-json\/wp\/v2\/posts\/18591\/revisions\/18771"}],"wp:featuredmedia":[{"embeddable":true,"href":"https:\/\/arxxitektura.rs\/en\/wp-json\/wp\/v2\/media\/18585"}],"wp:attachment":[{"href":"https:\/\/arxxitektura.rs\/en\/wp-json\/wp\/v2\/media?parent=18591"}],"wp:term":[{"taxonomy":"category","embeddable":true,"href":"https:\/\/arxxitektura.rs\/en\/wp-json\/wp\/v2\/categories?post=18591"},{"taxonomy":"post_tag","embeddable":true,"href":"https:\/\/arxxitektura.rs\/en\/wp-json\/wp\/v2\/tags?post=18591"}],"curies":[{"name":"wp","href":"https:\/\/api.w.org\/{rel}","templated":true}]}}