{"id":9630,"date":"2023-07-15T17:47:17","date_gmt":"2023-07-15T15:47:17","guid":{"rendered":"https:\/\/arxxitektura.rs\/?p=9630"},"modified":"2025-08-11T19:25:46","modified_gmt":"2025-08-11T17:25:46","slug":"moderna-umetnost-i-nacisti","status":"publish","type":"post","link":"https:\/\/arxxitektura.rs\/en\/moderna-umetnost-i-nacisti\/","title":{"rendered":"Modern art and the Nazis"},"content":{"rendered":"<div data-elementor-type=\"wp-post\" data-elementor-id=\"9630\" class=\"elementor elementor-9630\">\n\t\t\t\t\t\t<section class=\"elementor-section elementor-top-section elementor-element elementor-element-eff2ecf elementor-section-boxed elementor-section-height-default elementor-section-height-default qodef-elementor-content-no\" data-id=\"eff2ecf\" data-element_type=\"section\" data-e-type=\"section\">\n\t\t\t\t\t\t<div class=\"elementor-container elementor-column-gap-default\">\n\t\t\t\t\t<div class=\"elementor-column elementor-col-100 elementor-top-column elementor-element elementor-element-3bb1d8d\" data-id=\"3bb1d8d\" data-element_type=\"column\" data-e-type=\"column\">\n\t\t\t<div class=\"elementor-widget-wrap elementor-element-populated\">\n\t\t\t\t\t\t<div class=\"elementor-element elementor-element-275e954 elementor-widget elementor-widget-elipsa_core_dropcaps\" data-id=\"275e954\" data-element_type=\"widget\" data-e-type=\"widget\" data-widget_type=\"elipsa_core_dropcaps.default\">\n\t\t\t\t<div class=\"elementor-widget-container\">\n\t\t\t\t\t<div class=\"qodef-shortcode qodef-m qodef-dropcaps qodef-type--simple\">\n\t<span class=\"qodef-m-letter\" >O<\/span>\n\t\t\t<p class=\"qodef-m-text\" >ve nedelje otkriveno je da je u stanu u Minhenu prona\u0111ena ogromna zaliha moderne umetnosti. Mnoge slike su nacisti smatrali \u201edegenerativnim\u201c, postavljajuc\u0301i izlo\u017ebu specijalno  da bi ih ismevali. Za\u0161to je Hitler toliko mrzeo apstraktnu umetnost?\nU julu 1937. g, \u010detiri godine nakon \u0161to je do\u0161la na vlast, nacisti\u010dka stranka priredila je dve umetni\u010dke izlo\u017ebe u Minhenu. Moderna umetnost je bila izlo\u017eena podsmevanju.\n<\/p>\n\t<\/div>\t\t\t\t<\/div>\n\t\t\t\t<\/div>\n\t\t\t\t\t<\/div>\n\t\t<\/div>\n\t\t\t\t\t<\/div>\n\t\t<\/section>\n\t\t\t\t<section class=\"elementor-section elementor-top-section elementor-element elementor-element-5089c6b elementor-section-boxed elementor-section-height-default elementor-section-height-default qodef-elementor-content-no\" data-id=\"5089c6b\" data-element_type=\"section\" data-e-type=\"section\">\n\t\t\t\t\t\t<div class=\"elementor-container elementor-column-gap-default\">\n\t\t\t\t\t<div class=\"elementor-column elementor-col-100 elementor-top-column elementor-element elementor-element-59accb6\" data-id=\"59accb6\" data-element_type=\"column\" data-e-type=\"column\">\n\t\t\t<div class=\"elementor-widget-wrap elementor-element-populated\">\n\t\t\t\t\t\t<div class=\"elementor-element elementor-element-ca9f4f8 elementor-widget elementor-widget-heading\" data-id=\"ca9f4f8\" data-element_type=\"widget\" data-e-type=\"widget\" data-widget_type=\"heading.default\">\n\t\t\t\t<div class=\"elementor-widget-container\">\n\t\t\t\t\t<h4 class=\"elementor-heading-title elementor-size-default\">Degenerativna umetnost : Za\u0161to je Hitler mrzeo modernizam  <\/h4>\t\t\t\t<\/div>\n\t\t\t\t<\/div>\n\t\t\t\t\t<\/div>\n\t\t<\/div>\n\t\t\t\t\t<\/div>\n\t\t<\/section>\n\t\t\t\t<section class=\"elementor-section elementor-top-section elementor-element elementor-element-08e42c5 elementor-section-boxed elementor-section-height-default elementor-section-height-default qodef-elementor-content-no\" data-id=\"08e42c5\" data-element_type=\"section\" data-e-type=\"section\">\n\t\t\t\t\t\t<div class=\"elementor-container elementor-column-gap-default\">\n\t\t\t\t\t<div class=\"elementor-column elementor-col-100 elementor-top-column elementor-element elementor-element-7730a9a\" data-id=\"7730a9a\" data-element_type=\"column\" data-e-type=\"column\">\n\t\t\t<div class=\"elementor-widget-wrap elementor-element-populated\">\n\t\t\t\t\t\t<div class=\"elementor-element elementor-element-b287b39 elementor-widget elementor-widget-text-editor\" data-id=\"b287b39\" data-element_type=\"widget\" data-e-type=\"widget\" data-widget_type=\"text-editor.default\">\n\t\t\t\t<div class=\"elementor-widget-container\">\n\t\t\t\t\t\t\t\t\t<p>Velika nema\u010dka umetni\u010dka izlo\u017eba kreirana \u00a0je da prika\u017ee dela koja je Hitler odobrio. Prikazuju skulpturalne \u00a0plavokose aktove, idealizovane vojnike i pejza\u017ee.<\/p><p>Druga izlo\u017eba, odmah niz ulicu, pokazala je drugu stranu nema\u010dke umetnosti-modernu, Ovde je prikazana apstraktna nereprezentativna- ili kako su je nacisti videli- degenerativna\u201c.<\/p>\t\t\t\t\t\t\t\t<\/div>\n\t\t\t\t<\/div>\n\t\t\t\t<div class=\"elementor-element elementor-element-7cda4c7 elementor-widget elementor-widget-text-editor\" data-id=\"7cda4c7\" data-element_type=\"widget\" data-e-type=\"widget\" data-widget_type=\"text-editor.default\">\n\t\t\t\t<div class=\"elementor-widget-container\">\n\t\t\t\t\t\t\t\t\t<p>Izlo\u017eba degenerisanih umetni\u010dkih dela obuhvatala je dela nekih od velikih me\u0111unarodnih imena &#8211; Pol Klea, Oskara Koko\u0161ke i <strong><a href=\"https:\/\/arxxitektura.rs\/en\/kandinski-slika-muziku-po-prvi-put-u-likovnoj-umetnosti\/\">Vasilija\u00a0Kandinskog<\/a><\/strong> &#8211; zajedno sa poznatim nema\u010dkim umetnicima tog doba, kao \u0161to su Mak Beckmann, Emil Nolde i Georg Grosz.<\/p><p>U priru\u010dniku za izlo\u017ebu obja\u0161njeno je da je cilj izlo\u017ebe \u00a0\u201eotkrivanje filozofskih, politi\u010dkih, rasnih i moralnih ciljeva i namera koji stoje iza ovog pokreta i pokreta\u010dkih snaga korupcije koje ih prate\u201c.<\/p>\t\t\t\t\t\t\t\t<\/div>\n\t\t\t\t<\/div>\n\t\t\t\t\t<\/div>\n\t\t<\/div>\n\t\t\t\t\t<\/div>\n\t\t<\/section>\n\t\t\t\t<section class=\"elementor-section elementor-top-section elementor-element elementor-element-65e1bde elementor-section-boxed elementor-section-height-default elementor-section-height-default qodef-elementor-content-no\" data-id=\"65e1bde\" data-element_type=\"section\" data-e-type=\"section\">\n\t\t\t\t\t\t<div class=\"elementor-container elementor-column-gap-default\">\n\t\t\t\t\t<div class=\"elementor-column elementor-col-100 elementor-top-column elementor-element elementor-element-1519cb4\" data-id=\"1519cb4\" data-element_type=\"column\" data-e-type=\"column\">\n\t\t\t<div class=\"elementor-widget-wrap elementor-element-populated\">\n\t\t\t\t\t\t<section class=\"elementor-section elementor-inner-section elementor-element elementor-element-7a1eb41 elementor-section-boxed elementor-section-height-default elementor-section-height-default qodef-elementor-content-no\" data-id=\"7a1eb41\" data-element_type=\"section\" data-e-type=\"section\">\n\t\t\t\t\t\t<div class=\"elementor-container elementor-column-gap-default\">\n\t\t\t\t\t<div class=\"elementor-column elementor-col-50 elementor-inner-column elementor-element elementor-element-98c3cbe\" data-id=\"98c3cbe\" data-element_type=\"column\" data-e-type=\"column\">\n\t\t\t<div class=\"elementor-widget-wrap elementor-element-populated\">\n\t\t\t\t\t\t<div class=\"elementor-element elementor-element-e6d4f5a elementor-widget elementor-widget-image\" data-id=\"e6d4f5a\" data-element_type=\"widget\" data-e-type=\"widget\" data-widget_type=\"image.default\">\n\t\t\t\t<div class=\"elementor-widget-container\">\n\t\t\t\t\t\t\t\t\t\t\t\t<figure class=\"wp-caption\">\n\t\t\t\t\t\t\t\t\t\t\t<a href=\"https:\/\/www.flickr.com\/photos\/29710534@N05\/3472960387\" target=\"_blank\">\n\t\t\t\t\t\t\t<img fetchpriority=\"high\" decoding=\"async\" width=\"355\" height=\"499\" src=\"https:\/\/arxxitektura.rs\/wp-content\/uploads\/2021\/06\/Plakat-za-izlozbu-Degenerativna-umetnost.jpg\" class=\"attachment-large size-large wp-image-10005\" alt=\"plakat sa crvenom podlogom i tekstom obave\u0161tenja o Minhenskoj izlo\u017ebi\" srcset=\"https:\/\/arxxitektura.rs\/wp-content\/uploads\/2021\/06\/Plakat-za-izlozbu-Degenerativna-umetnost.jpg 355w, https:\/\/arxxitektura.rs\/wp-content\/uploads\/2021\/06\/Plakat-za-izlozbu-Degenerativna-umetnost-213x300.jpg 213w\" sizes=\"(max-width: 355px) 100vw, 355px\" \/>\t\t\t\t\t\t\t\t<\/a>\n\t\t\t\t\t\t\t\t\t\t\t<figcaption class=\"widget-image-caption wp-caption-text\">Plakat za Izlo\u017ebu degenerativne umetnosti ,  by Susanlenox is marked with CC PDM 1.0<\/figcaption>\n\t\t\t\t\t\t\t\t\t\t<\/figure>\n\t\t\t\t\t\t\t\t\t<\/div>\n\t\t\t\t<\/div>\n\t\t\t\t\t<\/div>\n\t\t<\/div>\n\t\t\t\t<div class=\"elementor-column elementor-col-50 elementor-inner-column elementor-element elementor-element-a8dde29\" data-id=\"a8dde29\" data-element_type=\"column\" data-e-type=\"column\">\n\t\t\t<div class=\"elementor-widget-wrap elementor-element-populated\">\n\t\t\t\t\t\t<div class=\"elementor-element elementor-element-8ec2d69 elementor-widget elementor-widget-text-editor\" data-id=\"8ec2d69\" data-element_type=\"widget\" data-e-type=\"widget\" data-widget_type=\"text-editor.default\">\n\t\t\t\t<div class=\"elementor-widget-container\">\n\t\t\t\t\t\t\t\t\t<p>Britanski umetnik Robert Medlei oti\u0161ao je da vidi izlo\u017ebu. &#8220;Bila je ogromna gu\u017eva i sve slike su visile poput neke pokrajinske aukcijske prostorije u kojoj su stvari jednostavno zakucane po zidu, bez logike i smisla. To je stvorilo efekat da su ovo bezvredne stvari&#8221;, ka\u017ee on.<\/p><p>Uklju\u010dena su dela ako su bila apstraktna ili ekspresionisti\u010dka, ali u odre\u0111enim slu\u010dajevima i ako je delo jevrejskog umetnika\u201c, ka\u017ee Jonathan Petropoulos. On je profesor evropske istorije na koled\u017eu Claremont McKenna i autor nekoliko knjiga o umetnosti i politici u Trec\u0301em Rajhu.<\/p>\t\t\t\t\t\t\t\t<\/div>\n\t\t\t\t<\/div>\n\t\t\t\t\t<\/div>\n\t\t<\/div>\n\t\t\t\t\t<\/div>\n\t\t<\/section>\n\t\t\t\t\t<\/div>\n\t\t<\/div>\n\t\t\t\t\t<\/div>\n\t\t<\/section>\n\t\t\t\t<section class=\"elementor-section elementor-top-section elementor-element elementor-element-af5c22e elementor-section-boxed elementor-section-height-default elementor-section-height-default qodef-elementor-content-no\" data-id=\"af5c22e\" data-element_type=\"section\" data-e-type=\"section\">\n\t\t\t\t\t\t<div class=\"elementor-container elementor-column-gap-default\">\n\t\t\t\t\t<div class=\"elementor-column elementor-col-100 elementor-top-column elementor-element elementor-element-bff4c67\" data-id=\"bff4c67\" data-element_type=\"column\" data-e-type=\"column\">\n\t\t\t<div class=\"elementor-widget-wrap elementor-element-populated\">\n\t\t\t\t\t\t<div class=\"elementor-element elementor-element-4cc613b elementor-widget elementor-widget-heading\" data-id=\"4cc613b\" data-element_type=\"widget\" data-e-type=\"widget\" data-widget_type=\"heading.default\">\n\t\t\t\t<div class=\"elementor-widget-container\">\n\t\t\t\t\t<h4 class=\"elementor-heading-title elementor-size-default\">Gu\u017eva na izlo\u017ebi moderne umetnosti<\/h4>\t\t\t\t<\/div>\n\t\t\t\t<\/div>\n\t\t\t\t\t<\/div>\n\t\t<\/div>\n\t\t\t\t\t<\/div>\n\t\t<\/section>\n\t\t\t\t<section class=\"elementor-section elementor-top-section elementor-element elementor-element-6f29f29 elementor-section-boxed elementor-section-height-default elementor-section-height-default qodef-elementor-content-no\" data-id=\"6f29f29\" data-element_type=\"section\" data-e-type=\"section\">\n\t\t\t\t\t\t<div class=\"elementor-container elementor-column-gap-default\">\n\t\t\t\t\t<div class=\"elementor-column elementor-col-100 elementor-top-column elementor-element elementor-element-cb0296c\" data-id=\"cb0296c\" data-element_type=\"column\" data-e-type=\"column\">\n\t\t\t<div class=\"elementor-widget-wrap elementor-element-populated\">\n\t\t\t\t\t\t<div class=\"elementor-element elementor-element-c074ea9 elementor-widget elementor-widget-text-editor\" data-id=\"c074ea9\" data-element_type=\"widget\" data-e-type=\"widget\" data-widget_type=\"text-editor.default\">\n\t\t\t\t<div class=\"elementor-widget-container\">\n\t\t\t\t\t\t\t\t\t<p>Ka\u017ee da je izlo\u017eba postavljena sa jasnom \u00a0namerom da se podstakne negativna reakcija.<\/p>\t\t\t\t\t\t\t\t<\/div>\n\t\t\t\t<\/div>\n\t\t\t\t\t<\/div>\n\t\t<\/div>\n\t\t\t\t\t<\/div>\n\t\t<\/section>\n\t\t\t\t<section class=\"elementor-section elementor-top-section elementor-element elementor-element-4986a71 elementor-section-boxed elementor-section-height-default elementor-section-height-default qodef-elementor-content-no\" data-id=\"4986a71\" data-element_type=\"section\" data-e-type=\"section\">\n\t\t\t\t\t\t<div class=\"elementor-container elementor-column-gap-default\">\n\t\t\t\t\t<div class=\"elementor-column elementor-col-100 elementor-top-column elementor-element elementor-element-41ddd8b\" data-id=\"41ddd8b\" data-element_type=\"column\" data-e-type=\"column\">\n\t\t\t<div class=\"elementor-widget-wrap elementor-element-populated\">\n\t\t\t\t\t\t<div class=\"elementor-element elementor-element-8e0bfd1 elementor-widget elementor-widget-text-editor\" data-id=\"8e0bfd1\" data-element_type=\"widget\" data-e-type=\"widget\" data-widget_type=\"text-editor.default\">\n\t\t\t\t<div class=\"elementor-widget-container\">\n\t\t\t\t\t\t\t\t\t<blockquote><h5>Slike su bile obe\u0161ene iskrivljeno , na zidovima su bili grafiti koji su vre\u0111ali umetnost i umetnike i iznosili tvrdnje zbog kojih je ova umetnost izgledala neobi\u010dno , sme\u0161no.<\/h5><\/blockquote>\t\t\t\t\t\t\t\t<\/div>\n\t\t\t\t<\/div>\n\t\t\t\t<div class=\"elementor-element elementor-element-e93275c elementor-widget elementor-widget-text-editor\" data-id=\"e93275c\" data-element_type=\"widget\" data-e-type=\"widget\" data-widget_type=\"text-editor.default\">\n\t\t\t\t<div class=\"elementor-widget-container\">\n\t\t\t\t\t\t\t\t\t<p>Hitler je bio umetnik pre nego \u0161to je postao politi\u010dar. Ali realisti\u010dne slike zgrada i pejza\u017ea koje je vi\u0161e voleo umetni\u010dki establi\u0161ment, zajedno sa likovnim kriti\u010darima, odba\u010dene su u korist apstraktnih i modernih stilova.<\/p>\t\t\t\t\t\t\t\t<\/div>\n\t\t\t\t<\/div>\n\t\t\t\t<div class=\"elementor-element elementor-element-4aae3dd elementor-widget elementor-widget-text-editor\" data-id=\"4aae3dd\" data-element_type=\"widget\" data-e-type=\"widget\" data-widget_type=\"text-editor.default\">\n\t\t\t\t<div class=\"elementor-widget-container\">\n\t\t\t\t\t\t\t\t\t<p>Tako je Izlo\u017eba degenerisanih umetnosti bio njegov trenutak da se osveti. Tog leta je odr\u017eao govor o tome, rekav\u0161i:<\/p>\t\t\t\t\t\t\t\t<\/div>\n\t\t\t\t<\/div>\n\t\t\t\t<div class=\"elementor-element elementor-element-a9e341e elementor-widget elementor-widget-text-editor\" data-id=\"a9e341e\" data-element_type=\"widget\" data-e-type=\"widget\" data-widget_type=\"text-editor.default\">\n\t\t\t\t<div class=\"elementor-widget-container\">\n\t\t\t\t\t\t\t\t\t<blockquote><h5 style=\"text-align: left;\">\u00a0\u201eUmetni\u010dka dela koja se ne mogu razumeti sama po sebi, ve\u0107 im je potrebna neka pretenciozna knjiga sa uputstvima koja bi opravdala njihovo postojanje, nikada vi\u0161e nec\u0301e nac\u0301i put do Nema\u010dkog naroda.<\/h5><\/blockquote><p>Nacisti su tvrdili da je degenerativna \u00a0umetnost plod Jevreja i bolj\u0161evika. No, samo \u0161est od 112 umetnika, koliko ih je bilo izlo\u017eeno na izlo\u017ebi, su bili Jevreji.<\/p>\t\t\t\t\t\t\t\t<\/div>\n\t\t\t\t<\/div>\n\t\t\t\t\t<\/div>\n\t\t<\/div>\n\t\t\t\t\t<\/div>\n\t\t<\/section>\n\t\t\t\t<section class=\"elementor-section elementor-top-section elementor-element elementor-element-7fbed9c elementor-section-boxed elementor-section-height-default elementor-section-height-default qodef-elementor-content-no\" data-id=\"7fbed9c\" data-element_type=\"section\" data-e-type=\"section\">\n\t\t\t\t\t\t<div class=\"elementor-container elementor-column-gap-default\">\n\t\t\t\t\t<div class=\"elementor-column elementor-col-100 elementor-top-column elementor-element elementor-element-75d2a24\" data-id=\"75d2a24\" data-element_type=\"column\" data-e-type=\"column\">\n\t\t\t<div class=\"elementor-widget-wrap elementor-element-populated\">\n\t\t\t\t\t\t<div class=\"elementor-element elementor-element-c043b99 elementor-widget elementor-widget-heading\" data-id=\"c043b99\" data-element_type=\"widget\" data-e-type=\"widget\" data-widget_type=\"heading.default\">\n\t\t\t\t<div class=\"elementor-widget-container\">\n\t\t\t\t\t<h3 class=\"elementor-heading-title elementor-size-default\">Soba ludila- moderna umetnost<\/h3>\t\t\t\t<\/div>\n\t\t\t\t<\/div>\n\t\t\t\t\t<\/div>\n\t\t<\/div>\n\t\t\t\t\t<\/div>\n\t\t<\/section>\n\t\t\t\t<section class=\"elementor-section elementor-top-section elementor-element elementor-element-899b24b elementor-section-boxed elementor-section-height-default elementor-section-height-default qodef-elementor-content-no\" data-id=\"899b24b\" data-element_type=\"section\" data-e-type=\"section\">\n\t\t\t\t\t\t<div class=\"elementor-container elementor-column-gap-default\">\n\t\t\t\t\t<div class=\"elementor-column elementor-col-100 elementor-top-column elementor-element elementor-element-1b06be4\" data-id=\"1b06be4\" data-element_type=\"column\" data-e-type=\"column\">\n\t\t\t<div class=\"elementor-widget-wrap elementor-element-populated\">\n\t\t\t\t\t\t<div class=\"elementor-element elementor-element-607bafe elementor-widget elementor-widget-text-editor\" data-id=\"607bafe\" data-element_type=\"widget\" data-e-type=\"widget\" data-widget_type=\"text-editor.default\">\n\t\t\t\t<div class=\"elementor-widget-container\">\n\t\t\t\t\t\t\t\t\t<p>Umetnost je bila podeljena u razli\u010dite prostorije po kategorijama- umetnost koja je bila bogohulna, umetnost jevrejskih ili komunisti\u010dkih umetnika, umetnost koja je kritikovala nema\u010dke vojnike, umetnost koja je vre\u0111ala \u010dast nema\u010dkih \u017eena.<\/p><p>Jedna soba prikazivala je potpuno apstraktne slike i nosila je oznaku \u201esoba ludila\u201c.<\/p>\t\t\t\t\t\t\t\t<\/div>\n\t\t\t\t<\/div>\n\t\t\t\t\t<\/div>\n\t\t<\/div>\n\t\t\t\t\t<\/div>\n\t\t<\/section>\n\t\t\t\t<section class=\"elementor-section elementor-top-section elementor-element elementor-element-691b169 elementor-section-boxed elementor-section-height-default elementor-section-height-default qodef-elementor-content-no\" data-id=\"691b169\" data-element_type=\"section\" data-e-type=\"section\">\n\t\t\t\t\t\t<div class=\"elementor-container elementor-column-gap-default\">\n\t\t\t\t\t<div class=\"elementor-column elementor-col-100 elementor-top-column elementor-element elementor-element-fc8fd00\" data-id=\"fc8fd00\" data-element_type=\"column\" data-e-type=\"column\">\n\t\t\t<div class=\"elementor-widget-wrap elementor-element-populated\">\n\t\t\t\t\t\t<div class=\"elementor-element elementor-element-417b17a elementor-widget elementor-widget-text-editor\" data-id=\"417b17a\" data-element_type=\"widget\" data-e-type=\"widget\" data-widget_type=\"text-editor.default\">\n\t\t\t\t<div class=\"elementor-widget-container\">\n\t\t\t\t\t\t\t\t\t<blockquote><h5>Na slikama i crte\u017eima ove komore strahota ne mo\u017ee se rec\u0301i \u0161ta je bilo u bolesnom mozgu onih koji su mahali \u010detkom ili olovkom.<\/h5><\/blockquote>\t\t\t\t\t\t\t\t<\/div>\n\t\t\t\t<\/div>\n\t\t\t\t<div class=\"elementor-element elementor-element-254fcdc elementor-widget elementor-widget-text-editor\" data-id=\"254fcdc\" data-element_type=\"widget\" data-e-type=\"widget\" data-widget_type=\"text-editor.default\">\n\t\t\t\t<div class=\"elementor-widget-container\">\n\t\t\t\t\t\t\t\t\t<p>\u00a0navodi se u priru\u010dniku izlo\u017ebe.<\/p><p>Ideja izlo\u017ebe nije bila samo da se ruga modernoj umetnosti, vec\u0301 da podstakne gledaoce da je vide kao simptom zle zavere protiv nema\u010dkog naroda.<\/p><p>Kustosi su se potrudili da prenesu poruku, unajmljujuc\u0301i glumce koji c\u0301e se dru\u017eiti sa gomilom i kritikovati eksponate.<\/p>\t\t\t\t\t\t\t\t<\/div>\n\t\t\t\t<\/div>\n\t\t\t\t\t<\/div>\n\t\t<\/div>\n\t\t\t\t\t<\/div>\n\t\t<\/section>\n\t\t\t\t<section class=\"elementor-section elementor-top-section elementor-element elementor-element-ce353a6 elementor-section-boxed elementor-section-height-default elementor-section-height-default qodef-elementor-content-no\" data-id=\"ce353a6\" data-element_type=\"section\" data-e-type=\"section\">\n\t\t\t\t\t\t<div class=\"elementor-container elementor-column-gap-default\">\n\t\t\t\t\t<div class=\"elementor-column elementor-col-100 elementor-top-column elementor-element elementor-element-b15269d\" data-id=\"b15269d\" data-element_type=\"column\" data-e-type=\"column\">\n\t\t\t<div class=\"elementor-widget-wrap elementor-element-populated\">\n\t\t\t\t\t\t<div class=\"elementor-element elementor-element-a00161b elementor-widget elementor-widget-text-editor\" data-id=\"a00161b\" data-element_type=\"widget\" data-e-type=\"widget\" data-widget_type=\"text-editor.default\">\n\t\t\t\t<div class=\"elementor-widget-container\">\n\t\t\t\t\t\t\t\t\t<p>Izlo\u017eba degenerisanih umetnosti u Minhenu privukla je vi\u0161e od milion posetilaca &#8211; tri puta vi\u0161e od zvani\u010dno podr\u017eane \u00a0Velike Nema\u010dke izlo\u017ebe umetnosti.<\/p><p>Neki su shvatili da bi im to mogla biti poslednja prilika da vide ovu vrstu umetnosti u Nema\u010dkoj, dok su drugi podr\u017eali Hitlerove stavove. Mnogi ljudi su tako\u0111e do\u0161li zbog skandala oko izlo\u017ebe.\u00a0 Ali, nisu samo nacisti\u010dki simpatizeri smatrali da je umetnost odbacujuc\u0301a.<\/p>\t\t\t\t\t\t\t\t<\/div>\n\t\t\t\t<\/div>\n\t\t\t\t<div class=\"elementor-element elementor-element-1379100 elementor-widget elementor-widget-text-editor\" data-id=\"1379100\" data-element_type=\"widget\" data-e-type=\"widget\" data-widget_type=\"text-editor.default\">\n\t\t\t\t<div class=\"elementor-widget-container\">\n\t\t\t\t\t\t\t\t\t<p>Fritz Lustig je bio mladi jevrejski \u0161egrt koji je i\u0161ao da vidi umetni\u010dka dela. Ka\u017ee da \u201eizgleda da nisu mnogo zna\u010dili. Ako su bili portreti, \u010dinilo se da iskrivljuju lica. Ako su to stvari, \u010dinilo se da se prili\u010dno razlikuju od onoga kako su stvari zaista izgledale. Mislim na re\u010d degenerativno- \u010dinilo mi se da je\u00a0 primenjiva \u201c.<\/p>\t\t\t\t\t\t\t\t<\/div>\n\t\t\t\t<\/div>\n\t\t\t\t<div class=\"elementor-element elementor-element-28d6ac5 elementor-widget elementor-widget-text-editor\" data-id=\"28d6ac5\" data-element_type=\"widget\" data-e-type=\"widget\" data-widget_type=\"text-editor.default\">\n\t\t\t\t<div class=\"elementor-widget-container\">\n\t\t\t\t\t\t\t\t\t<p>Izlo\u017eba je obi\u0161la celu Nema\u010dku, gde ju je videlo jo\u0161 milion ljudi.<\/p><p>Nacisti su neke od ovih dela \u00a0kasnije spalili, a mnogim umetnicima ovo je bio po\u010detak vrlo te\u0161kih vremena.<\/p><p>Ali Petropulos ka\u017ee da se za neke ispostavilo da je zabrana od strane nacista imala pozitivnu stranu .<\/p><blockquote><h5>Ovaj\u00a0 umetni\u010dki pravac postao je privla\u010dniji u inostranstvu, ili je \u00a0u antinacisti\u010dkim krugovima dobio vrednosti jer su mu se nacisti usprotivili, i mislim da je dugoro\u010dno bilo dobro da se moderna umetnost posmatra kao ne\u0161to \u0161to su nacisti mrzeli i prezirali.<\/h5><\/blockquote><p>Neki umetnici predstavljeni na izlo\u017ebi danas se smatraju velikanima moderne umetnosti.<\/p><h5>prevod teksta\u00a0<\/h5>\t\t\t\t\t\t\t\t<\/div>\n\t\t\t\t<\/div>\n\t\t\t\t\t<\/div>\n\t\t<\/div>\n\t\t\t\t\t<\/div>\n\t\t<\/section>\n\t\t\t\t<\/div>","protected":false},"excerpt":{"rendered":"<p>Prevod teksta Degenerate art Why Hitler hated modernism, BBC NEWS. Moderna umetnost i nacisti<\/p>","protected":false},"author":1,"featured_media":10005,"comment_status":"closed","ping_status":"open","sticky":false,"template":"","format":"link","meta":{"_jetpack_newsletter_access":"","_jetpack_dont_email_post_to_subs":false,"_jetpack_newsletter_tier_id":0,"_jetpack_memberships_contains_paywalled_content":false,"_jetpack_memberships_contains_paid_content":false,"footnotes":""},"categories":[20],"tags":[100,107],"class_list":["post-9630","post","type-post","status-publish","format-link","has-post-thumbnail","hentry","category-kontrast-u-umetnosti","tag-pariz","tag-nemacka","post_format-post-format-link"],"yoast_head":"<!-- This site is optimized with the Yoast SEO plugin v28.4 - https:\/\/yoast.com\/product\/yoast-seo-wordpress\/ -->\n<title>Moderna umetnost i nacisti &#8902; ARXXITEKTURA<\/title>\n<meta name=\"description\" content=\"Prevod teksta Degenerate art Why Hitler hated modernism, BBC NEWS. Moderna umetnost i nacisti. Za\u0161to je Hitler mrzeo modernizam?\" \/>\n<meta name=\"robots\" content=\"index, follow, max-snippet:-1, max-image-preview:large, max-video-preview:-1\" \/>\n<link rel=\"canonical\" href=\"https:\/\/arxxitektura.rs\/en\/moderna-umetnost-i-nacisti\/\" \/>\n<meta property=\"og:locale\" content=\"en_US\" \/>\n<meta property=\"og:type\" content=\"article\" \/>\n<meta property=\"og:title\" content=\"Moderna umetnost i nacisti &#8902; ARXXITEKTURA\" \/>\n<meta property=\"og:description\" content=\"Prevod teksta Degenerate art Why Hitler hated modernism, BBC NEWS. Moderna umetnost i nacisti. Za\u0161to je Hitler mrzeo modernizam?\" \/>\n<meta property=\"og:url\" content=\"https:\/\/arxxitektura.rs\/en\/moderna-umetnost-i-nacisti\/\" \/>\n<meta property=\"og:site_name\" content=\"ARXXITEKTURA\" \/>\n<meta property=\"article:published_time\" content=\"2023-07-15T15:47:17+00:00\" \/>\n<meta property=\"article:modified_time\" content=\"2025-08-11T17:25:46+00:00\" \/>\n<meta property=\"og:image\" content=\"https:\/\/arxxitektura.rs\/wp-content\/uploads\/2021\/06\/Plakat-za-izlozbu-Degenerativna-umetnost.jpg\" \/>\n\t<meta property=\"og:image:width\" content=\"355\" \/>\n\t<meta property=\"og:image:height\" content=\"499\" \/>\n\t<meta property=\"og:image:type\" content=\"image\/jpeg\" \/>\n<meta name=\"author\" content=\"arxxi_admin\" \/>\n<meta name=\"twitter:card\" content=\"summary_large_image\" \/>\n<meta name=\"twitter:label1\" content=\"Written by\" \/>\n\t<meta name=\"twitter:data1\" content=\"arxxi_admin\" \/>\n\t<meta name=\"twitter:label2\" content=\"Est. reading time\" \/>\n\t<meta name=\"twitter:data2\" content=\"4 minutes\" \/>\n<script type=\"application\/ld+json\" class=\"yoast-schema-graph\">{\"@context\":\"https:\\\/\\\/schema.org\",\"@graph\":[{\"@type\":\"Article\",\"@id\":\"https:\\\/\\\/arxxitektura.rs\\\/moderna-umetnost-i-nacisti\\\/#article\",\"isPartOf\":{\"@id\":\"https:\\\/\\\/arxxitektura.rs\\\/moderna-umetnost-i-nacisti\\\/\"},\"author\":{\"name\":\"arxxi_admin\",\"@id\":\"https:\\\/\\\/arxxitektura.rs\\\/#\\\/schema\\\/person\\\/4d705f725a59e45c7211c1b818ba95c1\"},\"headline\":\"Moderna umetnost i nacisti\",\"datePublished\":\"2023-07-15T15:47:17+00:00\",\"dateModified\":\"2025-08-11T17:25:46+00:00\",\"mainEntityOfPage\":{\"@id\":\"https:\\\/\\\/arxxitektura.rs\\\/moderna-umetnost-i-nacisti\\\/\"},\"wordCount\":898,\"publisher\":{\"@id\":\"https:\\\/\\\/arxxitektura.rs\\\/#\\\/schema\\\/person\\\/4d705f725a59e45c7211c1b818ba95c1\"},\"image\":{\"@id\":\"https:\\\/\\\/arxxitektura.rs\\\/moderna-umetnost-i-nacisti\\\/#primaryimage\"},\"thumbnailUrl\":\"https:\\\/\\\/arxxitektura.rs\\\/wp-content\\\/uploads\\\/2021\\\/06\\\/Plakat-za-izlozbu-Degenerativna-umetnost.jpg\",\"keywords\":[\"Pariz\",\"Nema\u010dka\"],\"articleSection\":[\"Kontrast u umetnosti\"],\"inLanguage\":\"en-US\"},{\"@type\":\"WebPage\",\"@id\":\"https:\\\/\\\/arxxitektura.rs\\\/moderna-umetnost-i-nacisti\\\/\",\"url\":\"https:\\\/\\\/arxxitektura.rs\\\/moderna-umetnost-i-nacisti\\\/\",\"name\":\"Moderna umetnost i nacisti &#8902; ARXXITEKTURA\",\"isPartOf\":{\"@id\":\"https:\\\/\\\/arxxitektura.rs\\\/#website\"},\"primaryImageOfPage\":{\"@id\":\"https:\\\/\\\/arxxitektura.rs\\\/moderna-umetnost-i-nacisti\\\/#primaryimage\"},\"image\":{\"@id\":\"https:\\\/\\\/arxxitektura.rs\\\/moderna-umetnost-i-nacisti\\\/#primaryimage\"},\"thumbnailUrl\":\"https:\\\/\\\/arxxitektura.rs\\\/wp-content\\\/uploads\\\/2021\\\/06\\\/Plakat-za-izlozbu-Degenerativna-umetnost.jpg\",\"datePublished\":\"2023-07-15T15:47:17+00:00\",\"dateModified\":\"2025-08-11T17:25:46+00:00\",\"description\":\"Prevod teksta Degenerate art Why Hitler hated modernism, BBC NEWS. Moderna umetnost i nacisti. Za\u0161to je Hitler mrzeo modernizam?\",\"breadcrumb\":{\"@id\":\"https:\\\/\\\/arxxitektura.rs\\\/moderna-umetnost-i-nacisti\\\/#breadcrumb\"},\"inLanguage\":\"en-US\",\"potentialAction\":[{\"@type\":\"ReadAction\",\"target\":[\"https:\\\/\\\/arxxitektura.rs\\\/moderna-umetnost-i-nacisti\\\/\"]}]},{\"@type\":\"ImageObject\",\"inLanguage\":\"en-US\",\"@id\":\"https:\\\/\\\/arxxitektura.rs\\\/moderna-umetnost-i-nacisti\\\/#primaryimage\",\"url\":\"https:\\\/\\\/arxxitektura.rs\\\/wp-content\\\/uploads\\\/2021\\\/06\\\/Plakat-za-izlozbu-Degenerativna-umetnost.jpg\",\"contentUrl\":\"https:\\\/\\\/arxxitektura.rs\\\/wp-content\\\/uploads\\\/2021\\\/06\\\/Plakat-za-izlozbu-Degenerativna-umetnost.jpg\",\"width\":355,\"height\":499,\"caption\":\"Plakat Minhenske izlo\u017ebe\"},{\"@type\":\"BreadcrumbList\",\"@id\":\"https:\\\/\\\/arxxitektura.rs\\\/moderna-umetnost-i-nacisti\\\/#breadcrumb\",\"itemListElement\":[{\"@type\":\"ListItem\",\"position\":1,\"name\":\"Home\",\"item\":\"https:\\\/\\\/arxxitektura.rs\\\/\"},{\"@type\":\"ListItem\",\"position\":2,\"name\":\"Moderna umetnost i nacisti\"}]},{\"@type\":\"WebSite\",\"@id\":\"https:\\\/\\\/arxxitektura.rs\\\/#website\",\"url\":\"https:\\\/\\\/arxxitektura.rs\\\/\",\"name\":\"ARXXITEKTURA\",\"description\":\"Blog  Umetnost Kontrasta\",\"publisher\":{\"@id\":\"https:\\\/\\\/arxxitektura.rs\\\/#\\\/schema\\\/person\\\/4d705f725a59e45c7211c1b818ba95c1\"},\"potentialAction\":[{\"@type\":\"SearchAction\",\"target\":{\"@type\":\"EntryPoint\",\"urlTemplate\":\"https:\\\/\\\/arxxitektura.rs\\\/?s={search_term_string}\"},\"query-input\":{\"@type\":\"PropertyValueSpecification\",\"valueRequired\":true,\"valueName\":\"search_term_string\"}}],\"inLanguage\":\"en-US\"},{\"@type\":[\"Person\",\"Organization\"],\"@id\":\"https:\\\/\\\/arxxitektura.rs\\\/#\\\/schema\\\/person\\\/4d705f725a59e45c7211c1b818ba95c1\",\"name\":\"arxxi_admin\",\"image\":{\"@type\":\"ImageObject\",\"inLanguage\":\"en-US\",\"@id\":\"https:\\\/\\\/arxxitektura.rs\\\/wp-content\\\/uploads\\\/2021\\\/06\\\/portret-za-avatar.jpg\",\"url\":\"https:\\\/\\\/arxxitektura.rs\\\/wp-content\\\/uploads\\\/2021\\\/06\\\/portret-za-avatar.jpg\",\"contentUrl\":\"https:\\\/\\\/arxxitektura.rs\\\/wp-content\\\/uploads\\\/2021\\\/06\\\/portret-za-avatar.jpg\",\"width\":281,\"height\":500,\"caption\":\"arxxi_admin\"},\"logo\":{\"@id\":\"https:\\\/\\\/arxxitektura.rs\\\/wp-content\\\/uploads\\\/2021\\\/06\\\/portret-za-avatar.jpg\"},\"description\":\"Arhitekta po obrazovanju . Istra\u017eujem teoretske osnove izgradnje savremenih objekata u istorijskom gradskom jezgru . Za\u0161tita istorijskog nasle\u0111a kroz revitalizaciju - novi \u017eivot za stare objekte .\",\"sameAs\":[\"https:\\\/\\\/arxxitektura.rs\",\"https:\\\/\\\/www.instagram.com\\\/arxxitekt\\\/\",\"https:\\\/\\\/www.pinterest.com\\\/artofcontrasting\\\/\",\"https:\\\/\\\/www.youtube.com\\\/channel\\\/UCAQHSoecXQ2ppMNFcrAO-4w\"]}]}<\/script>\n<!-- \/ Yoast SEO plugin. -->","yoast_head_json":{"title":"Moderna umetnost i nacisti &#8902; ARXXITEKTURA","description":"Prevod teksta Degenerate art Why Hitler hated modernism, BBC NEWS. Moderna umetnost i nacisti. Za\u0161to je Hitler mrzeo modernizam?","robots":{"index":"index","follow":"follow","max-snippet":"max-snippet:-1","max-image-preview":"max-image-preview:large","max-video-preview":"max-video-preview:-1"},"canonical":"https:\/\/arxxitektura.rs\/en\/moderna-umetnost-i-nacisti\/","og_locale":"en_US","og_type":"article","og_title":"Moderna umetnost i nacisti &#8902; ARXXITEKTURA","og_description":"Prevod teksta Degenerate art Why Hitler hated modernism, BBC NEWS. Moderna umetnost i nacisti. Za\u0161to je Hitler mrzeo modernizam?","og_url":"https:\/\/arxxitektura.rs\/en\/moderna-umetnost-i-nacisti\/","og_site_name":"ARXXITEKTURA","article_published_time":"2023-07-15T15:47:17+00:00","article_modified_time":"2025-08-11T17:25:46+00:00","og_image":[{"width":355,"height":499,"url":"https:\/\/arxxitektura.rs\/wp-content\/uploads\/2021\/06\/Plakat-za-izlozbu-Degenerativna-umetnost.jpg","type":"image\/jpeg"}],"author":"arxxi_admin","twitter_card":"summary_large_image","twitter_misc":{"Written by":"arxxi_admin","Est. reading time":"4 minutes"},"schema":{"@context":"https:\/\/schema.org","@graph":[{"@type":"Article","@id":"https:\/\/arxxitektura.rs\/moderna-umetnost-i-nacisti\/#article","isPartOf":{"@id":"https:\/\/arxxitektura.rs\/moderna-umetnost-i-nacisti\/"},"author":{"name":"arxxi_admin","@id":"https:\/\/arxxitektura.rs\/#\/schema\/person\/4d705f725a59e45c7211c1b818ba95c1"},"headline":"Moderna umetnost i nacisti","datePublished":"2023-07-15T15:47:17+00:00","dateModified":"2025-08-11T17:25:46+00:00","mainEntityOfPage":{"@id":"https:\/\/arxxitektura.rs\/moderna-umetnost-i-nacisti\/"},"wordCount":898,"publisher":{"@id":"https:\/\/arxxitektura.rs\/#\/schema\/person\/4d705f725a59e45c7211c1b818ba95c1"},"image":{"@id":"https:\/\/arxxitektura.rs\/moderna-umetnost-i-nacisti\/#primaryimage"},"thumbnailUrl":"https:\/\/arxxitektura.rs\/wp-content\/uploads\/2021\/06\/Plakat-za-izlozbu-Degenerativna-umetnost.jpg","keywords":["Pariz","Nema\u010dka"],"articleSection":["Kontrast u umetnosti"],"inLanguage":"en-US"},{"@type":"WebPage","@id":"https:\/\/arxxitektura.rs\/moderna-umetnost-i-nacisti\/","url":"https:\/\/arxxitektura.rs\/moderna-umetnost-i-nacisti\/","name":"Moderna umetnost i nacisti &#8902; ARXXITEKTURA","isPartOf":{"@id":"https:\/\/arxxitektura.rs\/#website"},"primaryImageOfPage":{"@id":"https:\/\/arxxitektura.rs\/moderna-umetnost-i-nacisti\/#primaryimage"},"image":{"@id":"https:\/\/arxxitektura.rs\/moderna-umetnost-i-nacisti\/#primaryimage"},"thumbnailUrl":"https:\/\/arxxitektura.rs\/wp-content\/uploads\/2021\/06\/Plakat-za-izlozbu-Degenerativna-umetnost.jpg","datePublished":"2023-07-15T15:47:17+00:00","dateModified":"2025-08-11T17:25:46+00:00","description":"Prevod teksta Degenerate art Why Hitler hated modernism, BBC NEWS. Moderna umetnost i nacisti. Za\u0161to je Hitler mrzeo modernizam?","breadcrumb":{"@id":"https:\/\/arxxitektura.rs\/moderna-umetnost-i-nacisti\/#breadcrumb"},"inLanguage":"en-US","potentialAction":[{"@type":"ReadAction","target":["https:\/\/arxxitektura.rs\/moderna-umetnost-i-nacisti\/"]}]},{"@type":"ImageObject","inLanguage":"en-US","@id":"https:\/\/arxxitektura.rs\/moderna-umetnost-i-nacisti\/#primaryimage","url":"https:\/\/arxxitektura.rs\/wp-content\/uploads\/2021\/06\/Plakat-za-izlozbu-Degenerativna-umetnost.jpg","contentUrl":"https:\/\/arxxitektura.rs\/wp-content\/uploads\/2021\/06\/Plakat-za-izlozbu-Degenerativna-umetnost.jpg","width":355,"height":499,"caption":"Plakat Minhenske izlo\u017ebe"},{"@type":"BreadcrumbList","@id":"https:\/\/arxxitektura.rs\/moderna-umetnost-i-nacisti\/#breadcrumb","itemListElement":[{"@type":"ListItem","position":1,"name":"Home","item":"https:\/\/arxxitektura.rs\/"},{"@type":"ListItem","position":2,"name":"Moderna umetnost i nacisti"}]},{"@type":"WebSite","@id":"https:\/\/arxxitektura.rs\/#website","url":"https:\/\/arxxitektura.rs\/","name":"ARXXITEKTURA","description":"Blog  Umetnost Kontrasta","publisher":{"@id":"https:\/\/arxxitektura.rs\/#\/schema\/person\/4d705f725a59e45c7211c1b818ba95c1"},"potentialAction":[{"@type":"SearchAction","target":{"@type":"EntryPoint","urlTemplate":"https:\/\/arxxitektura.rs\/?s={search_term_string}"},"query-input":{"@type":"PropertyValueSpecification","valueRequired":true,"valueName":"search_term_string"}}],"inLanguage":"en-US"},{"@type":["Person","Organization"],"@id":"https:\/\/arxxitektura.rs\/#\/schema\/person\/4d705f725a59e45c7211c1b818ba95c1","name":"arxxi_admin","image":{"@type":"ImageObject","inLanguage":"en-US","@id":"https:\/\/arxxitektura.rs\/wp-content\/uploads\/2021\/06\/portret-za-avatar.jpg","url":"https:\/\/arxxitektura.rs\/wp-content\/uploads\/2021\/06\/portret-za-avatar.jpg","contentUrl":"https:\/\/arxxitektura.rs\/wp-content\/uploads\/2021\/06\/portret-za-avatar.jpg","width":281,"height":500,"caption":"arxxi_admin"},"logo":{"@id":"https:\/\/arxxitektura.rs\/wp-content\/uploads\/2021\/06\/portret-za-avatar.jpg"},"description":"Architect by education. I am researching the theoretical foundations of the construction of modern buildings in the historic city core. Protection of historical heritage through revitalization - new life for old buildings.","sameAs":["https:\/\/arxxitektura.rs","https:\/\/www.instagram.com\/arxxitekt\/","https:\/\/www.pinterest.com\/artofcontrasting\/","https:\/\/www.youtube.com\/channel\/UCAQHSoecXQ2ppMNFcrAO-4w"]}]}},"jetpack_sharing_enabled":true,"jetpack_featured_media_url":"https:\/\/arxxitektura.rs\/wp-content\/uploads\/2021\/06\/Plakat-za-izlozbu-Degenerativna-umetnost.jpg","_links":{"self":[{"href":"https:\/\/arxxitektura.rs\/en\/wp-json\/wp\/v2\/posts\/9630","targetHints":{"allow":["GET"]}}],"collection":[{"href":"https:\/\/arxxitektura.rs\/en\/wp-json\/wp\/v2\/posts"}],"about":[{"href":"https:\/\/arxxitektura.rs\/en\/wp-json\/wp\/v2\/types\/post"}],"author":[{"embeddable":true,"href":"https:\/\/arxxitektura.rs\/en\/wp-json\/wp\/v2\/users\/1"}],"replies":[{"embeddable":true,"href":"https:\/\/arxxitektura.rs\/en\/wp-json\/wp\/v2\/comments?post=9630"}],"version-history":[{"count":171,"href":"https:\/\/arxxitektura.rs\/en\/wp-json\/wp\/v2\/posts\/9630\/revisions"}],"predecessor-version":[{"id":17028,"href":"https:\/\/arxxitektura.rs\/en\/wp-json\/wp\/v2\/posts\/9630\/revisions\/17028"}],"wp:featuredmedia":[{"embeddable":true,"href":"https:\/\/arxxitektura.rs\/en\/wp-json\/wp\/v2\/media\/10005"}],"wp:attachment":[{"href":"https:\/\/arxxitektura.rs\/en\/wp-json\/wp\/v2\/media?parent=9630"}],"wp:term":[{"taxonomy":"category","embeddable":true,"href":"https:\/\/arxxitektura.rs\/en\/wp-json\/wp\/v2\/categories?post=9630"},{"taxonomy":"post_tag","embeddable":true,"href":"https:\/\/arxxitektura.rs\/en\/wp-json\/wp\/v2\/tags?post=9630"}],"curies":[{"name":"wp","href":"https:\/\/api.w.org\/{rel}","templated":true}]}}